{"id":9478,"date":"2012-11-05T09:57:41","date_gmt":"2012-11-05T08:57:41","guid":{"rendered":"http:\/\/blog.sub.uni-hamburg.de\/?p=9478"},"modified":"2022-02-17T16:11:33","modified_gmt":"2022-02-17T15:11:33","slug":"exponat-des-monats-philipp-otto-runge-21-11","status":"publish","type":"post","link":"https:\/\/blog.sub.uni-hamburg.de\/?p=9478","title":{"rendered":"Exponat des Monats: Philipp Otto Runge (21.11.)"},"content":{"rendered":"<p><a href=\"https:\/\/blog.sub.uni-hamburg.de\/wp-content\/uploads\/2012\/10\/12-November-npor_d_238_r_vortrag.jpg\"><img loading=\"lazy\" decoding=\"async\" src=\"https:\/\/blog.sub.uni-hamburg.de\/wp-content\/uploads\/2012\/10\/edm-12-November.jpg\" alt=\"Philipp Otto Runge \u2013 Abschrift aus Tiecks 'Minneliedern' (1803)\" title=\"Philipp Otto Runge \u2013 Abschrift aus Tiecks 'Minneliedern' (1803)\" width=\"350\" height=\"436\" style=\"float: right; padding-top: 3px; padding-right: 0px; margin-left: 25px; margin-bottom: 25px;\" \/><\/a><strong>Aus den Sondersammlungen:<br \/>\nExponat des Monats<br \/>\nPhilipp Otto Runge \u2013 Abschrift aus Tiecks \u201eMinneliedern\u201c (1803) <\/strong><\/p>\n<p>Anl\u00e4sslich des 200. Todestages des Malers Philipp Otto Runge (1777-1810) wurde 2010\/11 in der Hamburger Kunsthalle und in der Hypo-Kulturstiftung in M\u00fcnchen die Ausstellung \u00abKosmos Runge. Der Morgen der Romantik\u00bb gezeigt (Vorstellung der Hamburger Runge-Ausstellung in der <a href=\"http:\/\/www.faz.net\/aktuell\/feuilleton\/kunst\/philipp-otto-runge-in-hamburg-nachts-im-museum-11087230.html\">FAZ<\/a>). <\/p>\n<p>Im Rahmen dieser gro\u00dfen Retrospektive war aus dem in der Staatsbibliothek Hamburg aufbewahrten Runge-Teilnachlass auch eine lange Zeit verschollen geglaubte Federzeichnung zu den so genannten \u201eTieck-Vignetten\u201c zu sehen, die einzige erhaltene Zeichnung zu einem der Kupferstiche, die Runge f\u00fcr den von Ludwig Tieck herausgegeben Band Minnelieder aus dem Schw\u00e4bischen Zeitalter (Berlin 1803) anfertigte. Diese Federzeichnung illustriert die erste Seite eines d\u00fcnnen Heftes, das Runge seiner Braut Pauline Bassenge schenkte. Das Heft selbst enth\u00e4lt zw\u00f6lf Gedichte aus Tiecks Minneliedern, die Runge f\u00fcr seine Braut ausw\u00e4hlte und abschrieb. Als Exponat des Monats November pr\u00e4sentiert unser Kurator der Nachl\u00e4sse, Dr. Mark Emanuel Amtst\u00e4tter, nun gesondert noch einmal diese Abschrift und die darin enthaltene Federzeichnung. <\/p>\n<p><strong>Mittwoch, 21. November 2012, 16.15 h<br \/>\nOrt: Handschriftenlesesaal, 1. Etage, Eingang Lesesaal 1. <\/strong><\/p>\n<p><a href=\"https:\/\/www.sub.uni-hamburg.de\/bibliotheken\/ausstellungen-und-veranstaltungen\/online-ausstellungen\/exponate-des-monats\/expo-des-monats.html\"><img loading=\"lazy\" decoding=\"async\" style=\"float: left; padding-top: 0px; padding-left: 0px; margin-right: 25px; margin-bottom: 25px;\" title=\"Blogreihe der Sondersammlungen: Exponat des Monats\" src=\"https:\/\/blog.sub.uni-hamburg.de\/wp-content\/uploads\/2010\/12\/exponatdm-120.jpg\" alt=\"Sondersammlungen: Exponat des Monats\" width=\"120\" height=\"120\" \/><\/a> <\/p>\n<p>Die Sondersammlungen pr\u00e4sentieren immer am dritten Mittwoch des Monats ein originales Sammlungsst\u00fcck im Handschriftenlesesaal. Auf der Website der Stabi werden sie in einer stetig wachsenden <a href=\"https:\/\/www.sub.uni-hamburg.de\/bibliotheken\/ausstellungen-und-veranstaltungen\/online-ausstellungen\/exponate-des-monats\/expo-des-monats.html\">Online-Ausstellung<\/a> pr\u00e4sentiert. Das aktuelle Exponat des Monats November finden Sie hier ausf\u00fchrlich beschrieben: <a href=\"https:\/\/www.sub.uni-hamburg.de\/bibliotheken\/ausstellungen-und-veranstaltungen\/online-ausstellungen\/exponate-des-monats\/november-2012.html\">Philipp Otto Runge \u2013 Abschrift aus Tiecks \u201eMinneliedern\u201c (1803)<\/a>.<\/p>\n","protected":false},"excerpt":{"rendered":"<p>Aus den Sondersammlungen: Exponat des Monats Philipp Otto Runge \u2013 Abschrift aus Tiecks \u201eMinneliedern\u201c (1803) Anl\u00e4sslich des 200. Todestages des Malers Philipp Otto Runge (1777-1810) wurde 2010\/11 in der Hamburger Kunsthalle und in der Hypo-Kulturstiftung in M\u00fcnchen die Ausstellung \u00abKosmos Runge. Der Morgen der Romantik\u00bb gezeigt (Vorstellung der Hamburger Runge-Ausstellung in der FAZ). Im Rahmen [&hellip;]<\/p>\n","protected":false},"author":19,"featured_media":0,"comment_status":"open","ping_status":"open","sticky":false,"template":"","format":"standard","meta":{"jetpack_post_was_ever_published":false,"_jetpack_newsletter_access":"","_jetpack_dont_email_post_to_subs":false,"_jetpack_newsletter_tier_id":0,"_jetpack_memberships_contains_paywalled_content":false,"_jetpack_memberships_contains_paid_content":false,"footnotes":"","jetpack_publicize_message":"","jetpack_publicize_feature_enabled":true,"jetpack_social_post_already_shared":false,"jetpack_social_options":{"image_generator_settings":{"template":"highway","default_image_id":0,"font":"","enabled":false},"version":2}},"categories":[9,13],"tags":[],"class_list":["post-9478","post","type-post","status-publish","format-standard","hentry","category-ausstellungen","category-das-besondere-buch"],"views":9593,"jetpack_publicize_connections":[],"jetpack_featured_media_url":"","jetpack_shortlink":"https:\/\/wp.me\/p7hfNR-2sS","jetpack-related-posts":[{"id":11445,"url":"https:\/\/blog.sub.uni-hamburg.de\/?p=11445","url_meta":{"origin":9478,"position":0},"title":"Stabi im Louvre","author":"Markus Trapp","date":"26-03-13","format":false,"excerpt":"Der Pariser Louvre zeigt im Rahmen der Ausstellung \u201eDe l'Allemagne, 1800-1939. De Friedrich \u00e0 Beckmann\u201c (28. M\u00e4rz bis 24. Juni) den Scherenschnitt eines \u00c4hrenb\u00fcndels von Philipp Otto Runge. Dieser Scherenschnitt ist Teil des Runge-Bestandes der Staatsbibliothek. Die Pflanzenscherenschnitte machen etwa drei Viertel aller noch existierenden Scherenschnitte des K\u00fcnstlers aus und\u2026","rel":"","context":"In &quot;Ausstellungen und Veranstaltungen&quot;","block_context":{"text":"Ausstellungen und Veranstaltungen","link":"https:\/\/blog.sub.uni-hamburg.de\/?cat=9"},"img":{"alt_text":"","src":"https:\/\/i0.wp.com\/blog.sub.uni-hamburg.de\/wp-content\/uploads\/2013\/03\/aehren-runge.jpg?resize=350%2C200&ssl=1","width":350,"height":200},"classes":[]},{"id":3811,"url":"https:\/\/blog.sub.uni-hamburg.de\/?p=3811","url_meta":{"origin":9478,"position":1},"title":"Runge-Ausstellung mit Nachlass-Materialien aus der Stabi","author":"MG","date":"07-12-10","format":false,"excerpt":"Zum 200. Todestag des Malers Philipp Otto Runge (1777-1810) zeigt die Hamburger Kunsthalle vom 2.12.2010 bis 23.3.2011 die gro\u00dfe Ausstellung Kosmos Runge. Der Morgen der Romantik. Damit wird Runge, der neben Caspar David Friedrich als zweite Schl\u00fcsselfigur der Bildkunst der deutschen Romantik gilt, endlich seit Jahrzehnten wieder eine umfassende Pr\u00e4sentation\u2026","rel":"","context":"In &quot;Sch\u00e4tze der Stabi&quot;","block_context":{"text":"Sch\u00e4tze der Stabi","link":"https:\/\/blog.sub.uni-hamburg.de\/?cat=13"},"img":{"alt_text":"\u00c4hrenb\u00fcschel. Wei\u00dfer Scherenschnitt auf schwarzem Papier","src":"https:\/\/i0.wp.com\/blog.sub.uni-hamburg.de\/wp-content\/uploads\/2010\/12\/runge2-kl.jpg?resize=350%2C200&ssl=1","width":350,"height":200},"classes":[]},{"id":1151,"url":"https:\/\/blog.sub.uni-hamburg.de\/?p=1151","url_meta":{"origin":9478,"position":2},"title":"Ausstellungser\u00f6ffnung &#8220;Papier &#8211; Gekonnte Schnitte&#8221; (17.12., 19 Uhr)","author":"MG","date":"11-12-08","format":false,"excerpt":"Die Kabinettausstellung der Staats- und Universit\u00e4tsbibliothek Hamburg widmet sich dem Thema Papier auf eine ungew\u00f6hnliche Weise. Das Papier ist nicht Tr\u00e4ger eines gedruckten Bildes, eines Textes oder einer Zeichnung, sondern erh\u00e4lt durch die Art der Bearbeitung und Verwendung k\u00fcnstlerische Qualit\u00e4t. Zu sehen ist eine Auswahl von historischen und zeitgen\u00f6ssischen Papierarbeiten,\u2026","rel":"","context":"In &quot;Ausstellungen und Veranstaltungen&quot;","block_context":{"text":"Ausstellungen und Veranstaltungen","link":"https:\/\/blog.sub.uni-hamburg.de\/?cat=9"},"img":{"alt_text":"","src":"","width":0,"height":0},"classes":[]},{"id":537,"url":"https:\/\/blog.sub.uni-hamburg.de\/?p=537","url_meta":{"origin":9478,"position":3},"title":"Erlesen &#8211; Die Sondersammlungen der Staats- und Universit\u00e4tsbibliothek (9.6.-19.8.2007)","author":"MG","date":"03-05-07","format":false,"excerpt":"Zur \u201eNacht des Wissens\u201c am 9. Juni \u00f6ffnet die Bibliothek ihre Schatzkammern und l\u00e4sst 5.000 Jahre Schriftkultur lebendig werden. Pr\u00e4sentiert werden Kostbarkeiten aus den einzigartigen Sondersammlungen der Bibliothek: Assyrische Tont\u00e4felchen, griechische Ostraka, Papyri und Palmblatthandschriften, das Elfenbein-Evangeliar aus dem Hamburger Domschatz (siehe Abbildung), Wiegendrucke, Exponate aus den Einband-, Portr\u00e4t- und\u2026","rel":"","context":"In &quot;Ausstellungen und Veranstaltungen&quot;","block_context":{"text":"Ausstellungen und Veranstaltungen","link":"https:\/\/blog.sub.uni-hamburg.de\/?cat=9"},"img":{"alt_text":"","src":"","width":0,"height":0},"classes":[]},{"id":12603,"url":"https:\/\/blog.sub.uni-hamburg.de\/?p=12603","url_meta":{"origin":9478,"position":4},"title":"Erfolgsmodell Genossenschaften \u2013  Wege in die nachhaltige Wirtschaft (10.9.)","author":"Markus Trapp","date":"03-09-13","format":false,"excerpt":"Die Friedrich-Naumann-Stiftung f\u00fcr die Freiheit l\u00e4dt ein zu folgender Veranstaltung am 10. September von 19 bis 21 Uhr im Vortragsraum der Stabi: Erfolgsmodell Genossenschaften \u2013 Wege in die nachhaltige Wirtschaft Der Sektor genossenschaftlicher Unternehmen stellt in Deutschland einen bedeutenden Wirtschaftsfaktor dar, der in der \u00d6ffentlichkeit bisher allerdings eher wenig wahrgenommen\u2026","rel":"","context":"In &quot;Ausstellungen und Veranstaltungen&quot;","block_context":{"text":"Ausstellungen und Veranstaltungen","link":"https:\/\/blog.sub.uni-hamburg.de\/?cat=9"},"img":{"alt_text":"Friedrich-Naumann-Stiftung f\u00fcr die Freiheit","src":"https:\/\/i0.wp.com\/blog.sub.uni-hamburg.de\/wp-content\/uploads\/2011\/11\/naumann-stiftung.jpg?resize=350%2C200&ssl=1","width":350,"height":200},"classes":[]},{"id":8355,"url":"https:\/\/blog.sub.uni-hamburg.de\/?p=8355","url_meta":{"origin":9478,"position":5},"title":"Interessantes zum Expo des Monats Juni: \u00abAdam Olearius\u00bb","author":"Markus Trapp","date":"28-06-12","format":false,"excerpt":"Gestern hat Kollegin Antje Theise in unserer beliebten und mittlerweile schon traditionellen Veranstaltungsreihe \u00abExponat des Monats\u00bb den Orientalischen Reisebericht von Adam Olearius vorgestellt. In ihrer Pr\u00e4sentation, die Sie auch als Virtuelle Ausstellung unter dem Titel \u00abAdam Olearius und sein Geschenk an die Gottorfer Herzogin\u00bb betrachten k\u00f6nnen, hat die Referentin f\u00fcr\u2026","rel":"","context":"In &quot;Ausstellungen und Veranstaltungen&quot;","block_context":{"text":"Ausstellungen und Veranstaltungen","link":"https:\/\/blog.sub.uni-hamburg.de\/?cat=9"},"img":{"alt_text":"Antje Theise (li.) pr\u00e4sentiert im Handschriftenlesesaal das Expo des Monats Juni: \u00abAdam Olearius\u00bb","src":"https:\/\/i0.wp.com\/blog.sub.uni-hamburg.de\/wp-content\/uploads\/2012\/06\/edm-olearius-06-2012.jpg?resize=350%2C200&ssl=1","width":350,"height":200},"classes":[]}],"jetpack_sharing_enabled":true,"_links":{"self":[{"href":"https:\/\/blog.sub.uni-hamburg.de\/index.php?rest_route=\/wp\/v2\/posts\/9478","targetHints":{"allow":["GET"]}}],"collection":[{"href":"https:\/\/blog.sub.uni-hamburg.de\/index.php?rest_route=\/wp\/v2\/posts"}],"about":[{"href":"https:\/\/blog.sub.uni-hamburg.de\/index.php?rest_route=\/wp\/v2\/types\/post"}],"author":[{"embeddable":true,"href":"https:\/\/blog.sub.uni-hamburg.de\/index.php?rest_route=\/wp\/v2\/users\/19"}],"replies":[{"embeddable":true,"href":"https:\/\/blog.sub.uni-hamburg.de\/index.php?rest_route=%2Fwp%2Fv2%2Fcomments&post=9478"}],"version-history":[{"count":15,"href":"https:\/\/blog.sub.uni-hamburg.de\/index.php?rest_route=\/wp\/v2\/posts\/9478\/revisions"}],"predecessor-version":[{"id":32776,"href":"https:\/\/blog.sub.uni-hamburg.de\/index.php?rest_route=\/wp\/v2\/posts\/9478\/revisions\/32776"}],"wp:attachment":[{"href":"https:\/\/blog.sub.uni-hamburg.de\/index.php?rest_route=%2Fwp%2Fv2%2Fmedia&parent=9478"}],"wp:term":[{"taxonomy":"category","embeddable":true,"href":"https:\/\/blog.sub.uni-hamburg.de\/index.php?rest_route=%2Fwp%2Fv2%2Fcategories&post=9478"},{"taxonomy":"post_tag","embeddable":true,"href":"https:\/\/blog.sub.uni-hamburg.de\/index.php?rest_route=%2Fwp%2Fv2%2Ftags&post=9478"}],"curies":[{"name":"wp","href":"https:\/\/api.w.org\/{rel}","templated":true}]}}