{"id":8950,"date":"2012-09-05T12:38:40","date_gmt":"2012-09-05T10:38:40","guid":{"rendered":"http:\/\/blog.sub.uni-hamburg.de\/?p=8950"},"modified":"2022-08-24T15:42:52","modified_gmt":"2022-08-24T13:42:52","slug":"ausstellung-in-der-martha-muchow-bibliothek","status":"publish","type":"post","link":"https:\/\/blog.sub.uni-hamburg.de\/?p=8950","title":{"rendered":"Ausstellung in der Martha-Muchow-Bibliothek"},"content":{"rendered":"<p><a href=\"http:\/\/www.uni-hamburg.de\/fachbereiche-einrichtungen\/fak_4\/bibliothek\/muchow.html\"><img loading=\"lazy\" decoding=\"async\" data-attachment-id=\"8951\" data-permalink=\"https:\/\/blog.sub.uni-hamburg.de\/?attachment_id=8951\" data-orig-file=\"https:\/\/blog.sub.uni-hamburg.de\/wp-content\/uploads\/2012\/09\/marthamuchow.jpg\" data-orig-size=\"195,300\" data-comments-opened=\"1\" data-image-meta=\"{&quot;aperture&quot;:&quot;0&quot;,&quot;credit&quot;:&quot;&quot;,&quot;camera&quot;:&quot;&quot;,&quot;caption&quot;:&quot;&quot;,&quot;created_timestamp&quot;:&quot;0&quot;,&quot;copyright&quot;:&quot;&quot;,&quot;focal_length&quot;:&quot;0&quot;,&quot;iso&quot;:&quot;0&quot;,&quot;shutter_speed&quot;:&quot;0&quot;,&quot;title&quot;:&quot;&quot;}\" data-image-title=\"Martha Muchow\" data-image-description=\"\" data-image-caption=\"\" data-large-file=\"https:\/\/blog.sub.uni-hamburg.de\/wp-content\/uploads\/2012\/09\/marthamuchow.jpg\" src=\"https:\/\/blog.sub.uni-hamburg.de\/wp-content\/uploads\/2012\/09\/marthamuchow.jpg\" alt=\"Martha Muchow\" title=\"Martha Muchow\" width=\"195\" height=\"300\" class=\"alignright size-full wp-image-8951\" style=\"padding-top:0px; margin-bottom:15px;\" \/><\/a> Der Geburtstag der P\u00e4dagogin und Psychologin <a href=\"http:\/\/www.uni-hamburg.de\/fachbereiche-einrichtungen\/fak_4\/bibliothek\/muchow.html\">Martha Muchow<\/a> j\u00e4hrt sich am 25.9.2012 zum 120-ten mal. Dies ist Anlass, die erstaunlich breite Nachwirkung der fast vergessenen Wissenschaftlerin aufzugreifen. Der Juventa-Verlag gibt zu diesem Zeitpunkt ihr wohl bekanntestes Werk \u201eDer Lebensraum des Gro\u00dfstadtkindes\u201c erneut heraus (hrsg. Imbke Behnken und Michael-Sebastian Honig). Au\u00dferdem erscheint ein Band zu ihrem Leben, Werk und Weiterwirken unter dem Titel \u201eLebenswege und Lernr\u00e4ume\u201c (Autor\/innen Hannelore Faulstich-Wieland und Peter Faulstich).<\/p>\n<p><a href=\"https:\/\/blog.sub.uni-hamburg.de\/wp-content\/uploads\/2012\/09\/BuesteMarthaMuchow02.jpg\"><img loading=\"lazy\" decoding=\"async\" src=\"https:\/\/blog.sub.uni-hamburg.de\/wp-content\/uploads\/2012\/09\/BuesteMarthaMuchow02-205x300.jpg\" alt=\"B\u00fcste Martha Muchow\" title=\"B\u00fcste Martha Muchow\" width=\"205\" height=\"300\" style=\"float: left; padding-left:0px; margin-right:30px; margin-bottom:35px;\" \/><\/a> Die Hamburger Wissenschaftlerin Martha Muchow (1892\u20131933) hat f\u00fcr ihre Arbeit gelebt Die Schwerpunkte lagen auf den Gebieten Begabungsforschung, Schulgestaltung, Kinderpsychologie, Kindergartenp\u00e4dagogik sowie Lebensraum- und Entwicklungstheorie. Mit ihrer multiperspektivischen und -methodischen Herangehensweise verstand sie es, Psychologie mit P\u00e4dagogik, Theorie mit Empirie und wissenschaftliche Forschung mit konkretem Praxisbezug zu verbinden, wobei sie die Perspektive der Kinder einbezog. Ihre Biografie ist im Wesentlichen durch die Zusammenarbeit mit William Stern am Psychologischen Institut der Hamburgischen Universit\u00e4t sowie durch die Macht\u00fcbernahme durch die Nationalsozialisten gepr\u00e4gt, die ihr berufliches und privates Umfeld zerst\u00f6rte.<\/p>\n<p>Die Fakult\u00e4t f\u00fcr Erziehungswissenschaft, Psychologie und Bewegungswissenschaft nutzt dieses Datum, um in der nach Martha Muchow benannten <a href=\"http:\/\/www.uni-hamburg.de\/fachbereiche-einrichtungen\/fak_4\/bibliothek\/\">Fakult\u00e4tsbibliothek<\/a> eine <strong>Ausstellung zu Martha Muchow<\/strong> zu zeigen und mit einordnenden Vortr\u00e4gen zu begleiten. <strong>Die Er\u00f6ffnung wird am Dienstag, den 25.9.2012 von 15 bis 17 Uhr sein.<\/strong> Die Ausstellung soll bis Ende des Jahres zu sehen sein, zum Teil werden die Exponate, zum Beispiel eine B\u00fcste (s. Abb. oben), dauerhaft in der Bibliothek verbleiben.<\/p>\n","protected":false},"excerpt":{"rendered":"<p>Der Geburtstag der P\u00e4dagogin und Psychologin Martha Muchow j\u00e4hrt sich am 25.9.2012 zum 120-ten mal. Dies ist Anlass, die erstaunlich breite Nachwirkung der fast vergessenen Wissenschaftlerin aufzugreifen. Der Juventa-Verlag gibt zu diesem Zeitpunkt ihr wohl bekanntestes Werk \u201eDer Lebensraum des Gro\u00dfstadtkindes\u201c erneut heraus (hrsg. Imbke Behnken und Michael-Sebastian Honig). Au\u00dferdem erscheint ein Band zu ihrem [&hellip;]<\/p>\n","protected":false},"author":19,"featured_media":0,"comment_status":"open","ping_status":"open","sticky":false,"template":"","format":"standard","meta":{"jetpack_post_was_ever_published":false,"_jetpack_newsletter_access":"","_jetpack_dont_email_post_to_subs":false,"_jetpack_newsletter_tier_id":0,"_jetpack_memberships_contains_paywalled_content":false,"_jetpack_memberships_contains_paid_content":false,"footnotes":"","jetpack_publicize_message":"","jetpack_publicize_feature_enabled":true,"jetpack_social_post_already_shared":false,"jetpack_social_options":{"image_generator_settings":{"template":"highway","default_image_id":0,"font":"","enabled":false},"version":2}},"categories":[9,15,17],"tags":[29],"class_list":["post-8950","post","type-post","status-publish","format-standard","hentry","category-ausstellungen","category-fachbibliotheken","category-hamburg","tag-hamburg-2"],"views":5112,"jetpack_publicize_connections":[],"jetpack_featured_media_url":"","jetpack_shortlink":"https:\/\/wp.me\/p7hfNR-2km","jetpack-related-posts":[{"id":31575,"url":"https:\/\/blog.sub.uni-hamburg.de\/?p=31575","url_meta":{"origin":8950,"position":0},"title":"Stellenausschreibung Martha-Muchow-Bibliothek (E6)","author":"Markus Trapp","date":"15-07-21","format":false,"excerpt":"Die Martha-Muchow-Bibliothek der Fakult\u00e4t f\u00fcr Erziehungswissenschaften sucht eine\/n Fachangestellte\/n f\u00fcr Medien- und Informationsdienste (EGR. 6 TV-L, Vollzeit, unbefristet). Den vollst\u00e4ndigen Ausschreibungstext finden Sie auf der Website der Universit\u00e4t Hamburg unter: https:\/\/www.uni-hamburg.de\/stellenangebote\/ausschreibung.html?jobID=42b76296d2be144078ef2762f68c0e16af5424f8 Bewerbungsschluss ist der 31.07.2021.","rel":"","context":"In &quot;Aktuelles&quot;","block_context":{"text":"Aktuelles","link":"https:\/\/blog.sub.uni-hamburg.de\/?cat=1"},"img":{"alt_text":"","src":"https:\/\/i0.wp.com\/blog.sub.uni-hamburg.de\/wp-content\/uploads\/2021\/07\/martha-muchow.jpg?resize=350%2C200&ssl=1","width":350,"height":200},"classes":[]},{"id":372,"url":"https:\/\/blog.sub.uni-hamburg.de\/?p=372","url_meta":{"origin":8950,"position":1},"title":"Es ist so weit! Die Martha-Muchow-Bibliothek \u00f6ffnet ihre Pforten am 6.12.","author":"AC","date":"05-12-06","format":false,"excerpt":"Am 6.12. um 12 Uhr wird die Martha-Muchow-Bibliothek - die Bibliothek der Fakult\u00e4t Erziehungswissenschaft, Psychologie und Bewegungswissenschaft - der \u00d6ffentlichkeit \u00fcbergeben. Damit sind nun 5 Bibliotheken, drei erziehungswissenschaftliche, die Psychologie-Bibliothek und die Bibliothek des Fachbereichs Bewegungswissenschaft - unter einem Dach versammelt und keiner muss mehr durch Wind und Regen von\u2026","rel":"","context":"In &quot;Aktuelles&quot;","block_context":{"text":"Aktuelles","link":"https:\/\/blog.sub.uni-hamburg.de\/?cat=1"},"img":{"alt_text":"","src":"","width":0,"height":0},"classes":[]},{"id":341,"url":"https:\/\/blog.sub.uni-hamburg.de\/?p=341","url_meta":{"origin":8950,"position":2},"title":"Aus f\u00fcnf wird eins \u2013 die Martha-Muchow-Bibliothek, Fakult\u00e4tsbibliothek EPB","author":"AC","date":"15-11-06","format":false,"excerpt":"Am 6.12.2006 \u00f6ffnet die Martha-Muchow-Bibliothek, Fakult\u00e4tsbibliothek Erziehungewissenschaft,Psychologie, Bewegungswissenschaft ihre Pforten in der Binderstr. 40. Sie k\u00f6nnen dann montags bis freitags von 8 bis 20 Uhr in der neuen Bibliothek arbeiten.Das alte Werkstattgeb\u00e4ude des Fachbereichs Erziehungswissenschaft wurde vollst\u00e4ndig entkernt und zu einer wundersch\u00f6nen Bibliothek umgebaut. Erkennen tut man sie an ihrer\u2026","rel":"","context":"In &quot;Aktuelles&quot;","block_context":{"text":"Aktuelles","link":"https:\/\/blog.sub.uni-hamburg.de\/?cat=1"},"img":{"alt_text":"","src":"","width":0,"height":0},"classes":[]},{"id":26586,"url":"https:\/\/blog.sub.uni-hamburg.de\/?p=26586","url_meta":{"origin":8950,"position":3},"title":"Neuer Kooperationspartner des Campuslieferdienstes: die Martha-Muchow-Bibliothek","author":"Markus Trapp","date":"30-01-19","format":false,"excerpt":"Seit die Stabi 2016 mit dem Campuslieferdienst einen neuen Service eingerichtet hat, ist es zu einer sch\u00f6nen Tradition geworden, hier im Blog regelm\u00e4\u00dfig \u00fcber neue Kooperationspartner zu berichten. Doch zun\u00e4chst einmal zur Erinnerung: was ist der Campuslieferdienst? Er erleichtert Wissenschaftlerinnen und Wissenschaftlern der Universit\u00e4t Hamburg den Zugang zu Fachinformationen: Aufs\u00e4tze\u2026","rel":"","context":"In &quot;Aktuelles&quot;","block_context":{"text":"Aktuelles","link":"https:\/\/blog.sub.uni-hamburg.de\/?cat=1"},"img":{"alt_text":"","src":"https:\/\/i0.wp.com\/blog.sub.uni-hamburg.de\/wp-content\/uploads\/2019\/01\/CaLief_2019.jpg?resize=350%2C200&ssl=1","width":350,"height":200},"classes":[]},{"id":1160,"url":"https:\/\/blog.sub.uni-hamburg.de\/?p=1160","url_meta":{"origin":8950,"position":4},"title":"Neu: Datenbank zur Religionsp\u00e4dagogik im Campus-Netz","author":"MM","date":"22-12-08","format":false,"excerpt":"Die Datenbank Religionsp\u00e4dagogik, Kirchliche Bildungsarbeit, Erziehungswissenschaften (RKE), herausgegeben vom Comenius-Institut in M\u00fcnster,\u00a0weist u.a. Zeitschriftenaufs\u00e4tze, Monografien, Unterrichtsmodelle, Lehrpl\u00e4ne zum Themenbereich nach. RKE wird von der Martha-Muchow-Bibliothek campusweit angeboten. Weitere Datenbanken zur P\u00e4dagogik und zur Theologie","rel":"","context":"In &quot;E-Medien&quot;","block_context":{"text":"E-Medien","link":"https:\/\/blog.sub.uni-hamburg.de\/?cat=11"},"img":{"alt_text":"","src":"","width":0,"height":0},"classes":[]},{"id":40954,"url":"https:\/\/blog.sub.uni-hamburg.de\/?p=40954","url_meta":{"origin":8950,"position":5},"title":"Digitales Rauminformationssystem f\u00fcr die Stabi und 5 Fachbibliotheken","author":"TO","date":"14-10-25","format":false,"excerpt":"Orientierung in der Bibliothek Wo stehen die B\u00fccher? Was f\u00fcr Arbeitspl\u00e4tze gibt es? Und welche Services finde ich eigentlich noch in den Bibliotheken? Das Digitale Rauminformationssystem (RIS) der Staats- und Universit\u00e4tsbibliothek Hamburg (Stabi) sowie f\u00fcnf weiterer Fachbibliotheken der Universit\u00e4t Hamburg setzt genau hier an. Es bietet\u00a0 eine komfortable, digitale Orientierung\u2026","rel":"","context":"In &quot;Aktuelles&quot;","block_context":{"text":"Aktuelles","link":"https:\/\/blog.sub.uni-hamburg.de\/?cat=1"},"img":{"alt_text":"","src":"https:\/\/i0.wp.com\/blog.sub.uni-hamburg.de\/wp-content\/uploads\/2025\/10\/Rauminformationsystem_Stabi-Gebaeude-1-276x300.jpg?resize=350%2C200&ssl=1","width":350,"height":200},"classes":[]}],"jetpack_sharing_enabled":true,"_links":{"self":[{"href":"https:\/\/blog.sub.uni-hamburg.de\/index.php?rest_route=\/wp\/v2\/posts\/8950","targetHints":{"allow":["GET"]}}],"collection":[{"href":"https:\/\/blog.sub.uni-hamburg.de\/index.php?rest_route=\/wp\/v2\/posts"}],"about":[{"href":"https:\/\/blog.sub.uni-hamburg.de\/index.php?rest_route=\/wp\/v2\/types\/post"}],"author":[{"embeddable":true,"href":"https:\/\/blog.sub.uni-hamburg.de\/index.php?rest_route=\/wp\/v2\/users\/19"}],"replies":[{"embeddable":true,"href":"https:\/\/blog.sub.uni-hamburg.de\/index.php?rest_route=%2Fwp%2Fv2%2Fcomments&post=8950"}],"version-history":[{"count":14,"href":"https:\/\/blog.sub.uni-hamburg.de\/index.php?rest_route=\/wp\/v2\/posts\/8950\/revisions"}],"predecessor-version":[{"id":33978,"href":"https:\/\/blog.sub.uni-hamburg.de\/index.php?rest_route=\/wp\/v2\/posts\/8950\/revisions\/33978"}],"wp:attachment":[{"href":"https:\/\/blog.sub.uni-hamburg.de\/index.php?rest_route=%2Fwp%2Fv2%2Fmedia&parent=8950"}],"wp:term":[{"taxonomy":"category","embeddable":true,"href":"https:\/\/blog.sub.uni-hamburg.de\/index.php?rest_route=%2Fwp%2Fv2%2Fcategories&post=8950"},{"taxonomy":"post_tag","embeddable":true,"href":"https:\/\/blog.sub.uni-hamburg.de\/index.php?rest_route=%2Fwp%2Fv2%2Ftags&post=8950"}],"curies":[{"name":"wp","href":"https:\/\/api.w.org\/{rel}","templated":true}]}}