{"id":8864,"date":"2012-08-30T09:28:15","date_gmt":"2012-08-30T07:28:15","guid":{"rendered":"http:\/\/blog.sub.uni-hamburg.de\/?p=8864"},"modified":"2012-10-02T09:54:29","modified_gmt":"2012-10-02T07:54:29","slug":"urheberrecht-und-netzfreiheit-ein-unlosbarer-widerspruch-19-9","status":"publish","type":"post","link":"https:\/\/blog.sub.uni-hamburg.de\/?p=8864","title":{"rendered":"Urheberrecht und Netzfreiheit &#8211; ein unl\u00f6sbarer Widerspruch? (19.9.)"},"content":{"rendered":"<p><a href=\"http:\/\/www.umdenken-boell.de\/calendar\/VA-viewevt.aspx?evtid=11676\"><img loading=\"lazy\" decoding=\"async\" title=\"Heinrich-B\u00f6ll-Stiftung\" src=\"https:\/\/blog.sub.uni-hamburg.de\/wp-content\/uploads\/2011\/02\/umdenken_Logo.jpg\" alt=\"Heinrich-B\u00f6ll-Stiftung\" width=\"300\" height=\"171\" \/><\/a> <strong>\u00d6ffentliche Podiumsdiskussion:<br \/>\nUrheberrecht und Netzfreiheit &#8211; ein unl\u00f6sbarer Widerspruch?<\/strong><\/p>\n<p><em>&#8211; Update: <a href=\"#upd\">Berichte<\/a> siehe am Ende des Artikels &#8211;<\/em><\/p>\n<p>Wie k\u00f6nnen Bezahl-Modelle f\u00fcr AutorInnen und FotografInnen aussehen, die praktikabel und f\u00fcr die UrheberInnen ausk\u00f6mmlich, gleichzeitig aber f\u00fcr die NutzerInnen bezahlbar sind? Die<br \/>\nunterschiedlichen Positionen werden im Streitgespr\u00e4ch dargestellt und verschiedene L\u00f6sungsans\u00e4tze pr\u00e4sentiert.<\/p>\n<p>Die Informationsfreiheit im Internet wird unterschiedlich definiert. W\u00e4hrend die Anbietenden darauf bestehen, f\u00fcr ihre eigene Arbeit (oder die ihrer Lohnabh\u00e4ngigen) angemessen entsch\u00e4digt zu werden, fordern die Nutzenden einen freien Zugang zu journalistischen und k\u00fcnstlerischen Werken. Bisher nehmen die Beteiligten das Problem in der Regel als un\u00fcberbr\u00fcckbaren Widerspruch wahr, erst langsam entwickeln beide Seiten Verst\u00e4ndnis f\u00fcreinander.<\/p>\n<p>Podiumsteilnehmende:<\/p>\n<ul>\n<li>Prof. Dr. Gabriele Beger (Direktorin der Staats- und Universit\u00e4tsbibliothek Hamburg Carl von Ossietzky)<\/li>\n<li>R\u00fcdiger L\u00fchr (Freier Journalist)<\/li>\n<li>Thilo von Trott (Leiter Public Affairs + Corporate Responsibility Gruner+Jahr)<\/li>\n<li>Fukami &#8211; Digitale Gesellschaft<\/li>\n<\/ul>\n<p>Moderation: Wulf Beleites, stellv. Bundesvorsitzender der Deutschen Journalisten-Union<\/p>\n<p>Die Veranstaltung noch ausf\u00fchrlicher hier im <a title=\"http:\/\/djuhamburg.wordpress.com\/2012\/08\/24\/urheberrecht-und-netzfreiheit-ein-unlosbarer-widerspruch-2\/\" href=\"http:\/\/djuhamburg.wordpress.com\/2012\/08\/24\/urheberrecht-und-netzfreiheit-ein-unlosbarer-widerspruch-2\/\">PDF<\/a>.<br \/>\nEine Veranstaltung von <a href=\"http:\/\/www.umdenken-boell.de\/calendar\/VA-viewevt.aspx?evtid=11676\">umdenken<\/a> Heinrich-B\u00f6ll-Stiftung Hamburg in Zusammenarbeit mit der <a href=\"http:\/\/dju.verdi.de\/\">Deutschen Journalisten-Union<\/a>.<\/p>\n<p><strong>Mittwoch, 19. September 2012, 19 Uhr<br \/>\nOrt: Vortragsraum (1. Etage), Eintritt frei <\/strong><br \/>\n<a name=\"upd\"> <\/a><br \/>\n<strong>Update 1.10.2012:<\/strong> D\u00f6rte B\u00f6hner hat die Veranstaltung heute auf <a href=\"http:\/\/bibliothekarisch.de\/blog\/2012\/10\/01\/bericht-urheberrecht-und-netzfreiheit-ein-unloesbarer-widerspruch-19-09-2012\/\">bibliothekarisch.de<\/a> ausf\u00fchrlich zusammengefasst.<br \/>\nAuch bei der Deutschen Journalistinnen- und Journalisten-Union gibt es eine Zusammenfassung und ein Foto: <a href=\"http:\/\/dju.verdi.de\/aktuell\/dju-hamburg\">Ein guter Anfang, eine lebhafte Diskussion<\/a>.<\/p>\n","protected":false},"excerpt":{"rendered":"<p>\u00d6ffentliche Podiumsdiskussion: Urheberrecht und Netzfreiheit &#8211; ein unl\u00f6sbarer Widerspruch? &#8211; Update: Berichte siehe am Ende des Artikels &#8211; Wie k\u00f6nnen Bezahl-Modelle f\u00fcr AutorInnen und FotografInnen aussehen, die praktikabel und f\u00fcr die UrheberInnen ausk\u00f6mmlich, gleichzeitig aber f\u00fcr die NutzerInnen bezahlbar sind? Die unterschiedlichen Positionen werden im Streitgespr\u00e4ch dargestellt und verschiedene L\u00f6sungsans\u00e4tze pr\u00e4sentiert. Die Informationsfreiheit im Internet [&hellip;]<\/p>\n","protected":false},"author":19,"featured_media":0,"comment_status":"open","ping_status":"open","sticky":false,"template":"","format":"standard","meta":{"jetpack_post_was_ever_published":false,"_jetpack_newsletter_access":"","_jetpack_dont_email_post_to_subs":false,"_jetpack_newsletter_tier_id":0,"_jetpack_memberships_contains_paywalled_content":false,"_jetpack_memberships_contains_paid_content":false,"footnotes":"","jetpack_publicize_message":"","jetpack_publicize_feature_enabled":true,"jetpack_social_post_already_shared":false,"jetpack_social_options":{"image_generator_settings":{"template":"highway","default_image_id":0,"font":"","enabled":false},"version":2}},"categories":[9],"tags":[],"class_list":["post-8864","post","type-post","status-publish","format-standard","hentry","category-ausstellungen"],"views":7216,"jetpack_publicize_connections":[],"jetpack_featured_media_url":"","jetpack_shortlink":"https:\/\/wp.me\/p7hfNR-2iY","jetpack-related-posts":[{"id":805,"url":"https:\/\/blog.sub.uni-hamburg.de\/?p=805","url_meta":{"origin":8864,"position":0},"title":"Sichern Sie sich die Online-Rechte an Ihren wissenschaftlichen Publikationen jetzt!","author":"Isabella Meinecke","date":"18-12-07","format":false,"excerpt":"Die Deutsche Initiative f\u00fcr Netzwerkinformation e.V. (DINI) hat zusammen mit dem Aktionsb\u00fcndnis Urheberrecht f\u00fcr Bildung und Wissenschaft \u00fcber die zum 1.1.2008 ver\u00e4nderte Rechtslage im Urheberrechtsgesetz betreffend der Online-Rechte an Ihren wissenschaftlichen Publikationen in einem Rundschreiben informiert. Gleichzeitig haben DINI und das Aktionsb\u00fcndnis dazu aufgerufen, den Bibliotheken und Rechenzentren Ihres Vertrauens\u2026","rel":"","context":"In &quot;E-Medien&quot;","block_context":{"text":"E-Medien","link":"https:\/\/blog.sub.uni-hamburg.de\/?cat=11"},"img":{"alt_text":"","src":"","width":0,"height":0},"classes":[]},{"id":24115,"url":"https:\/\/blog.sub.uni-hamburg.de\/?p=24115","url_meta":{"origin":8864,"position":1},"title":"Kulturelles Erbe &#038; Recht in der digitalen Welt","author":"Isabella Meinecke","date":"19-02-18","format":false,"excerpt":"Die rechtlichen Rahmenbedingungen f\u00fcr die Digitalisierung des kulturellen Erbes sind eine Frage der kulturellen Selbstbehauptung. Gelingt es uns nicht, diese Rahmenbedingungen angemessen zu gestalten, k\u00f6nnen wir unser kulturelles Erbe nicht selbst digitalisieren und zug\u00e4nglich machen, sondern m\u00fcssen darauf hoffen, dass dies in anderen L\u00e4ndern mit anderen rechtlichen Bestimmungen geschieht. Eine\u2026","rel":"","context":"In &quot;Aktuelles&quot;","block_context":{"text":"Aktuelles","link":"https:\/\/blog.sub.uni-hamburg.de\/?cat=1"},"img":{"alt_text":"","src":"https:\/\/i0.wp.com\/blog.sub.uni-hamburg.de\/wp-content\/uploads\/2018\/02\/20180210105a3e37698360-1.png?resize=350%2C200&ssl=1","width":350,"height":200},"classes":[]},{"id":27932,"url":"https:\/\/blog.sub.uni-hamburg.de\/?p=27932","url_meta":{"origin":8864,"position":2},"title":"Fremde Inhalte nutzen \u2013 was erlaubt mir das Gesetz?","author":"Redaktion","date":"22-10-19","format":false,"excerpt":"Urheberrecht und Open Access Von Ina Kaulen. Fremde Inhalte in wissenschaftlichen Arbeiten Wer wissenschaftlich arbeitet, kennt es: Ohne die Auseinandersetzung mit Texten, Bildern oder sonstigen schon existierenden Forschungs- und Arbeitsergebnissen Dritter geht es nicht! Da steht man dann h\u00e4ufig vor dem Problem, dass fremde Arbeiten zitiert oder fremde Abbildungen \u00fcbernommen\u2026","rel":"","context":"In &quot;Aktuelles&quot;","block_context":{"text":"Aktuelles","link":"https:\/\/blog.sub.uni-hamburg.de\/?cat=1"},"img":{"alt_text":"","src":"https:\/\/i0.wp.com\/blog.sub.uni-hamburg.de\/wp-content\/uploads\/2019\/10\/OAW-Plakat-Freier-Zugang-Wiss-Wissen7-kl.jpg?resize=350%2C200&ssl=1","width":350,"height":200},"classes":[]},{"id":20398,"url":"https:\/\/blog.sub.uni-hamburg.de\/?p=20398","url_meta":{"origin":8864,"position":3},"title":"Abbildungen und Urheberrecht: Schulung am 13. Juli 2016","author":"Markus Trapp","date":"27-06-16","format":false,"excerpt":"Das Urheberrecht hat in vielen Bereichen des wissenschaftlichen Betriebs einen gro\u00dfen Einfluss, oft ist den Wissenschaftlerinnen und Wissenschaftlern jedoch nicht ganz klar, was genau erlaubt ist und wo mit rechtlichen Konsequenzen zu rechnen ist. Gerade im Bereich der Abbildungen ist es schwer, eine klare Trennlinie zwischen erlaubter und nicht erlaubter\u2026","rel":"","context":"In &quot;Ausstellungen und Veranstaltungen&quot;","block_context":{"text":"Ausstellungen und Veranstaltungen","link":"https:\/\/blog.sub.uni-hamburg.de\/?cat=9"},"img":{"alt_text":"","src":"https:\/\/i0.wp.com\/blog.sub.uni-hamburg.de\/wp-content\/uploads\/2016\/06\/justicia.jpg?resize=350%2C200&ssl=1","width":350,"height":200},"classes":[]},{"id":21691,"url":"https:\/\/blog.sub.uni-hamburg.de\/?p=21691","url_meta":{"origin":8864,"position":4},"title":"Aktuell: urheberrechtlich gesch\u00fctzte Textwerke in E-Learning-Plattformen","author":"Isabella Meinecke","date":"13-12-16","format":false,"excerpt":"Seit 2003 k\u00f6nnen Hochschulen in E-Learning-Plattformen und wissenschaftlichen elektronischen Apparaten f\u00fcr Forscher urheberrechtlich gesch\u00fctzte Werkteile zum Abruf bereitstellen. Die rechtliche Grundlage dazu bildet der Paragraf 52a des Urheberrechtsgesetzes. Die Nutzungen wurden bislang pauschal durch die L\u00e4nder f\u00fcr ihre Hochschulen verg\u00fctet. Die Verwertungsgesellschaft Wort (VG Wort) hat auf dem Gerichtswege erstritten,\u2026","rel":"","context":"In &quot;Aktuelles&quot;","block_context":{"text":"Aktuelles","link":"https:\/\/blog.sub.uni-hamburg.de\/?cat=1"},"img":{"alt_text":"kopierer_in_der_stabi","src":"https:\/\/i0.wp.com\/blog.sub.uni-hamburg.de\/wp-content\/uploads\/2016\/12\/Kopierer_in_der_Stabi-300x220.jpg?resize=350%2C200&ssl=1","width":350,"height":200},"classes":[]},{"id":24372,"url":"https:\/\/blog.sub.uni-hamburg.de\/?p=24372","url_meta":{"origin":8864,"position":5},"title":"Stabi-Direktorin Gabriele Beger mit Bundesverdienstkreuz ausgezeichnet","author":"Markus Trapp","date":"26-02-18","format":false,"excerpt":"Heute \u00fcberreicht die Wissenschaftssenatorin Katharina Fegebank die Ehrung an die Direktorin der Staats- und Universit\u00e4tsbibliothek Hamburg. Der Bundespr\u00e4sident verleiht der Direktorin der Staats- und Universit\u00e4tsbibliothek Hamburg (Stabi) Prof. Dr. Gabriele Beger das Bundesverdienstkreuz 1. Klasse f\u00fcr ihre richtungsweisende Arbeit f\u00fcr das gesamte deutsche Bibliothekssystem und ihr Engagement als ehrenamtliche Verfechterin\u2026","rel":"","context":"In &quot;Aktuelles&quot;","block_context":{"text":"Aktuelles","link":"https:\/\/blog.sub.uni-hamburg.de\/?cat=1"},"img":{"alt_text":"Gabriele Beger","src":"https:\/\/i0.wp.com\/blog.sub.uni-hamburg.de\/wp-content\/uploads\/2018\/02\/gbeger450.jpg?resize=350%2C200&ssl=1","width":350,"height":200},"classes":[]}],"jetpack_sharing_enabled":true,"_links":{"self":[{"href":"https:\/\/blog.sub.uni-hamburg.de\/index.php?rest_route=\/wp\/v2\/posts\/8864","targetHints":{"allow":["GET"]}}],"collection":[{"href":"https:\/\/blog.sub.uni-hamburg.de\/index.php?rest_route=\/wp\/v2\/posts"}],"about":[{"href":"https:\/\/blog.sub.uni-hamburg.de\/index.php?rest_route=\/wp\/v2\/types\/post"}],"author":[{"embeddable":true,"href":"https:\/\/blog.sub.uni-hamburg.de\/index.php?rest_route=\/wp\/v2\/users\/19"}],"replies":[{"embeddable":true,"href":"https:\/\/blog.sub.uni-hamburg.de\/index.php?rest_route=%2Fwp%2Fv2%2Fcomments&post=8864"}],"version-history":[{"count":12,"href":"https:\/\/blog.sub.uni-hamburg.de\/index.php?rest_route=\/wp\/v2\/posts\/8864\/revisions"}],"predecessor-version":[{"id":9216,"href":"https:\/\/blog.sub.uni-hamburg.de\/index.php?rest_route=\/wp\/v2\/posts\/8864\/revisions\/9216"}],"wp:attachment":[{"href":"https:\/\/blog.sub.uni-hamburg.de\/index.php?rest_route=%2Fwp%2Fv2%2Fmedia&parent=8864"}],"wp:term":[{"taxonomy":"category","embeddable":true,"href":"https:\/\/blog.sub.uni-hamburg.de\/index.php?rest_route=%2Fwp%2Fv2%2Fcategories&post=8864"},{"taxonomy":"post_tag","embeddable":true,"href":"https:\/\/blog.sub.uni-hamburg.de\/index.php?rest_route=%2Fwp%2Fv2%2Ftags&post=8864"}],"curies":[{"name":"wp","href":"https:\/\/api.w.org\/{rel}","templated":true}]}}