{"id":8710,"date":"2012-08-09T14:22:34","date_gmt":"2012-08-09T12:22:34","guid":{"rendered":"http:\/\/blog.sub.uni-hamburg.de\/?p=8710"},"modified":"2022-08-24T15:23:04","modified_gmt":"2022-08-24T13:23:04","slug":"literarische-figuren-fur-die-schliesfacher-ausgewahlt","status":"publish","type":"post","link":"https:\/\/blog.sub.uni-hamburg.de\/?p=8710","title":{"rendered":"Literarische Figuren f\u00fcr die Schlie\u00dff\u00e4cher ausgew\u00e4hlt"},"content":{"rendered":"<p><a href=\"https:\/\/blog.sub.uni-hamburg.de\/?p=8423\"><img loading=\"lazy\" decoding=\"async\" data-attachment-id=\"8713\" data-permalink=\"https:\/\/blog.sub.uni-hamburg.de\/?attachment_id=8713\" data-orig-file=\"https:\/\/blog.sub.uni-hamburg.de\/wp-content\/uploads\/2012\/08\/litfig-sf-kl.jpg\" data-orig-size=\"150,157\" data-comments-opened=\"1\" data-image-meta=\"{&quot;aperture&quot;:&quot;0&quot;,&quot;credit&quot;:&quot;&quot;,&quot;camera&quot;:&quot;&quot;,&quot;caption&quot;:&quot;&quot;,&quot;created_timestamp&quot;:&quot;0&quot;,&quot;copyright&quot;:&quot;&quot;,&quot;focal_length&quot;:&quot;0&quot;,&quot;iso&quot;:&quot;0&quot;,&quot;shutter_speed&quot;:&quot;0&quot;,&quot;title&quot;:&quot;&quot;}\" data-image-title=\"In diesem Blogartikel haben wir Sie um Vorschl\u00e4ge gebeten\" data-image-description=\"\" data-image-caption=\"\" data-large-file=\"https:\/\/blog.sub.uni-hamburg.de\/wp-content\/uploads\/2012\/08\/litfig-sf-kl.jpg\" src=\"https:\/\/blog.sub.uni-hamburg.de\/wp-content\/uploads\/2012\/08\/litfig-sf-kl.jpg\" alt=\"In diesem Blogartikel haben wir Sie um Vorschl\u00e4ge gebeten\" title=\"In diesem Blogartikel haben wir Sie um Vorschl\u00e4ge gebeten\" width=\"150\" height=\"157\" class=\"alignright size-full wp-image-8713\" style=\"padding-right:0px; padding-top:0px; margin-left:15px; margin-bottom:15px;\" \/><\/a> Im vergangenen Monat haben wir Sie gefragt, <a href=\"https:\/\/blog.sub.uni-hamburg.de\/?p=8423\">welche Literarische Figuren<\/a> Sie sich auf den Schlie\u00dff\u00e4chern im <a href=\"https:\/\/blog.sub.uni-hamburg.de\/?p=8471\">neu gestalteten Informationszentrum<\/a> vorstellen k\u00f6nnten. Von der gro\u00dfen Resonanz waren wir positiv \u00fcberrascht. Es war f\u00fcr alle an der Aktion Teilnehmenden interessant zu sehen, was da so an literarischen Gestalten nominiert wurde. Am Ende wurden uns sage und schreibe 465 Vorschl\u00e4ge gemacht. Herzlichen Dank daf\u00fcr!<\/p>\n<p>Wir haben alle Daten (aus den <a href=\"https:\/\/blog.sub.uni-hamburg.de\/?p=8423#comments\">Kommentaren<\/a> und aus den E-Mails) sorgsam zusammengef\u00fchrt und mithilfe des Wortwolken-Tools <a href=\"http:\/\/wordle.net\/\">Wordle<\/a> eine Vorauswahl der 70 am h\u00e4ufigsten genannten Figuren anzeigen lassen. Das sah dann so aus:<br \/>\n<img loading=\"lazy\" decoding=\"async\" src=\"https:\/\/blog.sub.uni-hamburg.de\/wp-content\/uploads\/2012\/08\/litfig-70.jpg\" alt=\"Wortwolke der 70 meistgenannten Literarischen Figuren\" title=\"Wortwolke der 70 meistgenannten Literarischen Figuren\" width=\"550\" height=\"374\" style=\"float: none;\" \/><\/p>\n<p>Die 70 Figuren, die nun f\u00fcr die neuen Schlie\u00dff\u00e4cher ausgew\u00e4hlt wurden, und wo Sie nach der f\u00fcr Mitte September geplanten Neuer\u00f6ffnung des Informationszentrums Ihr Hab und Gut werden einschlie\u00dfen k\u00f6nnen, sind in alphabetischer Reihenfolge:<br \/>\n<!--more--><br \/>\n1.\tAlice im Wunderland<br \/>\n2.\tAnna Karenina<br \/>\n3.\tAnne of Green Gables<br \/>\n4.\tAntigone<br \/>\n5.\tAtticus Finch<br \/>\n6.\tBartleby<br \/>\n7.\tDie Rote Zora<br \/>\n8.\tDon Quijote<br \/>\n9.\tDorian Gray<br \/>\n10.\tDracula<br \/>\n11.\tD\u017eamilja<br \/>\n12.\tEgill Skallagr\u00edmsson<br \/>\n13.\tElizabeth Bennet<br \/>\n14.\tEmilia Galotti<br \/>\n15.\tEmma Bovary<br \/>\n16.\tFaust<br \/>\n17.\tFelix Krull<br \/>\n18.\tFord Prefect<br \/>\n19.\tFrankenstein<br \/>\n20.\tFup<br \/>\n21.\tGodot<br \/>\n22.\tGregor Samsa<br \/>\n23.\tGulliver<br \/>\n24.\tHamlet<br \/>\n25.\tHarry Potter<br \/>\n26.\tHercule Poirot<br \/>\n27.\tJane Eyre<br \/>\n28.\tJane Somers<br \/>\n29.\tJay Gatsby<br \/>\n30.\tJean-Baptiste Grenouille<br \/>\n31.\tJim Knopf<br \/>\n32.\tKassandra<br \/>\n33.\tKatharina Blum<br \/>\n34.\tLady Macbeth<br \/>\n35.\tLeopold Bloom<br \/>\n36.\tLolita<br \/>\n37.\tLord Peter Wimsey<br \/>\n38.\tMalina<br \/>\n39.\tMephisto<br \/>\n40.\tMiss Marple<br \/>\n41.\tMoby Dick<br \/>\n42.\tMomo<br \/>\n43.\tNathan der Weise<br \/>\n44.\tNils Holgersson<br \/>\n45.\tNora<br \/>\n46.\tOblomov<br \/>\n47.\tOdysseus<br \/>\n48.\tOliver Twist<br \/>\n49.\tOrlando<br \/>\n50.\tOskar Matzerath<br \/>\n51.\tOthello<br \/>\n52.\tPerry Rhodan<br \/>\n53.\tPippi Langstrumpf<br \/>\n54.\tPole Poppensp\u00e4ler<br \/>\n55.\tProfessor Unrat<br \/>\n56.\tRaskolnikov<br \/>\n57.\tRobinson Crusoe<br \/>\n58.\tRomeo &#038; Julia<br \/>\n59.\tScarlett O&#8217;Hara<br \/>\n60.\tScheherazade<br \/>\n61.\tSherlock Holmes<br \/>\n62.\tSiddhartha<br \/>\n63.\tThursday Next<br \/>\n64.\tTom Sawyer<br \/>\n65.\tTony Buddenbrook<br \/>\n66.\tTristram Shandy<br \/>\n67.\tWalter Faber<br \/>\n68.\tWerther<br \/>\n69.\tWilhelm Tell<br \/>\n70.\tWinnetou<\/p>\n","protected":false},"excerpt":{"rendered":"<p>Im vergangenen Monat haben wir Sie gefragt, welche Literarische Figuren Sie sich auf den Schlie\u00dff\u00e4chern im neu gestalteten Informationszentrum vorstellen k\u00f6nnten. Von der gro\u00dfen Resonanz waren wir positiv \u00fcberrascht. Es war f\u00fcr alle an der Aktion Teilnehmenden interessant zu sehen, was da so an literarischen Gestalten nominiert wurde. Am Ende wurden uns sage und schreibe [&hellip;]<\/p>\n","protected":false},"author":19,"featured_media":0,"comment_status":"open","ping_status":"open","sticky":false,"template":"","format":"standard","meta":{"jetpack_post_was_ever_published":false,"_jetpack_newsletter_access":"","_jetpack_dont_email_post_to_subs":false,"_jetpack_newsletter_tier_id":0,"_jetpack_memberships_contains_paywalled_content":false,"_jetpack_memberships_contains_paid_content":false,"footnotes":"","jetpack_publicize_message":"","jetpack_publicize_feature_enabled":true,"jetpack_social_post_already_shared":false,"jetpack_social_options":{"image_generator_settings":{"template":"highway","default_image_id":0,"font":"","enabled":false},"version":2}},"categories":[1,10],"tags":[],"class_list":["post-8710","post","type-post","status-publish","format-standard","hentry","category-1","category-baustelle-stabi"],"views":10656,"jetpack_publicize_connections":[],"jetpack_featured_media_url":"","jetpack_shortlink":"https:\/\/wp.me\/p7hfNR-2gu","jetpack-related-posts":[{"id":8423,"url":"https:\/\/blog.sub.uni-hamburg.de\/?p=8423","url_meta":{"origin":8710,"position":0},"title":"Gesucht: Literarische Figuren f\u00fcr die neuen Stabi-Schlie\u00dff\u00e4cher","author":"Markus Trapp","date":"03-07-12","format":false,"excerpt":"Vor drei Jahren haben wir die Benennung der Schlie\u00dff\u00e4cher in der Stabi von Zahlen auf wesentlich leichter merkbare St\u00e4dte-, Schriftsteller- (s. Abbildung unten rechts), Pflanzen- oder Tiernamen umgestellt. Ein Wechsel, der auch von vielen Stabi-Nutzerinnen und -Nutzern begr\u00fc\u00dft wurde. In K\u00fcrze wird es auch neue Schlie\u00dff\u00e4cher in der 1. Etage\u2026","rel":"","context":"In &quot;Baustelle Stabi&quot;","block_context":{"text":"Baustelle Stabi","link":"https:\/\/blog.sub.uni-hamburg.de\/?cat=10"},"img":{"alt_text":"Ihre Vorschl\u00e4ge: Literarische Figuren f\u00fcr die neuen Stabi-Schlie\u00dff\u00e4cher","src":"https:\/\/i0.wp.com\/blog.sub.uni-hamburg.de\/wp-content\/uploads\/2012\/07\/schliessfaecher-litfig.jpg?resize=350%2C200&ssl=1","width":350,"height":200,"srcset":"https:\/\/i0.wp.com\/blog.sub.uni-hamburg.de\/wp-content\/uploads\/2012\/07\/schliessfaecher-litfig.jpg?resize=350%2C200&ssl=1 1x, https:\/\/i0.wp.com\/blog.sub.uni-hamburg.de\/wp-content\/uploads\/2012\/07\/schliessfaecher-litfig.jpg?resize=525%2C300&ssl=1 1.5x"},"classes":[]},{"id":14581,"url":"https:\/\/blog.sub.uni-hamburg.de\/?p=14581","url_meta":{"origin":8710,"position":1},"title":"76 WissenschaftlerInnen f\u00fcr die neuen Schlie\u00dff\u00e4cher ausgew\u00e4hlt","author":"Markus Trapp","date":"22-05-14","format":false,"excerpt":"Wir waren wieder mal auf der Suche nach neuen Schlie\u00dffach-Namen. Dieses Mal haben wir Sie gebeten, uns Wissenschaftlerinnen und Wissenschaftler f\u00fcr die im Sommer neu einzubauenden Schlie\u00dff\u00e4cher vor dem Vortragsraum in der 1. Etage zu nennen. Und die Teilnahme war \u2013 wie schon im August 2012, als uns 465 Literarischen\u2026","rel":"","context":"In &quot;Aktuelles&quot;","block_context":{"text":"Aktuelles","link":"https:\/\/blog.sub.uni-hamburg.de\/?cat=1"},"img":{"alt_text":"","src":"https:\/\/i0.wp.com\/blog.sub.uni-hamburg.de\/wp-content\/uploads\/2014\/05\/Wissenschaftler-Auswahl1.jpg?resize=350%2C200&ssl=1","width":350,"height":200,"srcset":"https:\/\/i0.wp.com\/blog.sub.uni-hamburg.de\/wp-content\/uploads\/2014\/05\/Wissenschaftler-Auswahl1.jpg?resize=350%2C200&ssl=1 1x, https:\/\/i0.wp.com\/blog.sub.uni-hamburg.de\/wp-content\/uploads\/2014\/05\/Wissenschaftler-Auswahl1.jpg?resize=525%2C300&ssl=1 1.5x"},"classes":[]},{"id":14015,"url":"https:\/\/blog.sub.uni-hamburg.de\/?p=14015","url_meta":{"origin":8710,"position":2},"title":"Auf der Suche nach neuen Schlie\u00dffach-Namen: Wissenschaftlerinnen und Wissenschaftler","author":"Markus Trapp","date":"12-03-14","format":false,"excerpt":"2012 haben wir die Leserinnen und Leser des Stabi-Blogs um Namensvorschl\u00e4ge f\u00fcr die neuen Schlie\u00dff\u00e4cher im Informationszentrum gebeten. Eine Aktion, die sehr gut ankam, und auf die wir jetzt wieder zur\u00fcckkommen m\u00f6chten. Es wird neue Schlie\u00dff\u00e4cher vor dem Vortragsraum in der 1. Etage geben. Und wieder m\u00f6chten wir uns gerne\u2026","rel":"","context":"In &quot;Aktuelles&quot;","block_context":{"text":"Aktuelles","link":"https:\/\/blog.sub.uni-hamburg.de\/?cat=1"},"img":{"alt_text":"","src":"https:\/\/i0.wp.com\/blog.sub.uni-hamburg.de\/wp-content\/uploads\/2014\/03\/schliessfaecher-iz.jpg?resize=350%2C200&ssl=1","width":350,"height":200},"classes":[]},{"id":10490,"url":"https:\/\/blog.sub.uni-hamburg.de\/?p=10490","url_meta":{"origin":8710,"position":3},"title":"Digitale Angebote \u2013 Trends und Zahlen 2012. Folge V: Blogs","author":"Markus Trapp","date":"19-12-12","format":false,"excerpt":"Die Stabi offeriert ihren Nutzern mittlerweile eine Vielzahl digitaler Angebote. Das Jahresende ist ein willkommener Anlass, um Bilanz zu ziehen und im Rahmen einer Blog-Serie in den folgenden Tagen einen Blick auf die Statistiken zu werfen. Nachdem wir Ihnen nun schon einige Dienste vorgestellt haben, soll auch der Bereich gew\u00fcrdigt\u2026","rel":"","context":"In &quot;Aktuelles&quot;","block_context":{"text":"Aktuelles","link":"https:\/\/blog.sub.uni-hamburg.de\/?cat=1"},"img":{"alt_text":"","src":"https:\/\/i0.wp.com\/blog.sub.uni-hamburg.de\/wp-content\/uploads\/2012\/12\/SUB_Stat_1a.png?resize=350%2C200&ssl=1","width":350,"height":200},"classes":[]},{"id":15127,"url":"https:\/\/blog.sub.uni-hamburg.de\/?p=15127","url_meta":{"origin":8710,"position":4},"title":"Neue Schlie\u00dff\u00e4cher mit Wissenschaftler-Namen","author":"Markus Trapp","date":"10-07-14","format":false,"excerpt":"\u00abHab ich meine Sachen bei Kant, Spock oder Mitscherlich gelassen?\u00bb, k\u00f6nnten in Zukunft Fragen unserer Nutzer sein, die ihre Utensilien in den neuen Schlie\u00dff\u00e4chern vor dem Vortragsraum in der 1. Etage verstaut haben. Die 76 neuen Schlie\u00dff\u00e4cher sind jetzt mit den Namen der Wissenschaftler versehen, die wir inspiriert durch die\u2026","rel":"","context":"In &quot;Aktuelles&quot;","block_context":{"text":"Aktuelles","link":"https:\/\/blog.sub.uni-hamburg.de\/?cat=1"},"img":{"alt_text":"","src":"https:\/\/i0.wp.com\/blog.sub.uni-hamburg.de\/wp-content\/uploads\/2014\/07\/schliessf-wiss-collage.jpg?resize=350%2C200&ssl=1","width":350,"height":200,"srcset":"https:\/\/i0.wp.com\/blog.sub.uni-hamburg.de\/wp-content\/uploads\/2014\/07\/schliessf-wiss-collage.jpg?resize=350%2C200&ssl=1 1x, https:\/\/i0.wp.com\/blog.sub.uni-hamburg.de\/wp-content\/uploads\/2014\/07\/schliessf-wiss-collage.jpg?resize=525%2C300&ssl=1 1.5x"},"classes":[]},{"id":1375,"url":"https:\/\/blog.sub.uni-hamburg.de\/?p=1375","url_meta":{"origin":8710,"position":5},"title":"Was haben Afghanistan, Chicago, Rabelais, ein Tausendf\u00fc\u00dfler und eine Zypresse gemeinsam?","author":"MG","date":"18-09-09","format":false,"excerpt":"Ich finde mein Schlie\u00dffach nicht mehr!?! Monatelang haben die Hausmeister der Stabi Benutzern geholfen, ihre Habseligkeiten aus den neuen Schlie\u00dff\u00e4chern im Erdgeschoss zu holen - weil sich die Nummern so schlecht merken lie\u00dfen. Jetzt hat die Stabi Abhilfe geschaffen. Alle 552 Schlie\u00dff\u00e4cher erhielten einen Namen: L\u00e4nder von Afghanistan bis Vietnam,\u2026","rel":"","context":"In &quot;Aktuelles&quot;","block_context":{"text":"Aktuelles","link":"https:\/\/blog.sub.uni-hamburg.de\/?cat=1"},"img":{"alt_text":"","src":"","width":0,"height":0},"classes":[]}],"jetpack_sharing_enabled":true,"_links":{"self":[{"href":"https:\/\/blog.sub.uni-hamburg.de\/index.php?rest_route=\/wp\/v2\/posts\/8710","targetHints":{"allow":["GET"]}}],"collection":[{"href":"https:\/\/blog.sub.uni-hamburg.de\/index.php?rest_route=\/wp\/v2\/posts"}],"about":[{"href":"https:\/\/blog.sub.uni-hamburg.de\/index.php?rest_route=\/wp\/v2\/types\/post"}],"author":[{"embeddable":true,"href":"https:\/\/blog.sub.uni-hamburg.de\/index.php?rest_route=\/wp\/v2\/users\/19"}],"replies":[{"embeddable":true,"href":"https:\/\/blog.sub.uni-hamburg.de\/index.php?rest_route=%2Fwp%2Fv2%2Fcomments&post=8710"}],"version-history":[{"count":12,"href":"https:\/\/blog.sub.uni-hamburg.de\/index.php?rest_route=\/wp\/v2\/posts\/8710\/revisions"}],"predecessor-version":[{"id":33948,"href":"https:\/\/blog.sub.uni-hamburg.de\/index.php?rest_route=\/wp\/v2\/posts\/8710\/revisions\/33948"}],"wp:attachment":[{"href":"https:\/\/blog.sub.uni-hamburg.de\/index.php?rest_route=%2Fwp%2Fv2%2Fmedia&parent=8710"}],"wp:term":[{"taxonomy":"category","embeddable":true,"href":"https:\/\/blog.sub.uni-hamburg.de\/index.php?rest_route=%2Fwp%2Fv2%2Fcategories&post=8710"},{"taxonomy":"post_tag","embeddable":true,"href":"https:\/\/blog.sub.uni-hamburg.de\/index.php?rest_route=%2Fwp%2Fv2%2Ftags&post=8710"}],"curies":[{"name":"wp","href":"https:\/\/api.w.org\/{rel}","templated":true}]}}