{"id":8571,"date":"2012-07-30T09:42:04","date_gmt":"2012-07-30T07:42:04","guid":{"rendered":"http:\/\/blog.sub.uni-hamburg.de\/?p=8571"},"modified":"2012-08-17T01:59:25","modified_gmt":"2012-08-16T23:59:25","slug":"interessiert-oder-frustriert-jugend-und-politik-im-jahr-2012-16-8","status":"publish","type":"post","link":"https:\/\/blog.sub.uni-hamburg.de\/?p=8571","title":{"rendered":"Interessiert oder frustriert? Jugend und Politik im Jahr 2012 (16.8.)"},"content":{"rendered":"<p><img loading=\"lazy\" decoding=\"async\" data-attachment-id=\"8572\" data-permalink=\"https:\/\/blog.sub.uni-hamburg.de\/?attachment_id=8572\" data-orig-file=\"https:\/\/blog.sub.uni-hamburg.de\/wp-content\/uploads\/2012\/07\/naumann-jugend.jpg\" data-orig-size=\"350,271\" data-comments-opened=\"1\" data-image-meta=\"{&quot;aperture&quot;:&quot;0&quot;,&quot;credit&quot;:&quot;&quot;,&quot;camera&quot;:&quot;&quot;,&quot;caption&quot;:&quot;&quot;,&quot;created_timestamp&quot;:&quot;0&quot;,&quot;copyright&quot;:&quot;&quot;,&quot;focal_length&quot;:&quot;0&quot;,&quot;iso&quot;:&quot;0&quot;,&quot;shutter_speed&quot;:&quot;0&quot;,&quot;title&quot;:&quot;&quot;}\" data-image-title=\"Interessiert oder frustriert? Jugend und Politik im Jahr 2012\" data-image-description=\"\" data-image-caption=\"\" data-large-file=\"https:\/\/blog.sub.uni-hamburg.de\/wp-content\/uploads\/2012\/07\/naumann-jugend.jpg\" src=\"https:\/\/blog.sub.uni-hamburg.de\/wp-content\/uploads\/2012\/07\/naumann-jugend.jpg\" alt=\"Interessiert oder frustriert? Jugend und Politik im Jahr 2012\" title=\"Interessiert oder frustriert? Jugend und Politik im Jahr 2012\" width=\"350\" height=\"271\" class=\"alignright size-full wp-image-8572\" srcset=\"https:\/\/blog.sub.uni-hamburg.de\/wp-content\/uploads\/2012\/07\/naumann-jugend.jpg 350w, https:\/\/blog.sub.uni-hamburg.de\/wp-content\/uploads\/2012\/07\/naumann-jugend-300x232.jpg 300w\" sizes=\"auto, (max-width: 350px) 100vw, 350px\" \/><\/p>\n<p>Vier von f\u00fcnf Jugendlichen unter 15 haben mit Politik nichts am Hut, so die Shell-Jugendstudie. Auf den ersten Blick scheinen Jugendliche 2012 weit unpolitischer als in den 70er und 80er Jahren.<\/p>\n<p>Aber ist das tats\u00e4chlich so? Denn w\u00e4hrend sich Jugendliche von etablierten Parteien und Politikbetrieb abwenden, teilen sie ihre Meinungen in Blogs mit anderen, nehmen an Unterschriftenaktionen teil und beteiligen sich an Demonstrationen. Und w\u00e4hrend gesellschaftliche Gruppen wie Umwelt- und Menschenrechtsaktivisten, Polizei und Bundeswehr bei der jungen Generation ein hohes Ansehen genie\u00dfen, schwindet das Vertrauen in Politik und Politiker weiter.<\/p>\n<p>Ist wom\u00f6glich das Interesse an Politik bei Jugendlichen gar nicht gesunken \u2013 sondern hat sich stattdessen nur die Form der Beteiligung ge\u00e4ndert? Oder hat die \u201epragmatische Generation 2012\u201c keine Ziele und Ideale mehr, f\u00fcr die sie eintritt?<\/p>\n<p>Die Friedrich-Naumann-Stiftung f\u00fcr die Freiheit l\u00e4dt Sie herzlich ein an Vortrag und Diskussion teilzunehmen.<br \/>\n<strong>Donnerstag, 16. August 2012, 19:00 Uhr im Vortragsraum der Stabi (1. Etage).<\/strong><br \/>\nAnmeldung online oder per PDF und weitere Informationen auf der <a href=\"http:\/\/www.freiheit.org\/Veranstaltungen-Publikationen\/1572c1746\/index.html?webshop=show&#038;action=SHOWPRODUCTBYID&#038;id=f390f28f-b466-40cc-ba8c-503315899ced\">Website der Veranstalter<\/a>.<\/p>\n","protected":false},"excerpt":{"rendered":"<p>Vier von f\u00fcnf Jugendlichen unter 15 haben mit Politik nichts am Hut, so die Shell-Jugendstudie. Auf den ersten Blick scheinen Jugendliche 2012 weit unpolitischer als in den 70er und 80er Jahren. Aber ist das tats\u00e4chlich so? Denn w\u00e4hrend sich Jugendliche von etablierten Parteien und Politikbetrieb abwenden, teilen sie ihre Meinungen in Blogs mit anderen, nehmen [&hellip;]<\/p>\n","protected":false},"author":19,"featured_media":0,"comment_status":"open","ping_status":"open","sticky":false,"template":"","format":"standard","meta":{"jetpack_post_was_ever_published":false,"_jetpack_newsletter_access":"","_jetpack_dont_email_post_to_subs":false,"_jetpack_newsletter_tier_id":0,"_jetpack_memberships_contains_paywalled_content":false,"_jetpack_memberships_contains_paid_content":false,"footnotes":"","jetpack_publicize_message":"","jetpack_publicize_feature_enabled":true,"jetpack_social_post_already_shared":false,"jetpack_social_options":{"image_generator_settings":{"template":"highway","default_image_id":0,"font":"","enabled":false},"version":2}},"categories":[9],"tags":[],"class_list":["post-8571","post","type-post","status-publish","format-standard","hentry","category-ausstellungen"],"views":7300,"jetpack_publicize_connections":[],"jetpack_featured_media_url":"","jetpack_shortlink":"https:\/\/wp.me\/p7hfNR-2ef","jetpack-related-posts":[{"id":24518,"url":"https:\/\/blog.sub.uni-hamburg.de\/?p=24518","url_meta":{"origin":8571,"position":0},"title":"55 Jahre \u00c9lys\u00e9e-Vertrag (21.3.)","author":"Markus Trapp","date":"08-03-18","format":false,"excerpt":"Multimediale Veranstaltung \u00fcber den zeithistorischen Auftakt der deutsch-franz\u00f6sischen Auss\u00f6hnung. 21. M\u00e4rz 2018, 19.00 - 21.00 Uhr Ort: Lichthof im Altbau, Eingang Edmund.Siemers-Allee \/ Ecke Grindelallee Die Auss\u00f6hnung mit Frankreich, das \u00fcber Jahrhunderte in Erzfeindschaft mit Deutschland lebte und zur Katastrophe f\u00fcr Europa und die Welt f\u00fchrte, war das ganz besondere\u2026","rel":"","context":"In &quot;Ausstellungen und Veranstaltungen&quot;","block_context":{"text":"Ausstellungen und Veranstaltungen","link":"https:\/\/blog.sub.uni-hamburg.de\/?cat=9"},"img":{"alt_text":"Ingo Espenschied. Bildrechte: Ingo Espenschied","src":"https:\/\/i0.wp.com\/blog.sub.uni-hamburg.de\/wp-content\/uploads\/2018\/03\/IngoEspenschied.jpg?resize=350%2C200&ssl=1","width":350,"height":200},"classes":[]},{"id":1060,"url":"https:\/\/blog.sub.uni-hamburg.de\/?p=1060","url_meta":{"origin":8571,"position":1},"title":"Lesung Micha Brumlik: Ab nach Sibirien? &#8211; Wie gef\u00e4hrlich ist unsere Jugend? (13.10.2008)","author":"MG","date":"18-09-08","format":false,"excerpt":"Jugendkriminalit\u00e4t \u2013 Wie gehen wir als Eltern, Erzieher und Staat damit um? Woher stammt die Gewaltbereitschaft der Jugendlichen? Welche Konzepte der Pr\u00e4vention und Bek\u00e4mpfung sind Erfolg versprechend? - Micha Brumlik ist Professor f\u00fcr Allgemeine Erziehungswissenschaften in Frankfurt\/Main. Die Veranstaltung wird zusammen mit dem \u201eLandesinstitut f\u00fcr Lehrerbildung und Schulentwicklung\u201c, Arbeitsbereich Geschichte\/Politik\u2026","rel":"","context":"In &quot;Ausstellungen und Veranstaltungen&quot;","block_context":{"text":"Ausstellungen und Veranstaltungen","link":"https:\/\/blog.sub.uni-hamburg.de\/?cat=9"},"img":{"alt_text":"","src":"","width":0,"height":0},"classes":[]},{"id":34492,"url":"https:\/\/blog.sub.uni-hamburg.de\/?p=34492","url_meta":{"origin":8571,"position":2},"title":"Lesung\/Performance: Nils Mohl &#038; Acid At The Mall: Das Spiel mit der Sprache (28.10.)","author":"Markus Trapp","date":"17-10-22","format":false,"excerpt":"Freitag, 28.10., 18 Uhr, Vortragsraum. Wie spricht man, wenn nichts verst\u00e4ndlich ist? Wie gibt man der Unzul\u00e4nglichkeit von gesellschaftlichen Erkl\u00e4rungsmustern Ausdruck? Welches Wort kann sprechen, wenn alle W\u00f6rter versagen? Die Jugendromane und Gedichte des Hamburger Autors Nils Mohl spielen mit der Sprache, um sie von ihrem angestammten Platz zu l\u00f6sen\u2026","rel":"","context":"In &quot;Ausstellungen und Veranstaltungen&quot;","block_context":{"text":"Ausstellungen und Veranstaltungen","link":"https:\/\/blog.sub.uni-hamburg.de\/?cat=9"},"img":{"alt_text":"Nils Mohl","src":"https:\/\/i0.wp.com\/blog.sub.uni-hamburg.de\/wp-content\/uploads\/2022\/10\/NilsMohl.jpg?resize=350%2C200&ssl=1","width":350,"height":200},"classes":[]},{"id":34276,"url":"https:\/\/blog.sub.uni-hamburg.de\/?p=34276","url_meta":{"origin":8571,"position":3},"title":"Stiftung Auschwitz-Komitee: Hans-Frankenthal-Preis (13.10.)","author":"Markus Trapp","date":"26-09-22","format":false,"excerpt":"Donnerstag, 13.10., 19 Uhr, Lichthof. Die Stiftung Auschwitz-Komitee hat es sich zur Aufgabe gemacht, die Stimmen, die Mahnung und das Verm\u00e4chtnis derjenigen, welche die nationalsozialistischen Verbrechen noch selbst erlebt und \u00fcberlebt haben, an die nachfolgenden Generationen weiter zu geben und in Erinnerung zu halten. Mit dem Hans-Frankenthal-Preis werden jedes Jahr\u2026","rel":"","context":"In &quot;Ausstellungen und Veranstaltungen&quot;","block_context":{"text":"Ausstellungen und Veranstaltungen","link":"https:\/\/blog.sub.uni-hamburg.de\/?cat=9"},"img":{"alt_text":"Verleihung des Hans-Frankenthal-Preises 2022","src":"https:\/\/i0.wp.com\/blog.sub.uni-hamburg.de\/wp-content\/uploads\/2018\/10\/18-10-25-Frankenthal-Preis-img_7864.jpg?resize=350%2C200&ssl=1","width":350,"height":200,"srcset":"https:\/\/i0.wp.com\/blog.sub.uni-hamburg.de\/wp-content\/uploads\/2018\/10\/18-10-25-Frankenthal-Preis-img_7864.jpg?resize=350%2C200&ssl=1 1x, https:\/\/i0.wp.com\/blog.sub.uni-hamburg.de\/wp-content\/uploads\/2018\/10\/18-10-25-Frankenthal-Preis-img_7864.jpg?resize=525%2C300&ssl=1 1.5x"},"classes":[]},{"id":14965,"url":"https:\/\/blog.sub.uni-hamburg.de\/?p=14965","url_meta":{"origin":8571,"position":4},"title":"Abschlusstagung des Projektes \u201eTerrorismus und Radikalisierung\u2026&#8221; (18.6.)","author":"Markus Trapp","date":"12-06-14","format":false,"excerpt":"Abschlusstagung des Projektes \u201eTerrorismus und Radikalisierung \u2013 Indikatoren f\u00fcr Externe Einflussfaktoren\u201c (TERAS-INDEX) Die Tagung er\u00f6rtert die Befunde des BMBF-gef\u00f6rderten Forschungsprojekts \u201eTerrorismus und Radikalisierung \u2013 Indikatoren f\u00fcr Externe Einflussfaktoren\u201c (TERAS-INDEX), koordiniert am Institut f\u00fcr Friedensforschung und Sicherheitspolitik (IFSH) von Dr. des. Matenia Sirseloudi. Ziel von TERAS-INDEX war es, den Zusammenhang zwischen\u2026","rel":"","context":"In &quot;Ausstellungen und Veranstaltungen&quot;","block_context":{"text":"Ausstellungen und Veranstaltungen","link":"https:\/\/blog.sub.uni-hamburg.de\/?cat=9"},"img":{"alt_text":"","src":"https:\/\/i0.wp.com\/blog.sub.uni-hamburg.de\/wp-content\/uploads\/2014\/06\/IFSH-Teras.jpg?resize=350%2C200&ssl=1","width":350,"height":200},"classes":[]},{"id":38421,"url":"https:\/\/blog.sub.uni-hamburg.de\/?p=38421","url_meta":{"origin":8571,"position":5},"title":"IndieStabi: \u201eDie Entzauberung eines Kanzlers &#8211; \u00fcber das Scheitern der Berliner Politik\u201c. Ein Abend mit dem VSA: Verlag (17.7.)","author":"Markus Trapp","date":"03-07-24","format":false,"excerpt":"Mittwoch, 17.7., 19 Uhr, Vortragsraum. Die Berliner Republik begann 1990. In diesem Jahr war Olaf Scholz noch (Jung-)Sozialist. 1998 zog er in den Bundestag ein, verga\u00df in atemberaubendem Tempo seine linke Jugend, nannte das \u201eEntgiftung\u201c und pr\u00e4gte fortan die Sozialdemokratie, sp\u00e4ter das ganze Land. Seine Entzauberung markiert auch das Scheitern\u2026","rel":"","context":"In &quot;Ausstellungen und Veranstaltungen&quot;","block_context":{"text":"Ausstellungen und Veranstaltungen","link":"https:\/\/blog.sub.uni-hamburg.de\/?cat=9"},"img":{"alt_text":"Buchcover 'It\u2019s the Future, Stupid' \u2026 mit oder ohne Kapitalismus","src":"https:\/\/i0.wp.com\/blog.sub.uni-hamburg.de\/wp-content\/uploads\/2024\/07\/2024-07-17-Credit-VSA-Verlag.png?resize=350%2C200&ssl=1","width":350,"height":200},"classes":[]}],"jetpack_sharing_enabled":true,"_links":{"self":[{"href":"https:\/\/blog.sub.uni-hamburg.de\/index.php?rest_route=\/wp\/v2\/posts\/8571","targetHints":{"allow":["GET"]}}],"collection":[{"href":"https:\/\/blog.sub.uni-hamburg.de\/index.php?rest_route=\/wp\/v2\/posts"}],"about":[{"href":"https:\/\/blog.sub.uni-hamburg.de\/index.php?rest_route=\/wp\/v2\/types\/post"}],"author":[{"embeddable":true,"href":"https:\/\/blog.sub.uni-hamburg.de\/index.php?rest_route=\/wp\/v2\/users\/19"}],"replies":[{"embeddable":true,"href":"https:\/\/blog.sub.uni-hamburg.de\/index.php?rest_route=%2Fwp%2Fv2%2Fcomments&post=8571"}],"version-history":[{"count":4,"href":"https:\/\/blog.sub.uni-hamburg.de\/index.php?rest_route=\/wp\/v2\/posts\/8571\/revisions"}],"predecessor-version":[{"id":8793,"href":"https:\/\/blog.sub.uni-hamburg.de\/index.php?rest_route=\/wp\/v2\/posts\/8571\/revisions\/8793"}],"wp:attachment":[{"href":"https:\/\/blog.sub.uni-hamburg.de\/index.php?rest_route=%2Fwp%2Fv2%2Fmedia&parent=8571"}],"wp:term":[{"taxonomy":"category","embeddable":true,"href":"https:\/\/blog.sub.uni-hamburg.de\/index.php?rest_route=%2Fwp%2Fv2%2Fcategories&post=8571"},{"taxonomy":"post_tag","embeddable":true,"href":"https:\/\/blog.sub.uni-hamburg.de\/index.php?rest_route=%2Fwp%2Fv2%2Ftags&post=8571"}],"curies":[{"name":"wp","href":"https:\/\/api.w.org\/{rel}","templated":true}]}}