{"id":8423,"date":"2012-07-03T14:32:21","date_gmt":"2012-07-03T12:32:21","guid":{"rendered":"http:\/\/blog.sub.uni-hamburg.de\/?p=8423"},"modified":"2012-07-12T14:13:38","modified_gmt":"2012-07-12T12:13:38","slug":"gesucht-literarische-figuren-fur-die-neuen-stabi-schliesfacher","status":"publish","type":"post","link":"https:\/\/blog.sub.uni-hamburg.de\/?p=8423","title":{"rendered":"Gesucht: Literarische Figuren f\u00fcr die neuen Stabi-Schlie\u00dff\u00e4cher"},"content":{"rendered":"<p><img loading=\"lazy\" decoding=\"async\" src=\"https:\/\/blog.sub.uni-hamburg.de\/wp-content\/uploads\/2012\/07\/schliessfaecher-litfig.jpg\" alt=\"Ihre Vorschl\u00e4ge: Literarische Figuren f\u00fcr die neuen Stabi-Schlie\u00dff\u00e4cher\" title=\"Ihre Vorschl\u00e4ge: Literarische Figuren f\u00fcr die neuen Stabi-Schlie\u00dff\u00e4cher\" width=\"550\" height=\"577\" style=\"float: none;\" \/><\/p>\n<p>Vor drei Jahren haben wir die Benennung der Schlie\u00dff\u00e4cher in der Stabi von Zahlen auf wesentlich leichter merkbare St\u00e4dte-, Schriftsteller- (s. Abbildung unten rechts), Pflanzen- oder Tiernamen <a href=\"https:\/\/blog.sub.uni-hamburg.de\/?p=1375\">umgestellt<\/a>. <\/p>\n<p>Ein Wechsel, der auch von vielen Stabi-Nutzerinnen und -Nutzern begr\u00fc\u00dft wurde. In K\u00fcrze wird es auch neue Schlie\u00dff\u00e4cher in der 1. Etage am Eingang zu den Leses\u00e4len geben. Dieses Mal werden die Schlie\u00dff\u00e4cher mit literarischen Figuren benannt. <img loading=\"lazy\" decoding=\"async\" src=\"https:\/\/blog.sub.uni-hamburg.de\/wp-content\/uploads\/2012\/07\/schliessfaecher-autoren-350-300x225.jpg\" alt=\"schliessfaecher-autoren\" title=\"Schlie\u00dff\u00e4cher im EG nach Autoren benannt\" width=\"300\" height=\"225\" style=\"float: right; padding-right:0px; margin-left:25px; margin-bottom:25px; padding-top:25px;\" \/> <\/p>\n<p>Haben Sie Lust uns bei der Benennung zu helfen? Welche Namen k\u00f6nnten Sie sich auf den 70 neuen Schlie\u00dff\u00e4chern vorstellen? M\u00f6chten Sie in Zukunft Ihre Sachen in Schlie\u00dff\u00e4chern neben den in obiger Abbildung zu sehenden literarischen Figuren Anna Karenina, Oskar Matzerath, <em>Winnie the Puuh<\/em> oder Herrn Lehmann (aus der Roman-Trilogie von Sven Regener) verstauen? <\/p>\n<p>Wir freuen uns \u00fcber <strong>Ihre Vorschl\u00e4ge bis zum Mittwoch, den 11. Juli 2012<\/strong> vorzugsweise hier als Kommentar im Blog oder per E- Mail an <em>trapp\u00a0-at- sub.uni-hamburg.de<\/em>. Gerne lassen wir uns von Ihren Nominierungen literarischer Figuren inspirieren. Mehrfachnennungen sind ausdr\u00fccklich erw\u00fcnscht, also ruhig auch bereits gemachte Vorschl\u00e4ge in den Kommentaren best\u00e4rken, wenn diese Ihnen zusagen.<\/p>\n<p><strong>Update 12.7.2012: <\/strong>Danke f\u00fcr die eingereichten 465 (!) Vorschl\u00e4ge. Wir werden die ausgew\u00e4hlten Literarischen Figuren f\u00fcr die 70 Schlie\u00dff\u00e4cher beizeiten bekannt geben.<\/p>\n","protected":false},"excerpt":{"rendered":"<p>Vor drei Jahren haben wir die Benennung der Schlie\u00dff\u00e4cher in der Stabi von Zahlen auf wesentlich leichter merkbare St\u00e4dte-, Schriftsteller- (s. Abbildung unten rechts), Pflanzen- oder Tiernamen umgestellt. Ein Wechsel, der auch von vielen Stabi-Nutzerinnen und -Nutzern begr\u00fc\u00dft wurde. In K\u00fcrze wird es auch neue Schlie\u00dff\u00e4cher in der 1. Etage am Eingang zu den Leses\u00e4len [&hellip;]<\/p>\n","protected":false},"author":19,"featured_media":0,"comment_status":"open","ping_status":"open","sticky":false,"template":"","format":"standard","meta":{"jetpack_post_was_ever_published":false,"_jetpack_newsletter_access":"","_jetpack_dont_email_post_to_subs":false,"_jetpack_newsletter_tier_id":0,"_jetpack_memberships_contains_paywalled_content":false,"_jetpack_memberships_contains_paid_content":false,"footnotes":"","jetpack_publicize_message":"","jetpack_publicize_feature_enabled":true,"jetpack_social_post_already_shared":false,"jetpack_social_options":{"image_generator_settings":{"template":"highway","default_image_id":0,"font":"","enabled":false},"version":2}},"categories":[10],"tags":[],"class_list":["post-8423","post","type-post","status-publish","format-standard","hentry","category-baustelle-stabi"],"views":16701,"jetpack_publicize_connections":[],"jetpack_featured_media_url":"","jetpack_shortlink":"https:\/\/wp.me\/p7hfNR-2bR","jetpack-related-posts":[{"id":14581,"url":"https:\/\/blog.sub.uni-hamburg.de\/?p=14581","url_meta":{"origin":8423,"position":0},"title":"76 WissenschaftlerInnen f\u00fcr die neuen Schlie\u00dff\u00e4cher ausgew\u00e4hlt","author":"Markus Trapp","date":"22-05-14","format":false,"excerpt":"Wir waren wieder mal auf der Suche nach neuen Schlie\u00dffach-Namen. Dieses Mal haben wir Sie gebeten, uns Wissenschaftlerinnen und Wissenschaftler f\u00fcr die im Sommer neu einzubauenden Schlie\u00dff\u00e4cher vor dem Vortragsraum in der 1. Etage zu nennen. Und die Teilnahme war \u2013 wie schon im August 2012, als uns 465 Literarischen\u2026","rel":"","context":"In &quot;Aktuelles&quot;","block_context":{"text":"Aktuelles","link":"https:\/\/blog.sub.uni-hamburg.de\/?cat=1"},"img":{"alt_text":"","src":"https:\/\/i0.wp.com\/blog.sub.uni-hamburg.de\/wp-content\/uploads\/2014\/05\/Wissenschaftler-Auswahl1.jpg?resize=350%2C200&ssl=1","width":350,"height":200,"srcset":"https:\/\/i0.wp.com\/blog.sub.uni-hamburg.de\/wp-content\/uploads\/2014\/05\/Wissenschaftler-Auswahl1.jpg?resize=350%2C200&ssl=1 1x, https:\/\/i0.wp.com\/blog.sub.uni-hamburg.de\/wp-content\/uploads\/2014\/05\/Wissenschaftler-Auswahl1.jpg?resize=525%2C300&ssl=1 1.5x"},"classes":[]},{"id":15127,"url":"https:\/\/blog.sub.uni-hamburg.de\/?p=15127","url_meta":{"origin":8423,"position":1},"title":"Neue Schlie\u00dff\u00e4cher mit Wissenschaftler-Namen","author":"Markus Trapp","date":"10-07-14","format":false,"excerpt":"\u00abHab ich meine Sachen bei Kant, Spock oder Mitscherlich gelassen?\u00bb, k\u00f6nnten in Zukunft Fragen unserer Nutzer sein, die ihre Utensilien in den neuen Schlie\u00dff\u00e4chern vor dem Vortragsraum in der 1. Etage verstaut haben. Die 76 neuen Schlie\u00dff\u00e4cher sind jetzt mit den Namen der Wissenschaftler versehen, die wir inspiriert durch die\u2026","rel":"","context":"In &quot;Aktuelles&quot;","block_context":{"text":"Aktuelles","link":"https:\/\/blog.sub.uni-hamburg.de\/?cat=1"},"img":{"alt_text":"","src":"https:\/\/i0.wp.com\/blog.sub.uni-hamburg.de\/wp-content\/uploads\/2014\/07\/schliessf-wiss-collage.jpg?resize=350%2C200&ssl=1","width":350,"height":200,"srcset":"https:\/\/i0.wp.com\/blog.sub.uni-hamburg.de\/wp-content\/uploads\/2014\/07\/schliessf-wiss-collage.jpg?resize=350%2C200&ssl=1 1x, https:\/\/i0.wp.com\/blog.sub.uni-hamburg.de\/wp-content\/uploads\/2014\/07\/schliessf-wiss-collage.jpg?resize=525%2C300&ssl=1 1.5x"},"classes":[]},{"id":8710,"url":"https:\/\/blog.sub.uni-hamburg.de\/?p=8710","url_meta":{"origin":8423,"position":2},"title":"Literarische Figuren f\u00fcr die Schlie\u00dff\u00e4cher ausgew\u00e4hlt","author":"Markus Trapp","date":"09-08-12","format":false,"excerpt":"Im vergangenen Monat haben wir Sie gefragt, welche Literarische Figuren Sie sich auf den Schlie\u00dff\u00e4chern im neu gestalteten Informationszentrum vorstellen k\u00f6nnten. Von der gro\u00dfen Resonanz waren wir positiv \u00fcberrascht. Es war f\u00fcr alle an der Aktion Teilnehmenden interessant zu sehen, was da so an literarischen Gestalten nominiert wurde. Am Ende\u2026","rel":"","context":"In &quot;Aktuelles&quot;","block_context":{"text":"Aktuelles","link":"https:\/\/blog.sub.uni-hamburg.de\/?cat=1"},"img":{"alt_text":"Wortwolke der 70 meistgenannten Literarischen Figuren","src":"https:\/\/i0.wp.com\/blog.sub.uni-hamburg.de\/wp-content\/uploads\/2012\/08\/litfig-70.jpg?resize=350%2C200&ssl=1","width":350,"height":200},"classes":[]},{"id":14015,"url":"https:\/\/blog.sub.uni-hamburg.de\/?p=14015","url_meta":{"origin":8423,"position":3},"title":"Auf der Suche nach neuen Schlie\u00dffach-Namen: Wissenschaftlerinnen und Wissenschaftler","author":"Markus Trapp","date":"12-03-14","format":false,"excerpt":"2012 haben wir die Leserinnen und Leser des Stabi-Blogs um Namensvorschl\u00e4ge f\u00fcr die neuen Schlie\u00dff\u00e4cher im Informationszentrum gebeten. Eine Aktion, die sehr gut ankam, und auf die wir jetzt wieder zur\u00fcckkommen m\u00f6chten. Es wird neue Schlie\u00dff\u00e4cher vor dem Vortragsraum in der 1. Etage geben. Und wieder m\u00f6chten wir uns gerne\u2026","rel":"","context":"In &quot;Aktuelles&quot;","block_context":{"text":"Aktuelles","link":"https:\/\/blog.sub.uni-hamburg.de\/?cat=1"},"img":{"alt_text":"","src":"https:\/\/i0.wp.com\/blog.sub.uni-hamburg.de\/wp-content\/uploads\/2014\/03\/schliessfaecher-iz.jpg?resize=350%2C200&ssl=1","width":350,"height":200},"classes":[]},{"id":1375,"url":"https:\/\/blog.sub.uni-hamburg.de\/?p=1375","url_meta":{"origin":8423,"position":4},"title":"Was haben Afghanistan, Chicago, Rabelais, ein Tausendf\u00fc\u00dfler und eine Zypresse gemeinsam?","author":"MG","date":"18-09-09","format":false,"excerpt":"Ich finde mein Schlie\u00dffach nicht mehr!?! Monatelang haben die Hausmeister der Stabi Benutzern geholfen, ihre Habseligkeiten aus den neuen Schlie\u00dff\u00e4chern im Erdgeschoss zu holen - weil sich die Nummern so schlecht merken lie\u00dfen. Jetzt hat die Stabi Abhilfe geschaffen. Alle 552 Schlie\u00dff\u00e4cher erhielten einen Namen: L\u00e4nder von Afghanistan bis Vietnam,\u2026","rel":"","context":"In &quot;Aktuelles&quot;","block_context":{"text":"Aktuelles","link":"https:\/\/blog.sub.uni-hamburg.de\/?cat=1"},"img":{"alt_text":"","src":"","width":0,"height":0},"classes":[]},{"id":10490,"url":"https:\/\/blog.sub.uni-hamburg.de\/?p=10490","url_meta":{"origin":8423,"position":5},"title":"Digitale Angebote \u2013 Trends und Zahlen 2012. Folge V: Blogs","author":"Markus Trapp","date":"19-12-12","format":false,"excerpt":"Die Stabi offeriert ihren Nutzern mittlerweile eine Vielzahl digitaler Angebote. Das Jahresende ist ein willkommener Anlass, um Bilanz zu ziehen und im Rahmen einer Blog-Serie in den folgenden Tagen einen Blick auf die Statistiken zu werfen. Nachdem wir Ihnen nun schon einige Dienste vorgestellt haben, soll auch der Bereich gew\u00fcrdigt\u2026","rel":"","context":"In &quot;Aktuelles&quot;","block_context":{"text":"Aktuelles","link":"https:\/\/blog.sub.uni-hamburg.de\/?cat=1"},"img":{"alt_text":"","src":"https:\/\/i0.wp.com\/blog.sub.uni-hamburg.de\/wp-content\/uploads\/2012\/12\/SUB_Stat_1a.png?resize=350%2C200&ssl=1","width":350,"height":200},"classes":[]}],"jetpack_sharing_enabled":true,"_links":{"self":[{"href":"https:\/\/blog.sub.uni-hamburg.de\/index.php?rest_route=\/wp\/v2\/posts\/8423","targetHints":{"allow":["GET"]}}],"collection":[{"href":"https:\/\/blog.sub.uni-hamburg.de\/index.php?rest_route=\/wp\/v2\/posts"}],"about":[{"href":"https:\/\/blog.sub.uni-hamburg.de\/index.php?rest_route=\/wp\/v2\/types\/post"}],"author":[{"embeddable":true,"href":"https:\/\/blog.sub.uni-hamburg.de\/index.php?rest_route=\/wp\/v2\/users\/19"}],"replies":[{"embeddable":true,"href":"https:\/\/blog.sub.uni-hamburg.de\/index.php?rest_route=%2Fwp%2Fv2%2Fcomments&post=8423"}],"version-history":[{"count":17,"href":"https:\/\/blog.sub.uni-hamburg.de\/index.php?rest_route=\/wp\/v2\/posts\/8423\/revisions"}],"predecessor-version":[{"id":8441,"href":"https:\/\/blog.sub.uni-hamburg.de\/index.php?rest_route=\/wp\/v2\/posts\/8423\/revisions\/8441"}],"wp:attachment":[{"href":"https:\/\/blog.sub.uni-hamburg.de\/index.php?rest_route=%2Fwp%2Fv2%2Fmedia&parent=8423"}],"wp:term":[{"taxonomy":"category","embeddable":true,"href":"https:\/\/blog.sub.uni-hamburg.de\/index.php?rest_route=%2Fwp%2Fv2%2Fcategories&post=8423"},{"taxonomy":"post_tag","embeddable":true,"href":"https:\/\/blog.sub.uni-hamburg.de\/index.php?rest_route=%2Fwp%2Fv2%2Ftags&post=8423"}],"curies":[{"name":"wp","href":"https:\/\/api.w.org\/{rel}","templated":true}]}}