{"id":8406,"date":"2012-07-05T15:43:25","date_gmt":"2012-07-05T13:43:25","guid":{"rendered":"http:\/\/blog.sub.uni-hamburg.de\/?p=8406"},"modified":"2016-08-26T11:39:31","modified_gmt":"2016-08-26T09:39:31","slug":"expo-des-monats-das-kleinodienbuch-des-hamburger-goldschmieds-jakob-mores-18-7","status":"publish","type":"post","link":"https:\/\/blog.sub.uni-hamburg.de\/?p=8406","title":{"rendered":"Expo des Monats: Das \u201eKleinodienbuch\u201c des Hamburger Goldschmieds Jakob Mores (18.7.)"},"content":{"rendered":"<p><a href=\"https:\/\/blog.sub.uni-hamburg.de\/wp-content\/uploads\/2012\/07\/kleinodienbuch1-gr.jpg\"><img loading=\"lazy\" decoding=\"async\" style=\"float: none;\" title=\"Das 'Kleinodienbuch' des Hamburger Goldschmieds Jakob Mores\" src=\"https:\/\/blog.sub.uni-hamburg.de\/wp-content\/uploads\/2012\/07\/kleinodienbuch1.jpg\" alt=\"Das Kleinodienbuch des Hamburger Goldschmieds Jakob Mores\" width=\"550\" height=\"354\" \/><\/a><\/p>\n<p><strong>Aus den Sondersammlungen Exponat des Monats: Das \u201eKleinodienbuch\u201c des Hamburger Goldschmieds Jakob Mores (1540\/50-1612)<\/strong><\/p>\n<p><a href=\"https:\/\/blog.sub.uni-hamburg.de\/wp-content\/uploads\/2012\/07\/kleinodienbuch2-gr.jpg\"><img loading=\"lazy\" decoding=\"async\" style=\"float: right; padding-right: 0px; padding-top: 7px; margin-left: 25px; margin-bottom: 25px;\" title=\"Das 'Kleinodienbuch' des Hamburger Goldschmieds Jakob Mores\" src=\"https:\/\/blog.sub.uni-hamburg.de\/wp-content\/uploads\/2012\/07\/kleinodienbuch2.jpg\" alt=\"Das 'Kleinodienbuch' des Hamburger Goldschmieds Jakob Mores\" width=\"250\" height=\"401\" \/><\/a> Das sogenannte <a href=\"https:\/\/kataloge.uni-hamburg.de\/DB=1\/PPNSET?PPN=227626346\">Kleinodienbuch<\/a>, entstanden zwischen 1597 und 1602, Signatur: Cod. in scrin. 1a, ist einer der gro\u00dfen Sch\u00e4tze der SUB Hamburg. Hier finden sich auf 83 Papier- und Pergamentseiten 70 meist kolorierte Federzeichnungen von K\u00f6nigskronen, Diademen, Ketten und Schmuckst\u00fccken, Tafelgeschirren und \u2013kannen. Es sind Entwurfszeichnungen des Goldschmieds, die er potentiellen Auftraggebern vorlegen konnte, und keine Dokumentationen von fertigen St\u00fccken. Die Handschrift wurde 1768 von Johann Christian Wolf in Kopenhagen f\u00fcr drei Dukaten erworben. Jakob Mores war ein ungemein produktiver Goldschmied, dessen Werke ab den 1570er Jahren nachzuweisen sind. Seine f\u00fcrstliche Kundschaft kam vor allem vom d\u00e4nischen Hof und allen Verwandten dieses gro\u00dfen Hauses: den Gottorfern, den Schauenburgern, den Braunschweig-L\u00fcneburgern.<\/p>\n<p>In den gro\u00dfen Schatzh\u00e4usern und Museen Deutschlands, vor allem im Dresdner Gr\u00fcnen Gew\u00f6lbe, haben sich Schmuckst\u00fccke erhalten, die in ihrer Art sehr mit den Entw\u00fcrfen des Jakob Mores verwandt sind.<\/p>\n<p>Das Kleinodienbuch wird erstmals seit 1979 wieder gezeigt und ist im Original zu sehen.<\/p>\n<p><a href=\"http:\/\/www.sub.uni-hamburg.de\/bibliotheken\/ausstellungen-und-veranstaltungen\/online-ausstellungen\/exponate-des-monats.html\"><img loading=\"lazy\" decoding=\"async\" style=\"float: right; padding-left: 0px; margin-left: 25px; margin-top: 25px;\" title=\"Blogreihe der Sondersammlungen: Exponat des Monats\" src=\"https:\/\/blog.sub.uni-hamburg.de\/wp-content\/uploads\/2010\/12\/exponatdm-120.jpg\" alt=\"Sondersammlungen: Exponat des Monats\" width=\"120\" height=\"120\" \/><\/a> <strong> Mittwoch, 18. Juli 2012, 16.15 Uhr<br \/>\nIm Handschriftenlesesaal, 1. Etage, Eingang Lesesaal 1.<\/strong><\/p>\n<p>Die Sondersammlungen pr\u00e4sentieren immer am dritten Mittwoch des Monats ein originales Sammlungsst\u00fcck im Handschriftenlesesaal. Auf der Website der Stabi werden sie in einer stetig wachsenden <a href=\"http:\/\/www.sub.uni-hamburg.de\/bibliotheken\/ausstellungen-und-veranstaltungen\/online-ausstellungen\/exponate-des-monats.html\">Online-Ausstellung<\/a> pr\u00e4sentiert. Das aktuelle Exponat des Monats Juli finden Sie hier ausf\u00fchrlich beschrieben: <a href=\"http:\/\/www.sub.uni-hamburg.de\/bibliotheken\/ausstellungen-und-veranstaltungen\/online-ausstellungen\/expo-des-monats\/juli-2012.html\">\u201aKleinodienbuch\u2018 des Jakob Mores<\/a>.<\/p>\n","protected":false},"excerpt":{"rendered":"<p>Aus den Sondersammlungen Exponat des Monats: Das \u201eKleinodienbuch\u201c des Hamburger Goldschmieds Jakob Mores (1540\/50-1612) Das sogenannte Kleinodienbuch, entstanden zwischen 1597 und 1602, Signatur: Cod. in scrin. 1a, ist einer der gro\u00dfen Sch\u00e4tze der SUB Hamburg. Hier finden sich auf 83 Papier- und Pergamentseiten 70 meist kolorierte Federzeichnungen von K\u00f6nigskronen, Diademen, Ketten und Schmuckst\u00fccken, Tafelgeschirren und [&hellip;]<\/p>\n","protected":false},"author":19,"featured_media":0,"comment_status":"open","ping_status":"open","sticky":false,"template":"","format":"standard","meta":{"jetpack_post_was_ever_published":false,"_jetpack_newsletter_access":"","_jetpack_dont_email_post_to_subs":false,"_jetpack_newsletter_tier_id":0,"_jetpack_memberships_contains_paywalled_content":false,"_jetpack_memberships_contains_paid_content":false,"footnotes":"","jetpack_publicize_message":"","jetpack_publicize_feature_enabled":true,"jetpack_social_post_already_shared":false,"jetpack_social_options":{"image_generator_settings":{"template":"highway","default_image_id":0,"font":"","enabled":false},"version":2}},"categories":[9,17,13],"tags":[],"class_list":["post-8406","post","type-post","status-publish","format-standard","hentry","category-ausstellungen","category-hamburg","category-das-besondere-buch"],"views":7541,"jetpack_publicize_connections":[],"jetpack_featured_media_url":"","jetpack_shortlink":"https:\/\/wp.me\/p7hfNR-2bA","jetpack-related-posts":[{"id":18925,"url":"https:\/\/blog.sub.uni-hamburg.de\/?p=18925","url_meta":{"origin":8406,"position":0},"title":"Veranstaltungsflyer Dezember","author":"Markus Trapp","date":"09-11-15","format":false,"excerpt":"Das Veranstaltungsjahr 2015 neigt sich dem Ende entgegen. Falls Sie wissen m\u00f6chten, was der letzte Monat des Jahres an Programmpunkten bereit h\u00e4lt, empfehlen wir Ihnen einen Blick in unseren monatlich erscheinenden Flyer. Dort finden Sie die kommenden Vortr\u00e4ge, Konzerte, Lesungen und Ausstellungen. Als gedrucktes Exemplar wird er an vielen Stellen\u2026","rel":"","context":"In &quot;Ausstellungen und Veranstaltungen&quot;","block_context":{"text":"Ausstellungen und Veranstaltungen","link":"https:\/\/blog.sub.uni-hamburg.de\/?cat=9"},"img":{"alt_text":"","src":"https:\/\/i0.wp.com\/blog.sub.uni-hamburg.de\/wp-content\/uploads\/2015\/11\/StabiFlyer-2015-12.jpg?resize=350%2C200&ssl=1","width":350,"height":200,"srcset":"https:\/\/i0.wp.com\/blog.sub.uni-hamburg.de\/wp-content\/uploads\/2015\/11\/StabiFlyer-2015-12.jpg?resize=350%2C200&ssl=1 1x, https:\/\/i0.wp.com\/blog.sub.uni-hamburg.de\/wp-content\/uploads\/2015\/11\/StabiFlyer-2015-12.jpg?resize=525%2C300&ssl=1 1.5x"},"classes":[]},{"id":26446,"url":"https:\/\/blog.sub.uni-hamburg.de\/?p=26446","url_meta":{"origin":8406,"position":1},"title":"Das K\u00fchnesche Haus *1592*\u2026 (17.1.)","author":"Markus Trapp","date":"07-01-19","format":false,"excerpt":"Lesung Ginny G. von B\u00fclow: \u00abDas K\u00fchnesche Haus *1592* oder Wo sich die Balken biegen - Allerlei Geschichte(n) aus Haldensleben\u00bb. Die Autorin Ginny G. von B\u00fclow initiierte 2017 eine Ausstellung im Stadtarchiv Haldensleben \u201e425 Jahre: Das K\u00fchnesche Haus im Wandel der Zeit \u2013 im Wechsel der Besitzer\u201c und lie\u00df dieser\u2026","rel":"","context":"In &quot;Ausstellungen und Veranstaltungen&quot;","block_context":{"text":"Ausstellungen und Veranstaltungen","link":"https:\/\/blog.sub.uni-hamburg.de\/?cat=9"},"img":{"alt_text":"Das K\u00fchnesche Haus *1592* oder Wo sich die Balken biegen - Allerlei Geschichte(n) aus Haldensleben","src":"https:\/\/i0.wp.com\/blog.sub.uni-hamburg.de\/wp-content\/uploads\/2019\/01\/gvonbuelow.jpg?resize=350%2C200&ssl=1","width":350,"height":200},"classes":[]},{"id":13024,"url":"https:\/\/blog.sub.uni-hamburg.de\/?p=13024","url_meta":{"origin":8406,"position":2},"title":"Die Bibliothek der J\u00fcdischen Gemeinde (12.11.)","author":"Markus Trapp","date":"24-10-13","format":false,"excerpt":"Die J\u00fcdische Gemeinde Hamburg und die Staats- und Universit\u00e4tsbibliothek heben gemeinsam einen Kulturschatz. Zum feierlichen Start der Kooperation sprechen die Direktorin der Staats- und Universit\u00e4tsbibliothek Hamburg, Prof. Dr. Gabriele Beger, die Zweite B\u00fcrgermeisterin der Freien und Hansestadt Hamburg, Dr. Dorothee Stapelfeldt, und Dr. Ulriche Lohse von der J\u00fcdischen Gemeinde Hamburg.\u2026","rel":"","context":"In &quot;Ausstellungen und Veranstaltungen&quot;","block_context":{"text":"Ausstellungen und Veranstaltungen","link":"https:\/\/blog.sub.uni-hamburg.de\/?cat=9"},"img":{"alt_text":"J\u00fcdische Gemeinde Hamburg","src":"https:\/\/i0.wp.com\/blog.sub.uni-hamburg.de\/wp-content\/uploads\/2013\/10\/jgb-titel.jpg?resize=350%2C200&ssl=1","width":350,"height":200},"classes":[]},{"id":593,"url":"https:\/\/blog.sub.uni-hamburg.de\/?p=593","url_meta":{"origin":8406,"position":3},"title":"Ein medizinischer Blick in Hamburgs Vergangenheit (9.6.-31.8.)","author":"MG","date":"22-06-07","format":false,"excerpt":"Bis 31. August zeigt die Bibliothek des \u00c4rztlichen Vereins in der Galerie im 1. Stock des Stabi-Altbaus B\u00fccher aus ihrem Bestand zu verschiedenen Themen: zur Cholera, zu Hamburger Krankenh\u00e4usern und Medizinisches rund um den Hafen, Kuriosit\u00e4ten sowie in einer eigenen Vitrine die \u201eKupfer-Bibel\u201c von Joh. Jakob Scheuchzer, ein Versuch, Glauben\u2026","rel":"","context":"In &quot;Ausstellungen und Veranstaltungen&quot;","block_context":{"text":"Ausstellungen und Veranstaltungen","link":"https:\/\/blog.sub.uni-hamburg.de\/?cat=9"},"img":{"alt_text":"","src":"","width":0,"height":0},"classes":[]},{"id":23201,"url":"https:\/\/blog.sub.uni-hamburg.de\/?p=23201","url_meta":{"origin":8406,"position":4},"title":"\u201eSch\u00e4dlich und unerw\u00fcnscht\u201c \u2013 Verbotene Literatur und NS-Raubgut in der Staats- und Universit\u00e4tsbibliothek Hamburg Carl von Ossietzky (8.09. bis 22.10.)","author":"Markus Trapp","date":"10-08-17","format":false,"excerpt":"Mit dem Beginn der nationalsozialistischen Herrschaft in Deutschland setzte im Fr\u00fchjahr 1933 auch die Zensur von Literatur ein, wenige Wochen danach brannten B\u00fccher; schon vor der \u201eMachtergreifung\u201c waren schwarze Listen vorbereitet worden. Nun wurden Bibliotheken von politisch missliebigen Organisationen beschlagnahmt, Autoren verhaftet und verfolgt, ihre Werke verboten. Viele von ihnen\u2026","rel":"","context":"In &quot;Ausstellungen und Veranstaltungen&quot;","block_context":{"text":"Ausstellungen und Veranstaltungen","link":"https:\/\/blog.sub.uni-hamburg.de\/?cat=9"},"img":{"alt_text":"","src":"https:\/\/i0.wp.com\/blog.sub.uni-hamburg.de\/wp-content\/uploads\/2017\/08\/as-nsraubgut.jpg?resize=350%2C200&ssl=1","width":350,"height":200},"classes":[]},{"id":5444,"url":"https:\/\/blog.sub.uni-hamburg.de\/?p=5444","url_meta":{"origin":8406,"position":5},"title":"Susanne Theumer \u2013 WELT IM KOPF (Ausstellung 28.7.-11.9)","author":"Markus Trapp","date":"11-07-11","format":false,"excerpt":"Zeichnungen, originalgraphische B\u00fccher und Mappen zu Literatur: Susanne Theumers feine, aber ausdrucksm\u00e4chtige Radierungen formen zu der Literatur von Jakob Michael Reinhold Lenz, Elias und Veza Canetti, Imre Kert\u00e9sz, Marlen Haushofer und anderen Dichtern der Verletzlichkeit des Menschen eine Bilderwelt, die die literarischen Werke mit seltsamer Leichtigkeit in die heutige Zeit\u2026","rel":"","context":"In &quot;Ausstellungen und Veranstaltungen&quot;","block_context":{"text":"Ausstellungen und Veranstaltungen","link":"https:\/\/blog.sub.uni-hamburg.de\/?cat=9"},"img":{"alt_text":"Susanne Theumer \u2013 WELT IM KOPF","src":"https:\/\/i0.wp.com\/blog.sub.uni-hamburg.de\/wp-content\/uploads\/2011\/07\/theumerplakat.jpg?resize=350%2C200&ssl=1","width":350,"height":200},"classes":[]}],"jetpack_sharing_enabled":true,"_links":{"self":[{"href":"https:\/\/blog.sub.uni-hamburg.de\/index.php?rest_route=\/wp\/v2\/posts\/8406","targetHints":{"allow":["GET"]}}],"collection":[{"href":"https:\/\/blog.sub.uni-hamburg.de\/index.php?rest_route=\/wp\/v2\/posts"}],"about":[{"href":"https:\/\/blog.sub.uni-hamburg.de\/index.php?rest_route=\/wp\/v2\/types\/post"}],"author":[{"embeddable":true,"href":"https:\/\/blog.sub.uni-hamburg.de\/index.php?rest_route=\/wp\/v2\/users\/19"}],"replies":[{"embeddable":true,"href":"https:\/\/blog.sub.uni-hamburg.de\/index.php?rest_route=%2Fwp%2Fv2%2Fcomments&post=8406"}],"version-history":[{"count":12,"href":"https:\/\/blog.sub.uni-hamburg.de\/index.php?rest_route=\/wp\/v2\/posts\/8406\/revisions"}],"predecessor-version":[{"id":20800,"href":"https:\/\/blog.sub.uni-hamburg.de\/index.php?rest_route=\/wp\/v2\/posts\/8406\/revisions\/20800"}],"wp:attachment":[{"href":"https:\/\/blog.sub.uni-hamburg.de\/index.php?rest_route=%2Fwp%2Fv2%2Fmedia&parent=8406"}],"wp:term":[{"taxonomy":"category","embeddable":true,"href":"https:\/\/blog.sub.uni-hamburg.de\/index.php?rest_route=%2Fwp%2Fv2%2Fcategories&post=8406"},{"taxonomy":"post_tag","embeddable":true,"href":"https:\/\/blog.sub.uni-hamburg.de\/index.php?rest_route=%2Fwp%2Fv2%2Ftags&post=8406"}],"curies":[{"name":"wp","href":"https:\/\/api.w.org\/{rel}","templated":true}]}}