{"id":8355,"date":"2012-06-28T13:49:05","date_gmt":"2012-06-28T11:49:05","guid":{"rendered":"http:\/\/blog.sub.uni-hamburg.de\/?p=8355"},"modified":"2022-08-24T15:23:54","modified_gmt":"2022-08-24T13:23:54","slug":"interessantes-zum-expo-des-monats-juni-adam-olearius","status":"publish","type":"post","link":"https:\/\/blog.sub.uni-hamburg.de\/?p=8355","title":{"rendered":"Interessantes zum Expo des Monats Juni: \u00abAdam Olearius\u00bb"},"content":{"rendered":"<p><img loading=\"lazy\" decoding=\"async\" src=\"https:\/\/blog.sub.uni-hamburg.de\/wp-content\/uploads\/2012\/06\/edm-olearius-06-2012.jpg\" alt=\"Antje Theise (li.) pr\u00e4sentiert im Handschriftenlesesaal das Expo des Monats Juni: \u00abAdam Olearius\u00bb\" title=\"Antje Theise (li.) pr\u00e4sentiert im Handschriftenlesesaal das Expo des Monats Juni: \u00abAdam Olearius\u00bb\" width=\"300\" height=\"210\" style=\"float: left; padding-left:0px; margin-right:25px; margin-bottom:25px;\" \/> Gestern hat Kollegin Antje Theise in unserer beliebten und mittlerweile schon traditionellen Veranstaltungsreihe \u00ab<a href=\"http:\/\/www.sub.uni-hamburg.de\/bibliotheken\/ausstellungen-und-veranstaltungen\/online-ausstellungen\/exponate-des-monats.html\">Exponat des Monats<\/a>\u00bb den Orientalischen Reisebericht von Adam Olearius vorgestellt. In ihrer Pr\u00e4sentation, die Sie auch als Virtuelle Ausstellung unter dem Titel \u00ab<a href=\"https:\/\/www.sub.uni-hamburg.de\/bibliotheken\/ausstellungen-und-veranstaltungen\/online-ausstellungen\/exponate-des-monats\/adam-olearius-und-sein-geschenk-an-die-gottorfer-herzogin.html\">Adam Olearius und sein Geschenk an die Gottorfer Herzogin<\/a>\u00bb betrachten k\u00f6nnen, hat die Referentin f\u00fcr Seltene und Alte Drucke die ihr mit gro\u00dfem Interesse folgende Zuh\u00f6rerschaft nicht nur in ein faszinierendes Werk eingef\u00fchrt, sondern einen lebendigen Eindruck der abenteuerlichen Reise einer schleswig&#8217;schen Delegation im 17. Jahrhundert vermittelt und die Besonderheit der im Bestand unserer Bibliothek befindlichen Ausgabe herausgestellt, die Olearius mit handschriftlicher Widmung als Geschenk an die Gottorfer Herzogin, Maria Elisabeth (1610-1684), zu einem ganz besonderen Unikat gemacht hatte:<\/p>\n<p><img loading=\"lazy\" decoding=\"async\" data-attachment-id=\"8356\" data-permalink=\"https:\/\/blog.sub.uni-hamburg.de\/?attachment_id=8356\" data-orig-file=\"https:\/\/blog.sub.uni-hamburg.de\/wp-content\/uploads\/2012\/06\/olearius-widmung.jpg\" data-orig-size=\"215,228\" data-comments-opened=\"1\" data-image-meta=\"{&quot;aperture&quot;:&quot;0&quot;,&quot;credit&quot;:&quot;&quot;,&quot;camera&quot;:&quot;&quot;,&quot;caption&quot;:&quot;&quot;,&quot;created_timestamp&quot;:&quot;0&quot;,&quot;copyright&quot;:&quot;&quot;,&quot;focal_length&quot;:&quot;0&quot;,&quot;iso&quot;:&quot;0&quot;,&quot;shutter_speed&quot;:&quot;0&quot;,&quot;title&quot;:&quot;&quot;}\" data-image-title=\"Olearius&amp;#8217; handschriftliche Widmung f\u00fcr die Herzogin\" data-image-description=\"\" data-image-caption=\"&lt;p&gt;Olearius&amp;#8217; handschriftliche Widmung f\u00fcr die Herzogin&lt;\/p&gt;\n\" data-large-file=\"https:\/\/blog.sub.uni-hamburg.de\/wp-content\/uploads\/2012\/06\/olearius-widmung.jpg\" src=\"https:\/\/blog.sub.uni-hamburg.de\/wp-content\/uploads\/2012\/06\/olearius-widmung.jpg\" alt=\"Olearius&#039; handschriftliche Widmung f\u00fcr die Herzogin\" title=\"Olearius&#039; handschriftliche Widmung f\u00fcr die Herzogin\" width=\"215\" height=\"228\" class=\"size-full wp-image-8356\" align=\"alignright\" \/> <\/p>\n<blockquote><p>Der durchlauchtigsten hochgebornen F\u00fcrstin und Frauen Maria Elisabeth geborne F\u00fcrstin au\u00df Churf\u00fcrstl. Stam zu Sachsen Hertzogin zu Schleswig Holstein Stormarn und der Dithmarsen, Gr\u00e4fin zu Oldenburg und Delmenhorst Seiner gnedigsten F\u00fcrstin offeriret dieses Buch in Unterth\u00e4nigkeit der Autor M. Adam Olearius.<\/p><\/blockquote>\n<p style=\"clear:both;\">\u00a0<\/p>\n<p><!--more--><br \/>\n<a href=\"http:\/\/www.ubs.sbg.ac.at\/sosa\/bdm\/bdm0612.htm\"><img loading=\"lazy\" decoding=\"async\" src=\"https:\/\/blog.sub.uni-hamburg.de\/wp-content\/uploads\/2012\/06\/persianischer-rosenthal.jpg\" alt=\"Saadi \/ Adam Olearius (\u00dcbers.): Persianischer Rosenthal. Schleswig, 1654.\" title=\"Saadi \/ Adam Olearius (\u00dcbers.): Persianischer Rosenthal. Schleswig, 1654.\" width=\"300\" height=\"217\" style=\"float: left; padding-left:0px; padding-top:0px; margin-right:25px; margin-bottom:25px;\" \/><\/a> Als Reaktion auf einen <a href=\"https:\/\/twitter.com\/stabihh\/status\/217985537653481473\">Stabi-Tweet<\/a> zur gestrigen Veranstaltung hat uns Bernd-Christoph K\u00e4mper auf eine kuriose Parallele hingewiesen: Zeitgleich zu unserem Exponat des Monats hat auch die UB Salzburg Olearius diesen Monat besondere Aufmerksamkeit geschenkt und den von ihm \u00fcbersetzten \u00abPersianischen Rosenthal\u00bb (1654) zum \u00ab<a href=\"http:\/\/www.ubs.sbg.ac.at\/sosa\/bdm\/bdm0612.htm\">Buch des Monats Juni 2012<\/a>\u00bb gemacht. Herr K\u00e4mper war auch so nett, noch zwei weitere Hinweise zu Olearius zu geben, die wir in der Folge gerne an Sie weiter reichen m\u00f6chten: <\/p>\n<p><a href=\"https:\/\/blog.sub.uni-hamburg.de\/wp-content\/uploads\/2012\/06\/olearius-noteburg-gr.jpg\"><img loading=\"lazy\" decoding=\"async\" src=\"https:\/\/blog.sub.uni-hamburg.de\/wp-content\/uploads\/2012\/06\/olearius-noteburg-gr-181x300.jpg\" alt=\"Offt begehrte Beschreibung Der Newen Orientalischen Reise\" title=\"Offt begehrte Beschreibung Der Newen Orientalischen Reise, Herzog August Bibliothek Wolfenb\u00fcttel\" width=\"181\" height=\"300\" style=\"float: right; padding-right:0px; padding-top:10px; margin-left:25px; margin-bottom:25px;\" \/><\/a> Umfangreiche Sekund\u00e4rlitaratur &#8211; zug\u00e4nglich \u00fcber Campus-Lizenz &#8211; l\u00e4sst sich \u00fcber diesen <a href=\"http:\/\/www.jstor.org\/action\/doAdvancedResults?hp=25&#038;la=&#038;wc=on&#038;gw=jtx&#038;q0=%22adam+olearius%22&#038;f0=all&#038;c0=&#038;sd=&#038;ed=&#038;jo=&#038;acc=off\">JStor-Link<\/a> verfolgen (via <a href=\"https:\/\/twitter.com\/bckaemper\/status\/218020125822029826\">@bckaemper<\/a>) und der bei uns pr\u00e4sentierte Reisebericht ist in der Ausgabe der Herzog August Bibliothek Wolfenb\u00fcttel als Digitalisat vollst\u00e4ndig im Netz: &#8220;<a href=\"http:\/\/diglib.hab.de\/wdb.php?dir=drucke\/263-1-hist-2f&#038;image=00189\">Offt begehrte Beschreibung Der Newen Orientalischen Reise<\/a>&#8221; (via <a href=\"https:\/\/twitter.com\/bckaemper\/status\/218011438978048001\">@bckaemper<\/a>). Dank des Digitalisates k\u00f6nnen Sie den kompletten Reisebericht online lesen. Nebenstehende Abbildung zeigt die Textstelle \u00abZu Noteburg angekommen\u00bb (zugeh\u00f6rige <a href=\"http:\/\/diglib.hab.de\/wdb.php?dir=drucke\/263-1-hist-2f&#038;image=00040\">URL der HAB<\/a>). M\u00f6chten Sie, wie die Besucher unserer gestrigen Veranstaltung, die Aura des Originales erleben, k\u00f6nnen Sie selbstverst\u00e4ndlich das <a href=\"https:\/\/kataloge.uni-hamburg.de\/DB=1\/PPNSET?PPN=155847414\">Original<\/a> auch im Handschriftenlesesaal einsehen.<\/p>\n<p><a href=\"https:\/\/blog.sub.uni-hamburg.de\/wp-content\/uploads\/2012\/06\/olearius-maletzke.jpg\"><img loading=\"lazy\" decoding=\"async\" src=\"https:\/\/blog.sub.uni-hamburg.de\/wp-content\/uploads\/2012\/06\/olearius-maletzke.jpg\" alt=\"Erich Maletzke: Adam Olearius \u2013 Gottorfer Hofgelehrter; ein turbulentes Leben\" title=\"Erich Maletzke: Adam Olearius \u2013 Gottorfer Hofgelehrter; ein turbulentes Leben\" width=\"189\" height=\"300\" style=\"float: left; padding-left:0px; padding-top:7px; margin-right:25px; margin-bottom:25px;\" \/><\/a> Haben wir Sie nun neugierig gemacht auf diese au\u00dfergew\u00f6hnliche Handelsreise in den Orient und m\u00f6chten Sie mehr dar\u00fcber erfahren? Dann k\u00f6nnen wir Ihnen den erst k\u00fcrzlich erschienenen dokumentarischen Roman von Erich Maletzke empfehlen: \u00ab<a href=\"http:\/\/www.maletzke.com\/?page=buch&#038;id=24\">Adam Olearius: Gottorfer Hofgelehrter; ein turbulentes Leben<\/a>\u00bb. Maletzkes Text haben wir auch als E-Book, wenn Sie einmal einen Blick rein werfen oder ihn komplett lesen m\u00f6chten, bitte hier entlang: E-Book Erich Maletzke: \u00ab<a href=\"https:\/\/kataloge.uni-hamburg.de\/DB=1\/PPNSET?PPN=645209228\">Adam Olearius: Gottorfer Hofgelehrter; ein turbulentes Leben<\/a>\u00bb.<\/p>\n<p>Der NDR hat den Roman Maletzkes und die Umst\u00e4nde rund um die abenteuerliche Handelsreise von Olearius &#038; Co. (die immerhin mit der Hinrichtung des Hamburger Kaufmanns Otto Br\u00fcggemann endete) in einem sehenswerten Beitrag aus der Reihe <em>Zeitreise<\/em> zusammengefasst <a href=\"http:\/\/www.ndr.de\/fernsehen\/sendungen\/s-h_magazin\/zeitreise\/zeitreise443.html\">Br\u00fcggemanns Expedition nach Persien<\/a>: <\/p>\n<p><a href=\"http:\/\/www.ndr.de\/fernsehen\/sendungen\/s-h_magazin\/zeitreise\/zeitreise443.html\"><img loading=\"lazy\" decoding=\"async\" src=\"https:\/\/blog.sub.uni-hamburg.de\/wp-content\/uploads\/2012\/06\/brueggemann-ndr.jpg\" alt=\"NDR-Zeitreise: Br\u00fcggemanns Expedition nach Persien\" title=\"NDR-Zeitreise: Br\u00fcggemanns Expedition nach Persien\" width=\"250\" height=\"302\" style=\"float: right; padding-right:0px; padding-top:0px; margin-left:25px; margin-bottom:25px;\" \/><\/a><\/p>\n<blockquote><p>Der Hamburger Kaufmann Otto Br\u00fcggemann schlug dem Schleswiger Herzog Friedrich III. vor, mit einer Delegation in die persische Hauptstadt Isfahan zu fahren. Seine Idee: den lukrativen Seidenhandel an sich zu ziehen. Tats\u00e4chlich schickte Friedrich eine gro\u00dfz\u00fcgig ausgestattete Reisegruppe los.<\/p><\/blockquote>\n<p>Lassen Sie mich den Reigen der Informationen abschlie\u00dfen mit drei Hinweisen, die Antje Theise im Nachgang zu ihrem gestrigen Vortrag noch an Sie weiter geben m\u00f6chte: <\/p>\n<p>Zum Fall des Hamburger Kaufmanns Otto Br\u00fcggemann gibt es einen sehr ausf\u00fchrlichen und lesenswerten FAZ-Artikel vom 29. Januar 2011 (Nr. 24) von Axel Pinck und Klaus Martini, aus der Beilage Bilder und Zeiten, S. Z1-Z2, der komplett online ist \u00ab<a href=\"http:\/\/www.faz.net\/frankfurter-allgemeine-zeitung\/bilder-und-zeiten\/mit-groessenwahn-gegen-den-staatsbankrott-1576733.html\">Mit Gr\u00f6\u00dfenwahn gegen den Staatsbankrott<\/a>\u00bb:<\/p>\n<blockquote><p>Gewagte Spekulationen, hohes Risiko, Profitgier und gro\u00dfartige Pleiten sind nicht nur Erscheinungen unserer Tage. Das zeigen Aufstieg und Fall des Hamburger Kaufmanns Otto Br\u00fcggemann zur Zeit des Drei\u00dfigj\u00e4hrigen Krieges.<\/p><\/blockquote>\n<p>Last but not least soll die von Olearius mit dem vorgestellten Reisebericht so reich beschenkte Herzogin zu Worte kommen, und zwar mit zwei ihrer komplett digitaliserten Drucke, die im gestrigen Vortrag auch erw\u00e4hnt wurden:<\/p>\n<p>Das von Maria Elisabeth f\u00fcr ihre gleichnamige Tochter konzipierte und zusammen mit Olearius herausgegebene <a href=\"http:\/\/diglib.hab.de\/wdb.php?dir=drucke\/lo-4f-264-20\">Hochzeitsballett<\/a> und die von Maria Elisabeth in Zusammenarbeit mit Olearius herausgebrachte <a href=\"http:\/\/diglib.hab.de\/wdb.php?dir=drucke\/bibel-s-65\">Lutherbibel<\/a> (1664) mit extra gro\u00dfen Buchstaben f\u00fcr \u00e4ltere Menschen.<\/p>\n","protected":false},"excerpt":{"rendered":"<p>Gestern hat Kollegin Antje Theise in unserer beliebten und mittlerweile schon traditionellen Veranstaltungsreihe \u00abExponat des Monats\u00bb den Orientalischen Reisebericht von Adam Olearius vorgestellt. In ihrer Pr\u00e4sentation, die Sie auch als Virtuelle Ausstellung unter dem Titel \u00abAdam Olearius und sein Geschenk an die Gottorfer Herzogin\u00bb betrachten k\u00f6nnen, hat die Referentin f\u00fcr Seltene und Alte Drucke die [&hellip;]<\/p>\n","protected":false},"author":19,"featured_media":0,"comment_status":"open","ping_status":"open","sticky":false,"template":"","format":"standard","meta":{"jetpack_post_was_ever_published":false,"_jetpack_newsletter_access":"","_jetpack_dont_email_post_to_subs":false,"_jetpack_newsletter_tier_id":0,"_jetpack_memberships_contains_paywalled_content":false,"_jetpack_memberships_contains_paid_content":false,"footnotes":"","jetpack_publicize_message":"","jetpack_publicize_feature_enabled":true,"jetpack_social_post_already_shared":false,"jetpack_social_options":{"image_generator_settings":{"template":"highway","default_image_id":0,"font":"","enabled":false},"version":2}},"categories":[9],"tags":[],"class_list":["post-8355","post","type-post","status-publish","format-standard","hentry","category-ausstellungen"],"views":10003,"jetpack_publicize_connections":[],"jetpack_featured_media_url":"","jetpack_shortlink":"https:\/\/wp.me\/p7hfNR-2aL","jetpack-related-posts":[{"id":8136,"url":"https:\/\/blog.sub.uni-hamburg.de\/?p=8136","url_meta":{"origin":8355,"position":0},"title":"Exponat des Monats Juni: Adam Olearius (27.6.)","author":"Markus Trapp","date":"15-06-12","format":false,"excerpt":"Aus den Sondersammlungen: Exponat des Monats: Adam Olearius und sein Geschenk an die Gottorfer Herzogin Antje Theise, Referentin f\u00fcr Seltene und Alte Drucke, stellt ihre j\u00fcngste, h\u00f6chst wertvolle Entdeckung im Bestand der Stabi vor: Die von Adam Olearius (1599-1671) im Jahr 1647 in Schleswig erstmals herausgegebene \u201eOfft begehrte Beschreibung Der\u2026","rel":"","context":"In &quot;Ausstellungen und Veranstaltungen&quot;","block_context":{"text":"Ausstellungen und Veranstaltungen","link":"https:\/\/blog.sub.uni-hamburg.de\/?cat=9"},"img":{"alt_text":"Adam Olearius und sein Geschenk an die Gottorfer Herzogin","src":"https:\/\/i0.wp.com\/blog.sub.uni-hamburg.de\/wp-content\/uploads\/2012\/05\/12-Juni-Olearius_titel.jpg?resize=350%2C200&ssl=1","width":350,"height":200},"classes":[]},{"id":15008,"url":"https:\/\/blog.sub.uni-hamburg.de\/?p=15008","url_meta":{"origin":8355,"position":1},"title":"Kupferstichausstellung: Manier, Mythos und Moral \u2013 Niederl\u00e4ndische Druckgraphik um 1600 (4.7.-24.8.)","author":"Markus Trapp","date":"19-06-14","format":false,"excerpt":"Manier, Mythos und Moral \u2013 Niederl\u00e4ndische Druckgraphik um 1600 aus der Staats- und Universit\u00e4tsbibliothek Hamburg Die manieristische Druckgraphik in der Kupferstichsammlung der Staats- und Universit\u00e4tsbibliothek Hamburg ist ein verborgener Schatz. Die ca. 2.000 Bl\u00e4tter stammen aus Hamburger Privatsammlungen des 18. Jahrhunderts, die vornehmlich niederl\u00e4ndische Kunstwerke enthielten: Graphiken namhafter niederl\u00e4ndischer K\u00fcnstler,\u2026","rel":"","context":"In &quot;Ausstellungen und Veranstaltungen&quot;","block_context":{"text":"Ausstellungen und Veranstaltungen","link":"https:\/\/blog.sub.uni-hamburg.de\/?cat=9"},"img":{"alt_text":"","src":"https:\/\/i0.wp.com\/blog.sub.uni-hamburg.de\/wp-content\/uploads\/2014\/06\/kupferstich-ausstraum.jpg?resize=350%2C200&ssl=1","width":350,"height":200,"srcset":"https:\/\/i0.wp.com\/blog.sub.uni-hamburg.de\/wp-content\/uploads\/2014\/06\/kupferstich-ausstraum.jpg?resize=350%2C200&ssl=1 1x, https:\/\/i0.wp.com\/blog.sub.uni-hamburg.de\/wp-content\/uploads\/2014\/06\/kupferstich-ausstraum.jpg?resize=525%2C300&ssl=1 1.5x"},"classes":[]},{"id":1279,"url":"https:\/\/blog.sub.uni-hamburg.de\/?p=1279","url_meta":{"origin":8355,"position":2},"title":"AB UND ZU F\u00c4LLE mit Gogol, Charms und weiteren Autoren \u2013 Ausstellung 29.5.- 5.7. 2009","author":"MG","date":"04-05-09","format":false,"excerpt":"Vladimir Sitnikov studierte Buchgraphik an der Moskauer Kunstakademie und geh\u00f6rte zu der j\u00fcngeren Generation der Moskauer Konzeptualisten. Nach seiner Emigration nach Deutschland im Jahre 1995 entwickelte er seine Buchkunst im Spannungsfeld der Begegnung und Konfrontation mit der postsowjetischen Zeit und der postmodernen Kultur des Westens weiter. Die Ausstellung zeigt seine\u2026","rel":"","context":"In &quot;Ausstellungen und Veranstaltungen&quot;","block_context":{"text":"Ausstellungen und Veranstaltungen","link":"https:\/\/blog.sub.uni-hamburg.de\/?cat=9"},"img":{"alt_text":"","src":"","width":0,"height":0},"classes":[]},{"id":41171,"url":"https:\/\/blog.sub.uni-hamburg.de\/?p=41171","url_meta":{"origin":8355,"position":3},"title":"Roter Salon: Heinrich Detering &#8211; \u201eDie Revolte der Erde, Karl Marx und die \u00d6kologie\u201c (24.11.)","author":"Markus Trapp","date":"10-11-25","format":false,"excerpt":"Montag, 24.11., 18.30 Uhr, Vortragsraum. \u00d6kologische Sensibilit\u00e4t bestimmt Karl Marx\u2019 Werk von Anfang an. Sie ist nicht erst das Ergebnis eines sp\u00e4ten Wandels, sondern impr\u00e4gniert sein Denken von den fr\u00fchen Schriften \u00fcber das \u201eKapital\u201c bis in seine letzten Jahre. Marx nimmt das Naturdenken der Romantik auf und stellt es vom\u2026","rel":"","context":"In &quot;Ausstellungen und Veranstaltungen&quot;","block_context":{"text":"Ausstellungen und Veranstaltungen","link":"https:\/\/blog.sub.uni-hamburg.de\/?cat=9"},"img":{"alt_text":"Prof. Dr. Heinrich Detering","src":"https:\/\/i0.wp.com\/blog.sub.uni-hamburg.de\/wp-content\/uploads\/2025\/11\/Heinrich-Detering.jpg?resize=350%2C200&ssl=1","width":350,"height":200},"classes":[]},{"id":17042,"url":"https:\/\/blog.sub.uni-hamburg.de\/?p=17042","url_meta":{"origin":8355,"position":4},"title":"Hamburger Theaterfr\u00fchling 2015","author":"JN","date":"27-01-15","format":false,"excerpt":"Frischen Wind in die Annalen der Hamburger Theatergeschichte bl\u00e4st ein Theaterfr\u00fchling der besonderen Art, wie er sich in den Tagen zwischen dem 11. und 22. M\u00e4rz 2015 an der Universit\u00e4t Hamburg pr\u00e4sentieren wird. Zun\u00e4chst werden zwei Konzerte des Ensembles barockwerk hamburg am 11. und 12. M\u00e4rz (PDF) im imposanten Lichthof\u2026","rel":"","context":"In &quot;Ausstellungen und Veranstaltungen&quot;","block_context":{"text":"Ausstellungen und Veranstaltungen","link":"https:\/\/blog.sub.uni-hamburg.de\/?cat=9"},"img":{"alt_text":"Carl Heinrich Kitzerow: Das Ackermannsche Com\u00f6dienhaus, Aquarell, Hamburg 1832 (SUB, Theatersammlung, G 31)","src":"https:\/\/i0.wp.com\/blog.sub.uni-hamburg.de\/wp-content\/uploads\/2015\/01\/Konzert-11032015-Bild-4kl.jpg?resize=350%2C200&ssl=1","width":350,"height":200},"classes":[]},{"id":11828,"url":"https:\/\/blog.sub.uni-hamburg.de\/?p=11828","url_meta":{"origin":8355,"position":5},"title":"B\u00f6ll-Stiftung: Vorzeigeland Polen: Wachstum, Wohlstand, EU-Integration? (27.5.)","author":"Markus Trapp","date":"13-05-13","format":false,"excerpt":"Die B\u00f6ll-Stiftung l\u00e4dt ein zu Teil I ihrer Veranstaltungsreihe \u201eEuropas Krisen \u2013 Europas Chancen?\u201c Vorzeigeland Polen: Wachstum, Wohlstand, EU-Integration? Mo, 27.5.13 18 bis 20 Uhr Staats- und Universit\u00e4tsbibliothek Hamburg, Vortragssaal (1. Stock) Eintritt frei. In den letzten zwei Jahrzehnten hat Polen nicht nur einen politischen, sondern vor allem einen wirtschaftlichen\u2026","rel":"","context":"In &quot;Ausstellungen und Veranstaltungen&quot;","block_context":{"text":"Ausstellungen und Veranstaltungen","link":"https:\/\/blog.sub.uni-hamburg.de\/?cat=9"},"img":{"alt_text":"","src":"https:\/\/i0.wp.com\/blog.sub.uni-hamburg.de\/wp-content\/uploads\/2013\/05\/warschau-boellst-052013.jpg?resize=350%2C200&ssl=1","width":350,"height":200},"classes":[]}],"jetpack_sharing_enabled":true,"_links":{"self":[{"href":"https:\/\/blog.sub.uni-hamburg.de\/index.php?rest_route=\/wp\/v2\/posts\/8355","targetHints":{"allow":["GET"]}}],"collection":[{"href":"https:\/\/blog.sub.uni-hamburg.de\/index.php?rest_route=\/wp\/v2\/posts"}],"about":[{"href":"https:\/\/blog.sub.uni-hamburg.de\/index.php?rest_route=\/wp\/v2\/types\/post"}],"author":[{"embeddable":true,"href":"https:\/\/blog.sub.uni-hamburg.de\/index.php?rest_route=\/wp\/v2\/users\/19"}],"replies":[{"embeddable":true,"href":"https:\/\/blog.sub.uni-hamburg.de\/index.php?rest_route=%2Fwp%2Fv2%2Fcomments&post=8355"}],"version-history":[{"count":35,"href":"https:\/\/blog.sub.uni-hamburg.de\/index.php?rest_route=\/wp\/v2\/posts\/8355\/revisions"}],"predecessor-version":[{"id":33502,"href":"https:\/\/blog.sub.uni-hamburg.de\/index.php?rest_route=\/wp\/v2\/posts\/8355\/revisions\/33502"}],"wp:attachment":[{"href":"https:\/\/blog.sub.uni-hamburg.de\/index.php?rest_route=%2Fwp%2Fv2%2Fmedia&parent=8355"}],"wp:term":[{"taxonomy":"category","embeddable":true,"href":"https:\/\/blog.sub.uni-hamburg.de\/index.php?rest_route=%2Fwp%2Fv2%2Fcategories&post=8355"},{"taxonomy":"post_tag","embeddable":true,"href":"https:\/\/blog.sub.uni-hamburg.de\/index.php?rest_route=%2Fwp%2Fv2%2Ftags&post=8355"}],"curies":[{"name":"wp","href":"https:\/\/api.w.org\/{rel}","templated":true}]}}