{"id":8307,"date":"2012-06-27T12:01:58","date_gmt":"2012-06-27T10:01:58","guid":{"rendered":"http:\/\/blog.sub.uni-hamburg.de\/?p=8307"},"modified":"2012-08-27T16:13:37","modified_gmt":"2012-08-27T14:13:37","slug":"uberlebenskunst-konfliktbearbeitung-durch-textile-bilder-11-7-26-8","status":"publish","type":"post","link":"https:\/\/blog.sub.uni-hamburg.de\/?p=8307","title":{"rendered":"\u00dcberlebensKunst \u2013 Konfliktbearbeitung durch textile Bilder (11.7.-26.8.)"},"content":{"rendered":"\n\t\t<style type=\"text\/css\">\n\t\t\t#gallery-1 {\n\t\t\t\tmargin: auto;\n\t\t\t}\n\t\t\t#gallery-1 .gallery-item {\n\t\t\t\tfloat: left;\n\t\t\t\tmargin-top: 10px;\n\t\t\t\ttext-align: center;\n\t\t\t\twidth: 33%;\n\t\t\t}\n\t\t\t#gallery-1 img {\n\t\t\t\tborder: 2px solid #cfcfcf;\n\t\t\t}\n\t\t\t#gallery-1 .gallery-caption {\n\t\t\t\tmargin-left: 0;\n\t\t\t}\n\t\t\t\/* see gallery_shortcode() in wp-includes\/media.php *\/\n\t\t<\/style>\n\t\t<div data-carousel-extra='{&quot;blog_id&quot;:1,&quot;permalink&quot;:&quot;https:\/\/blog.sub.uni-hamburg.de\/?p=8307&quot;}' id='gallery-1' class='gallery galleryid-8307 gallery-columns-3 gallery-size-thumbnail'><dl class='gallery-item'>\n\t\t\t<dt class='gallery-icon landscape'>\n\t\t\t\t<a href='https:\/\/blog.sub.uni-hamburg.de\/wp-content\/uploads\/2012\/06\/Hornos-de-Lonquen-1000.jpg'><img loading=\"lazy\" decoding=\"async\" width=\"150\" height=\"150\" src=\"https:\/\/blog.sub.uni-hamburg.de\/wp-content\/uploads\/2012\/06\/Hornos-de-Lonquen-1000-150x150.jpg\" class=\"attachment-thumbnail size-thumbnail\" alt=\"Hornos de Lonqu\u00e9n, Chile. Foto: Tony Boyle\" aria-describedby=\"gallery-1-8335\" data-attachment-id=\"8335\" data-permalink=\"https:\/\/blog.sub.uni-hamburg.de\/?attachment_id=8335\" data-orig-file=\"https:\/\/blog.sub.uni-hamburg.de\/wp-content\/uploads\/2012\/06\/Hornos-de-Lonquen-1000.jpg\" data-orig-size=\"1000,667\" data-comments-opened=\"1\" data-image-meta=\"{&quot;aperture&quot;:&quot;0&quot;,&quot;credit&quot;:&quot;&quot;,&quot;camera&quot;:&quot;&quot;,&quot;caption&quot;:&quot;&quot;,&quot;created_timestamp&quot;:&quot;0&quot;,&quot;copyright&quot;:&quot;&quot;,&quot;focal_length&quot;:&quot;0&quot;,&quot;iso&quot;:&quot;0&quot;,&quot;shutter_speed&quot;:&quot;0&quot;,&quot;title&quot;:&quot;&quot;}\" data-image-title=\"Hornos de Lonqu\u00e9n, Chile. Foto: Tony Boyle  \" data-image-description=\"\" data-image-caption=\"&lt;p&gt;Hornos de Lonqu\u00e9n, Chile. Foto: Tony Boyle &lt;\/p&gt;\n\" data-large-file=\"https:\/\/blog.sub.uni-hamburg.de\/wp-content\/uploads\/2012\/06\/Hornos-de-Lonquen-1000.jpg\" \/><\/a>\n\t\t\t<\/dt>\n\t\t\t\t<dd class='wp-caption-text gallery-caption' id='gallery-1-8335'>\n\t\t\t\tHornos de Lonqu\u00e9n, Chile. Foto: Tony Boyle \n\t\t\t\t<\/dd><\/dl><dl class='gallery-item'>\n\t\t\t<dt class='gallery-icon landscape'>\n\t\t\t\t<a href='https:\/\/blog.sub.uni-hamburg.de\/wp-content\/uploads\/2012\/06\/Mapuche-Hunger-1000.jpg'><img loading=\"lazy\" decoding=\"async\" width=\"150\" height=\"150\" src=\"https:\/\/blog.sub.uni-hamburg.de\/wp-content\/uploads\/2012\/06\/Mapuche-Hunger-1000-150x150.jpg\" class=\"attachment-thumbnail size-thumbnail\" alt=\"Mapuche Hunger strike. Foto: Martin Melaugh\" aria-describedby=\"gallery-1-8336\" data-attachment-id=\"8336\" data-permalink=\"https:\/\/blog.sub.uni-hamburg.de\/?attachment_id=8336\" data-orig-file=\"https:\/\/blog.sub.uni-hamburg.de\/wp-content\/uploads\/2012\/06\/Mapuche-Hunger-1000.jpg\" data-orig-size=\"1000,667\" data-comments-opened=\"1\" data-image-meta=\"{&quot;aperture&quot;:&quot;0&quot;,&quot;credit&quot;:&quot;&quot;,&quot;camera&quot;:&quot;&quot;,&quot;caption&quot;:&quot;&quot;,&quot;created_timestamp&quot;:&quot;0&quot;,&quot;copyright&quot;:&quot;&quot;,&quot;focal_length&quot;:&quot;0&quot;,&quot;iso&quot;:&quot;0&quot;,&quot;shutter_speed&quot;:&quot;0&quot;,&quot;title&quot;:&quot;&quot;}\" data-image-title=\"Mapuche Hunger strike. Foto: Martin Melaugh\" data-image-description=\"\" data-image-caption=\"&lt;p&gt;Mapuche Hunger strike. Foto: Martin Melaugh&lt;\/p&gt;\n\" data-large-file=\"https:\/\/blog.sub.uni-hamburg.de\/wp-content\/uploads\/2012\/06\/Mapuche-Hunger-1000.jpg\" \/><\/a>\n\t\t\t<\/dt>\n\t\t\t\t<dd class='wp-caption-text gallery-caption' id='gallery-1-8336'>\n\t\t\t\tMapuche Hunger strike. Foto: Martin Melaugh\n\t\t\t\t<\/dd><\/dl><dl class='gallery-item'>\n\t\t\t<dt class='gallery-icon landscape'>\n\t\t\t\t<a href='https:\/\/blog.sub.uni-hamburg.de\/wp-content\/uploads\/2012\/06\/The-hand-that-cared-1000.jpg'><img loading=\"lazy\" decoding=\"async\" width=\"150\" height=\"150\" src=\"https:\/\/blog.sub.uni-hamburg.de\/wp-content\/uploads\/2012\/06\/The-hand-that-cared-1000-150x150.jpg\" class=\"attachment-thumbnail size-thumbnail\" alt=\"The hand that cared for them - Foto: Roser Corbera\" aria-describedby=\"gallery-1-8337\" data-attachment-id=\"8337\" data-permalink=\"https:\/\/blog.sub.uni-hamburg.de\/?attachment_id=8337\" data-orig-file=\"https:\/\/blog.sub.uni-hamburg.de\/wp-content\/uploads\/2012\/06\/The-hand-that-cared-1000.jpg\" data-orig-size=\"1000,852\" data-comments-opened=\"1\" data-image-meta=\"{&quot;aperture&quot;:&quot;0&quot;,&quot;credit&quot;:&quot;&quot;,&quot;camera&quot;:&quot;&quot;,&quot;caption&quot;:&quot;&quot;,&quot;created_timestamp&quot;:&quot;0&quot;,&quot;copyright&quot;:&quot;&quot;,&quot;focal_length&quot;:&quot;0&quot;,&quot;iso&quot;:&quot;0&quot;,&quot;shutter_speed&quot;:&quot;0&quot;,&quot;title&quot;:&quot;&quot;}\" data-image-title=\"The hand that cared for them &amp;#8211; Foto: Roser Corbera \" data-image-description=\"\" data-image-caption=\"&lt;p&gt;The\u00a0hand that cared for them. Foto: Roser Corbera&lt;\/p&gt;\n\" data-large-file=\"https:\/\/blog.sub.uni-hamburg.de\/wp-content\/uploads\/2012\/06\/The-hand-that-cared-1000.jpg\" \/><\/a>\n\t\t\t<\/dt>\n\t\t\t\t<dd class='wp-caption-text gallery-caption' id='gallery-1-8337'>\n\t\t\t\tThe\u00a0hand that cared for them. Foto: Roser Corbera\n\t\t\t\t<\/dd><\/dl><br style=\"clear: both\" \/><dl class='gallery-item'>\n\t\t\t<dt class='gallery-icon portrait'>\n\t\t\t\t<a href='https:\/\/blog.sub.uni-hamburg.de\/wp-content\/uploads\/2012\/06\/Peace-Dove-Neves-1000.jpg'><img loading=\"lazy\" decoding=\"async\" width=\"150\" height=\"150\" src=\"https:\/\/blog.sub.uni-hamburg.de\/wp-content\/uploads\/2012\/06\/Peace-Dove-Neves-1000-150x150.jpg\" class=\"attachment-thumbnail size-thumbnail\" alt=\"Peace Dove. Foto: Gustavo Neves\" aria-describedby=\"gallery-1-8338\" data-attachment-id=\"8338\" data-permalink=\"https:\/\/blog.sub.uni-hamburg.de\/?attachment_id=8338\" data-orig-file=\"https:\/\/blog.sub.uni-hamburg.de\/wp-content\/uploads\/2012\/06\/Peace-Dove-Neves-1000.jpg\" data-orig-size=\"1000,1023\" data-comments-opened=\"1\" data-image-meta=\"{&quot;aperture&quot;:&quot;0&quot;,&quot;credit&quot;:&quot;&quot;,&quot;camera&quot;:&quot;&quot;,&quot;caption&quot;:&quot;&quot;,&quot;created_timestamp&quot;:&quot;0&quot;,&quot;copyright&quot;:&quot;&quot;,&quot;focal_length&quot;:&quot;0&quot;,&quot;iso&quot;:&quot;0&quot;,&quot;shutter_speed&quot;:&quot;0&quot;,&quot;title&quot;:&quot;&quot;}\" data-image-title=\"Peace Dove. Foto: Gustavo Neves\" data-image-description=\"\" data-image-caption=\"&lt;p&gt;Peace Dove. Foto: Gustavo Neves&lt;\/p&gt;\n\" data-large-file=\"https:\/\/blog.sub.uni-hamburg.de\/wp-content\/uploads\/2012\/06\/Peace-Dove-Neves-1000.jpg\" \/><\/a>\n\t\t\t<\/dt>\n\t\t\t\t<dd class='wp-caption-text gallery-caption' id='gallery-1-8338'>\n\t\t\t\tPeace Dove. Foto: Gustavo Neves\n\t\t\t\t<\/dd><\/dl><dl class='gallery-item'>\n\t\t\t<dt class='gallery-icon landscape'>\n\t\t\t\t<a href='https:\/\/blog.sub.uni-hamburg.de\/wp-content\/uploads\/2012\/06\/Hornos-de-lonquen-det-1000.jpg'><img loading=\"lazy\" decoding=\"async\" width=\"150\" height=\"150\" src=\"https:\/\/blog.sub.uni-hamburg.de\/wp-content\/uploads\/2012\/06\/Hornos-de-lonquen-det-1000-150x150.jpg\" class=\"attachment-thumbnail size-thumbnail\" alt=\"Hornos de Lonque\u00e9n, Chile - Detail. Foto: Tony Boyle\" aria-describedby=\"gallery-1-8339\" data-attachment-id=\"8339\" data-permalink=\"https:\/\/blog.sub.uni-hamburg.de\/?attachment_id=8339\" data-orig-file=\"https:\/\/blog.sub.uni-hamburg.de\/wp-content\/uploads\/2012\/06\/Hornos-de-lonquen-det-1000.jpg\" data-orig-size=\"1000,674\" data-comments-opened=\"1\" data-image-meta=\"{&quot;aperture&quot;:&quot;0&quot;,&quot;credit&quot;:&quot;&quot;,&quot;camera&quot;:&quot;&quot;,&quot;caption&quot;:&quot;&quot;,&quot;created_timestamp&quot;:&quot;0&quot;,&quot;copyright&quot;:&quot;&quot;,&quot;focal_length&quot;:&quot;0&quot;,&quot;iso&quot;:&quot;0&quot;,&quot;shutter_speed&quot;:&quot;0&quot;,&quot;title&quot;:&quot;&quot;}\" data-image-title=\"Hornos de Lonque\u00e9n, Chile &amp;#8211; Detail. Foto: Tony Boyle\" data-image-description=\"\" data-image-caption=\"&lt;p&gt;Hornos de Lonque\u00e9n, Chile &amp;#8211; Detail. Foto: Tony Boyle&lt;\/p&gt;\n\" data-large-file=\"https:\/\/blog.sub.uni-hamburg.de\/wp-content\/uploads\/2012\/06\/Hornos-de-lonquen-det-1000.jpg\" \/><\/a>\n\t\t\t<\/dt>\n\t\t\t\t<dd class='wp-caption-text gallery-caption' id='gallery-1-8339'>\n\t\t\t\tHornos de Lonque\u00e9n, Chile &#8211; Detail. Foto: Tony Boyle\n\t\t\t\t<\/dd><\/dl><dl class='gallery-item'>\n\t\t\t<dt class='gallery-icon landscape'>\n\t\t\t\t<a href='https:\/\/blog.sub.uni-hamburg.de\/wp-content\/uploads\/2012\/06\/each-of-the-3161-1000.jpg'><img loading=\"lazy\" decoding=\"async\" width=\"150\" height=\"150\" src=\"https:\/\/blog.sub.uni-hamburg.de\/wp-content\/uploads\/2012\/06\/each-of-the-3161-1000-150x150.jpg\" class=\"attachment-thumbnail size-thumbnail\" alt=\"Northern Ireland Quilt. Common loss. Foto: Colin Peck\" aria-describedby=\"gallery-1-8340\" data-attachment-id=\"8340\" data-permalink=\"https:\/\/blog.sub.uni-hamburg.de\/?attachment_id=8340\" data-orig-file=\"https:\/\/blog.sub.uni-hamburg.de\/wp-content\/uploads\/2012\/06\/each-of-the-3161-1000.jpg\" data-orig-size=\"1000,667\" data-comments-opened=\"1\" data-image-meta=\"{&quot;aperture&quot;:&quot;0&quot;,&quot;credit&quot;:&quot;&quot;,&quot;camera&quot;:&quot;&quot;,&quot;caption&quot;:&quot;&quot;,&quot;created_timestamp&quot;:&quot;0&quot;,&quot;copyright&quot;:&quot;&quot;,&quot;focal_length&quot;:&quot;0&quot;,&quot;iso&quot;:&quot;0&quot;,&quot;shutter_speed&quot;:&quot;0&quot;,&quot;title&quot;:&quot;&quot;}\" data-image-title=\"Northern Ireland Quilt. Common loss. Foto: Colin Peck\" data-image-description=\"\" data-image-caption=\"&lt;p&gt;Northern Ireland Quilt. Foto: Colin Peck&lt;\/p&gt;\n\" data-large-file=\"https:\/\/blog.sub.uni-hamburg.de\/wp-content\/uploads\/2012\/06\/each-of-the-3161-1000.jpg\" \/><\/a>\n\t\t\t<\/dt>\n\t\t\t\t<dd class='wp-caption-text gallery-caption' id='gallery-1-8340'>\n\t\t\t\tNorthern Ireland Quilt. Foto: Colin Peck\n\t\t\t\t<\/dd><\/dl><br style=\"clear: both\" \/>\n\t\t<\/div>\n\n<p><cite>Weitere Fotos der ausgestellten Werke sehen Sie auf <a href=\"https:\/\/plus.google.com\/photos\/106836182823490661364\/albums\/5758650972564438577\">Google Plus<\/a>.<\/cite><\/p>\n<p>Die Ausstellung <em>\u00dcberlebensKunst<\/em> hat das Ziel, k\u00fcnstlerische Formen der Konfliktbearbeitung mit der wissenschaftlichen Auseinandersetzung zu Themen aus Krieg und Nachkrieg produktiv zu verbinden. Sie zeigt Arpilleras und Quilts aus unterschiedlichen Kriegs\u2010 und Krisenregionen. Die Exponate sind Produkt einer pers\u00f6nlichen, k\u00fcnstlerischen Auseinandersetzung mit Repression und Krieg. Urspr\u00fcnglich in Chile als Antwort auf die gravierenden Menschenrechtsverletzungen unter der Pinochet\u2010Diktatur entstanden, bilden sie heute eine weit verbreitete Form der gesellschaftlichen Aufarbeitung traumatisierter Kriegs\u2010 und Konflikterlebnisse von Frauen aus verschiedenen Weltregionen. Die Ausstellung umfasst erste Arbeiten chilenischer Frauen, weitere Werke stammen aus Nordirland und Spanien.<\/p>\n<p>Mit unterschiedlicher Schwerpunktsetzung an den verschiedensten Orten weltweit gezeigt \u2013 Derry, Cambridge und London, Dublin, F\u00fcrth und Berlin, Genf, Kingston\/Jamaica, Osaka, S\u00e3o Paulo, Amherst\/University of Massachusetts \u2013, ist die Ausstellung jetzt in Hamburg zu sehen. Ihre Ausdruckskraft in der Verbindung von k\u00fcnstlerischer Arbeit und politischem Inhalt erschlie\u00dft sich bei den meisten Exponaten erst auf den zweiten Blick \u2013 so bei dem vierteiligen Quilt \u201eCommon Loss\u201c der nordirischen K\u00fcnstlerin Irene Mac William, der die \u00fcber 3.000 Todesopfer des Nordirlandkonfliktes anhand roter Flicken eindrucksvoll thematisiert. Gerade dieser \u201ezweite Blick\u201c sorgt f\u00fcr die Nachhaltigkeit der Eindr\u00fccke beim Betrachten dieser Exponate und regt zum weiteren Nachdenken \u00fcber Konfliktursachen und deren Bew\u00e4ltigung an.<br \/>\n<!--more--><br \/>\nDie Exponate werden verbunden mit einschl\u00e4gigen Literaturbeispielen aus dem Sondersammelgebiet der Staats\u2010 und Universit\u00e4tsbibliothek Hamburg zum Thema Friedens\u2010 und Konfliktforschung sowie aus dem Sondersammelgebiet zu Spanien und Portugal.<\/p>\n<p><a name=\"ws\"> <\/a>Im Rahmen eines im Vortragsraum der Stabi (1. Etage) beginnenden <strong>Workshops (vom 27.-29. Juli)<\/strong> werden Ursachen, Konfliktverl\u00e4ufe und Konfliktbew\u00e4ltigungsstrategien der in der Ausstellung gezeigten Wandteppiche erl\u00e4utert und analysiert. Ausf\u00fchrliche Informationen entnehmen Sie bitte der Brosch\u00fcre <a href='https:\/\/blog.sub.uni-hamburg.de\/wp-content\/uploads\/2012\/06\/workshop-leaflet-Ueberlebenskunst.pdf'>Workshop \u00dcberlebenskunst<\/a> (PDF).<br \/>\n<strong>Update 3.8.2012:<\/strong> Deutschlandfunk hat in der gestrigen Ausgabe der Sendung <a href=\"http:\/\/www.dradio.de\/dlf\/programmtipp\/studiozeit-ks\/1827006\/\">Studiozeit<\/a> ausf\u00fchrlich \u00fcber den Workshop berichtet. Der Beitrag von Ursula Storost \u00ab<em>\u00dcberlebenskunst. Wie Gesellschaften mit politischer Gewalt umgehen. Symposium an der Hamburger Universit\u00e4t<\/em>\u00bb kann hier nach geh\u00f6rt werden: <a href=\"http:\/\/ondemand-mp3.dradio.de\/file\/dradio\/2012\/08\/02\/dlf_20120802_2012_8cccf06c.mp3\">MP3<\/a>.<\/p>\n<p><strong>Update 16.8.2012:<\/strong> Sehen Sie hier die <a href=\"https:\/\/blog.sub.uni-hamburg.de\/?p=8759\">Bilder des Workshops<\/a>.<\/p>\n<p><a href=\"https:\/\/blog.sub.uni-hamburg.de\/wp-content\/uploads\/2012\/06\/ueberleben-katalog.jpg\"><img loading=\"lazy\" decoding=\"async\" data-attachment-id=\"8309\" data-permalink=\"https:\/\/blog.sub.uni-hamburg.de\/?attachment_id=8309\" data-orig-file=\"https:\/\/blog.sub.uni-hamburg.de\/wp-content\/uploads\/2012\/06\/ueberleben-katalog.jpg\" data-orig-size=\"250,176\" data-comments-opened=\"1\" data-image-meta=\"{&quot;aperture&quot;:&quot;0&quot;,&quot;credit&quot;:&quot;&quot;,&quot;camera&quot;:&quot;&quot;,&quot;caption&quot;:&quot;&quot;,&quot;created_timestamp&quot;:&quot;0&quot;,&quot;copyright&quot;:&quot;&quot;,&quot;focal_length&quot;:&quot;0&quot;,&quot;iso&quot;:&quot;0&quot;,&quot;shutter_speed&quot;:&quot;0&quot;,&quot;title&quot;:&quot;&quot;}\" data-image-title=\"Ausstellungskatalog \u00dcberlebensKunst\" data-image-description=\"\" data-image-caption=\"\" data-large-file=\"https:\/\/blog.sub.uni-hamburg.de\/wp-content\/uploads\/2012\/06\/ueberleben-katalog.jpg\" src=\"https:\/\/blog.sub.uni-hamburg.de\/wp-content\/uploads\/2012\/06\/ueberleben-katalog.jpg\" alt=\"Ausstellungskatalog \u00dcberlebensKunst\" title=\"Ausstellungskatalog \u00dcberlebensKunst\" width=\"250\" height=\"176\" class=\"alignright size-full wp-image-8309\" style=\"padding-top:0px;\" \/><\/a> Die Kuratorin der Ausstellung, Roberta Bacic, ist Chilenin und lebt seit zehn Jahren in Nordirland. Sie hat u.a. an der Arbeit der Wahrheits\u2010 und Vers\u00f6hnungskommission in Chile mitgewirkt und f\u00fcr die NGO \u201eWar Resisters\u2019 International\u201c in London gearbeitet. Einen \u00dcberblick \u00fcber die von ihr kuratierten Ausstellungen finden Sie unter <a href=\"http:\/\/www.cain.ulst.ac.uk\/quilts\">www.cain.ulst.ac.uk\/quilts<\/a>. <\/p>\n<p>Den <a href='https:\/\/blog.sub.uni-hamburg.de\/wp-content\/uploads\/2012\/06\/2012-07-12_Hamburg_catalogue.pdf'>Ausstellungskatalog<\/a> k\u00f6nnen Sie sich hier im Format PDF herunterladen (49 Seiten. Dateigr\u00f6\u00dfe: 1,6 MB).<\/p>\n<p><strong>Er\u00f6ffnung: Mittwoch, 11. Juli 2012, 18 Uhr (im Vortragsraum, 1. Etage) mit einem Vortrag der Ausstellungskuratorin Roberta Bacic und von PD Dr. Dr. Horacio Riquelme (Hamburg).<\/strong><br \/>\nDauer der Ausstellung: 12. Juli bis 26. August 2012<br \/>\nOrt: Ausstellungsraum<\/p>\n<div id=\"attachment_8342\" style=\"width: 560px\" class=\"wp-caption alignright\"><a href=\"https:\/\/blog.sub.uni-hamburg.de\/wp-content\/uploads\/2012\/06\/ueberleben-besucherin-gr.jpg\"><img loading=\"lazy\" decoding=\"async\" aria-describedby=\"caption-attachment-8342\" data-attachment-id=\"8342\" data-permalink=\"https:\/\/blog.sub.uni-hamburg.de\/?attachment_id=8342\" data-orig-file=\"https:\/\/blog.sub.uni-hamburg.de\/wp-content\/uploads\/2012\/06\/ueberleben-besucherin.jpg\" data-orig-size=\"550,413\" data-comments-opened=\"1\" data-image-meta=\"{&quot;aperture&quot;:&quot;0&quot;,&quot;credit&quot;:&quot;&quot;,&quot;camera&quot;:&quot;&quot;,&quot;caption&quot;:&quot;&quot;,&quot;created_timestamp&quot;:&quot;0&quot;,&quot;copyright&quot;:&quot;&quot;,&quot;focal_length&quot;:&quot;0&quot;,&quot;iso&quot;:&quot;0&quot;,&quot;shutter_speed&quot;:&quot;0&quot;,&quot;title&quot;:&quot;&quot;}\" data-image-title=\"Ausstellungsbesucherin unter dem Werk &amp;#8216;Common loss&amp;#8217;. Foto: Colin Peck\" data-image-description=\"\" data-image-caption=\"&lt;p&gt;Ausstellungsbesucherin unter dem Werk &amp;#8216;Common loss&amp;#8217;. Foto: Colin Peck&lt;\/p&gt;\n\" data-large-file=\"https:\/\/blog.sub.uni-hamburg.de\/wp-content\/uploads\/2012\/06\/ueberleben-besucherin.jpg\" src=\"https:\/\/blog.sub.uni-hamburg.de\/wp-content\/uploads\/2012\/06\/ueberleben-besucherin.jpg\" alt=\"Ausstellungsbesucherin unter dem Werk &#039;Common loss&#039;. Foto: Colin Peck\" title=\"Ausstellungsbesucherin unter dem Werk &#039;Common loss&#039;. Foto: Colin Peck\" width=\"550\" height=\"413\" class=\"size-full wp-image-8342\" srcset=\"https:\/\/blog.sub.uni-hamburg.de\/wp-content\/uploads\/2012\/06\/ueberleben-besucherin.jpg 550w, https:\/\/blog.sub.uni-hamburg.de\/wp-content\/uploads\/2012\/06\/ueberleben-besucherin-300x225.jpg 300w\" sizes=\"auto, (max-width: 550px) 100vw, 550px\" \/><\/a><p id=\"caption-attachment-8342\" class=\"wp-caption-text\">Ausstellungsbesucherin unter dem Werk &#8216;Common loss&#8217;. Foto: Colin Peck<\/p><\/div>\n<p><strong>Update 11.7.2012:<\/strong> <\/p>\n<ul>\n<li> Beschreibungen &#038; Abbildungen im Handout <a href='https:\/\/blog.sub.uni-hamburg.de\/wp-content\/uploads\/2012\/06\/12-\u00dcberlebenskunst-Handout.pdf' style=\"color: rgb(153, 0, 0);\">Arpilleras und Quilts: \u00dcberlebensKunst<\/a> (PDF, 8 Seiten, 387kb)<\/li>\n<li>Sehen Sie hier einige Aufnahmen der in nun in Hamburg aufgeh\u00e4ngten Arpilleras und Quilts: <a href=\"https:\/\/plus.google.com\/photos\/106836182823490661364\/albums\/5763533168581299521\" style=\"color: rgb(153, 0, 0);\">Fotos Ausstellunsgraum<\/a><\/li>\n<\/ul>\n","protected":false},"excerpt":{"rendered":"<p>Weitere Fotos der ausgestellten Werke sehen Sie auf Google Plus. Die Ausstellung \u00dcberlebensKunst hat das Ziel, k\u00fcnstlerische Formen der Konfliktbearbeitung mit der wissenschaftlichen Auseinandersetzung zu Themen aus Krieg und Nachkrieg produktiv zu verbinden. Sie zeigt Arpilleras und Quilts aus unterschiedlichen Kriegs\u2010 und Krisenregionen. Die Exponate sind Produkt einer pers\u00f6nlichen, k\u00fcnstlerischen Auseinandersetzung mit Repression und Krieg. [&hellip;]<\/p>\n","protected":false},"author":19,"featured_media":0,"comment_status":"open","ping_status":"open","sticky":false,"template":"","format":"standard","meta":{"jetpack_post_was_ever_published":false,"_jetpack_newsletter_access":"","_jetpack_dont_email_post_to_subs":false,"_jetpack_newsletter_tier_id":0,"_jetpack_memberships_contains_paywalled_content":false,"_jetpack_memberships_contains_paid_content":false,"footnotes":"","jetpack_publicize_message":"","jetpack_publicize_feature_enabled":true,"jetpack_social_post_already_shared":false,"jetpack_social_options":{"image_generator_settings":{"template":"highway","default_image_id":0,"font":"","enabled":false},"version":2}},"categories":[9],"tags":[],"class_list":["post-8307","post","type-post","status-publish","format-standard","hentry","category-ausstellungen"],"views":11644,"jetpack_publicize_connections":[],"jetpack_featured_media_url":"","jetpack_shortlink":"https:\/\/wp.me\/p7hfNR-29Z","jetpack-related-posts":[{"id":8759,"url":"https:\/\/blog.sub.uni-hamburg.de\/?p=8759","url_meta":{"origin":8307,"position":0},"title":"Workshop \u00dcberlebensKunst: Wie Gesellschaften mit politischer Gewalt umgehen","author":"Markus Trapp","date":"16-08-12","format":false,"excerpt":"Im Rahmen der aktuellen Ausstellung \u00ab\u00dcberlebensKunst \u2013 Konfliktbearbeitung durch textile Bilder\u00bb, die Sie noch bis zum 26. August bei uns im Ausstellungsraum sehen k\u00f6nnen, hat vor kurzem ein 3-t\u00e4giger Workshop stattgefunden, der auf Deutschlandfunk in einem ausf\u00fchrlichen Studiozeit-Feature vorgestellt wurde. Sie k\u00f6nnen den 7,5-min\u00fctigen Beitrag, in dem sowohl die KuratorInnen\u2026","rel":"","context":"In &quot;Ausstellungen und Veranstaltungen&quot;","block_context":{"text":"Ausstellungen und Veranstaltungen","link":"https:\/\/blog.sub.uni-hamburg.de\/?cat=9"},"img":{"alt_text":"Workshop \u00dcberlebensKunst","src":"https:\/\/i0.wp.com\/blog.sub.uni-hamburg.de\/wp-content\/uploads\/2012\/08\/ws-ueberlebenskunst.jpg?resize=350%2C200&ssl=1","width":350,"height":200,"srcset":"https:\/\/i0.wp.com\/blog.sub.uni-hamburg.de\/wp-content\/uploads\/2012\/08\/ws-ueberlebenskunst.jpg?resize=350%2C200&ssl=1 1x, https:\/\/i0.wp.com\/blog.sub.uni-hamburg.de\/wp-content\/uploads\/2012\/08\/ws-ueberlebenskunst.jpg?resize=525%2C300&ssl=1 1.5x"},"classes":[]},{"id":8466,"url":"https:\/\/blog.sub.uni-hamburg.de\/?p=8466","url_meta":{"origin":8307,"position":1},"title":"Las Cunetas \u2013 In den Stra\u00dfengr\u00e4ben Spaniens","author":"Markus Trapp","date":"09-07-12","format":false,"excerpt":"Am Mittwoch Abend, den 11. Juli um 18h, er\u00f6ffnen wir im Vortragsraum der Stabi die Ausstellung \u00ab\u00dcberlebensKunst \u2013 Konfliktbearbeitung durch textile Bilder\u00bb. Bis zum 26. August wird dann in unserem Ausstellungsraum die M\u00f6glichkeit bestehen, den Film \u00abLas Cunetas \u2013 In den Stra\u00dfengr\u00e4ben Spaniens\u00bb zu sehen. Passend zur in der Ausstellung\u2026","rel":"","context":"In &quot;Ausstellungen und Veranstaltungen&quot;","block_context":{"text":"Ausstellungen und Veranstaltungen","link":"https:\/\/blog.sub.uni-hamburg.de\/?cat=9"},"img":{"alt_text":"","src":"","width":0,"height":0},"classes":[]},{"id":2078,"url":"https:\/\/blog.sub.uni-hamburg.de\/?p=2078","url_meta":{"origin":8307,"position":2},"title":"VHG: Statt Vortrag \u00fcber Medienforschung &#8211; Vortrag \u00fcber den Hamburger Bildhauer Gustav Seitz (2. Juni)","author":"MG","date":"01-06-10","format":false,"excerpt":"Der vom Verein f\u00fcr Hamburgische Geschichte am 2. Juni vorgesehene Vortrag von Hans-Ulrich Wagner \u00fcber Medienforschung und Mediengeschichte kann leider wegen Krankheit des Referenten nicht stattfinden. Er wird voraussichtlich im Herbst nachgeholt. Stattdessen wird Professor Joist Grolle einen Vortrag \u00fcber den Hamburger Bildhauer Gustav Seitz (1906-1969) - ein Grenzg\u00e4nger halten,\u2026","rel":"","context":"In &quot;Ausstellungen und Veranstaltungen&quot;","block_context":{"text":"Ausstellungen und Veranstaltungen","link":"https:\/\/blog.sub.uni-hamburg.de\/?cat=9"},"img":{"alt_text":"VHG","src":"https:\/\/i0.wp.com\/blog.sub.uni-hamburg.de\/wp-content\/uploads\/2010\/05\/VHG-Logo.jpg?resize=350%2C200&ssl=1","width":350,"height":200},"classes":[]},{"id":5444,"url":"https:\/\/blog.sub.uni-hamburg.de\/?p=5444","url_meta":{"origin":8307,"position":3},"title":"Susanne Theumer \u2013 WELT IM KOPF (Ausstellung 28.7.-11.9)","author":"Markus Trapp","date":"11-07-11","format":false,"excerpt":"Zeichnungen, originalgraphische B\u00fccher und Mappen zu Literatur: Susanne Theumers feine, aber ausdrucksm\u00e4chtige Radierungen formen zu der Literatur von Jakob Michael Reinhold Lenz, Elias und Veza Canetti, Imre Kert\u00e9sz, Marlen Haushofer und anderen Dichtern der Verletzlichkeit des Menschen eine Bilderwelt, die die literarischen Werke mit seltsamer Leichtigkeit in die heutige Zeit\u2026","rel":"","context":"In &quot;Ausstellungen und Veranstaltungen&quot;","block_context":{"text":"Ausstellungen und Veranstaltungen","link":"https:\/\/blog.sub.uni-hamburg.de\/?cat=9"},"img":{"alt_text":"Susanne Theumer \u2013 WELT IM KOPF","src":"https:\/\/i0.wp.com\/blog.sub.uni-hamburg.de\/wp-content\/uploads\/2011\/07\/theumerplakat.jpg?resize=350%2C200&ssl=1","width":350,"height":200},"classes":[]},{"id":31015,"url":"https:\/\/blog.sub.uni-hamburg.de\/?p=31015","url_meta":{"origin":8307,"position":4},"title":"Vortr\u00e4ge zur Ausstellung &#8220;Wund-Bilder. Walter Raum und Wolfgang Borchert&#8221;","author":"AKH","date":"07-04-21","format":false,"excerpt":"Wie so viele ihrer Generation kehrten Wolfgang Borchert und Walter Raum 1945 aus dem Krieg in ein zerst\u00f6rtes, zerrissenes Deutschland zur\u00fcck. Der Schriftsteller Borchert schuf f\u00fcr diese Generation mit seinem Drama Drau\u00dfen vor der T\u00fcr ein Mahnmal. F\u00fcr sie, die Heimkehrer, lag alles in Tr\u00fcmmern, innerlich wie \u00e4u\u00dferlich. Sie kehrten\u2026","rel":"","context":"In &quot;Ausstellungen und Veranstaltungen&quot;","block_context":{"text":"Ausstellungen und Veranstaltungen","link":"https:\/\/blog.sub.uni-hamburg.de\/?cat=9"},"img":{"alt_text":"","src":"https:\/\/i0.wp.com\/blog.sub.uni-hamburg.de\/wp-content\/uploads\/2021\/04\/Cover_Wund-Bilder.jpg?resize=350%2C200&ssl=1","width":350,"height":200},"classes":[]},{"id":966,"url":"https:\/\/blog.sub.uni-hamburg.de\/?p=966","url_meta":{"origin":8307,"position":5},"title":"Ausstellung &#8220;Jo Mihaly &#8211; T\u00e4nzerin, Schriftstellerin, Politikerin&#8221; (19.6.-3.8.2008)","author":"MG","date":"28-05-08","format":false,"excerpt":"Jo Mihaly (1902-1989) war eine der vielseitigsten Pers\u00f6nlichkeiten der Weimarer Republik, des deutschen Exils und der fr\u00fchen Nachkriegszeit. Die ZEIT nannte sie \u201eeine der gro\u00dfen Frauen des 20. Jahrhunderts\u201c. Mihaly wurde am 25.4.1902 in Westpreu\u00dfen geboren. In den zwanziger Jahren kreierte sie eine ganz eigene Form sozialkritischer \u201eepischer T\u00e4nze\u201c. Da\u2026","rel":"","context":"In &quot;Ausstellungen und Veranstaltungen&quot;","block_context":{"text":"Ausstellungen und Veranstaltungen","link":"https:\/\/blog.sub.uni-hamburg.de\/?cat=9"},"img":{"alt_text":"","src":"https:\/\/i0.wp.com\/blog.sub.uni-hamburg.de\/wp-content\/uploads\/2008\/05\/08-Mihaly.jpg?resize=350%2C200&ssl=1","width":350,"height":200,"srcset":"https:\/\/i0.wp.com\/blog.sub.uni-hamburg.de\/wp-content\/uploads\/2008\/05\/08-Mihaly.jpg?resize=350%2C200&ssl=1 1x, https:\/\/i0.wp.com\/blog.sub.uni-hamburg.de\/wp-content\/uploads\/2008\/05\/08-Mihaly.jpg?resize=525%2C300&ssl=1 1.5x, https:\/\/i0.wp.com\/blog.sub.uni-hamburg.de\/wp-content\/uploads\/2008\/05\/08-Mihaly.jpg?resize=700%2C400&ssl=1 2x, https:\/\/i0.wp.com\/blog.sub.uni-hamburg.de\/wp-content\/uploads\/2008\/05\/08-Mihaly.jpg?resize=1050%2C600&ssl=1 3x"},"classes":[]}],"jetpack_sharing_enabled":true,"_links":{"self":[{"href":"https:\/\/blog.sub.uni-hamburg.de\/index.php?rest_route=\/wp\/v2\/posts\/8307","targetHints":{"allow":["GET"]}}],"collection":[{"href":"https:\/\/blog.sub.uni-hamburg.de\/index.php?rest_route=\/wp\/v2\/posts"}],"about":[{"href":"https:\/\/blog.sub.uni-hamburg.de\/index.php?rest_route=\/wp\/v2\/types\/post"}],"author":[{"embeddable":true,"href":"https:\/\/blog.sub.uni-hamburg.de\/index.php?rest_route=\/wp\/v2\/users\/19"}],"replies":[{"embeddable":true,"href":"https:\/\/blog.sub.uni-hamburg.de\/index.php?rest_route=%2Fwp%2Fv2%2Fcomments&post=8307"}],"version-history":[{"count":28,"href":"https:\/\/blog.sub.uni-hamburg.de\/index.php?rest_route=\/wp\/v2\/posts\/8307\/revisions"}],"predecessor-version":[{"id":8863,"href":"https:\/\/blog.sub.uni-hamburg.de\/index.php?rest_route=\/wp\/v2\/posts\/8307\/revisions\/8863"}],"wp:attachment":[{"href":"https:\/\/blog.sub.uni-hamburg.de\/index.php?rest_route=%2Fwp%2Fv2%2Fmedia&parent=8307"}],"wp:term":[{"taxonomy":"category","embeddable":true,"href":"https:\/\/blog.sub.uni-hamburg.de\/index.php?rest_route=%2Fwp%2Fv2%2Fcategories&post=8307"},{"taxonomy":"post_tag","embeddable":true,"href":"https:\/\/blog.sub.uni-hamburg.de\/index.php?rest_route=%2Fwp%2Fv2%2Ftags&post=8307"}],"curies":[{"name":"wp","href":"https:\/\/api.w.org\/{rel}","templated":true}]}}