{"id":8188,"date":"2012-06-12T09:39:26","date_gmt":"2012-06-12T07:39:26","guid":{"rendered":"http:\/\/blog.sub.uni-hamburg.de\/?p=8188"},"modified":"2012-06-29T12:27:17","modified_gmt":"2012-06-29T10:27:17","slug":"stabi-beflugelt-sommerkonzert-28-6","status":"publish","type":"post","link":"https:\/\/blog.sub.uni-hamburg.de\/?p=8188","title":{"rendered":"Stabi befl\u00fcgelt \u2013 Sommerkonzert (28.6.)"},"content":{"rendered":"<p><img loading=\"lazy\" decoding=\"async\" data-attachment-id=\"8189\" data-permalink=\"https:\/\/blog.sub.uni-hamburg.de\/?attachment_id=8189\" data-orig-file=\"https:\/\/blog.sub.uni-hamburg.de\/wp-content\/uploads\/2012\/06\/stabi-fluegel.jpg\" data-orig-size=\"300,400\" data-comments-opened=\"1\" data-image-meta=\"{&quot;aperture&quot;:&quot;0&quot;,&quot;credit&quot;:&quot;&quot;,&quot;camera&quot;:&quot;&quot;,&quot;caption&quot;:&quot;&quot;,&quot;created_timestamp&quot;:&quot;0&quot;,&quot;copyright&quot;:&quot;&quot;,&quot;focal_length&quot;:&quot;0&quot;,&quot;iso&quot;:&quot;0&quot;,&quot;shutter_speed&quot;:&quot;0&quot;,&quot;title&quot;:&quot;&quot;}\" data-image-title=\"Stabi befl\u00fcgelt \u2013 Sommerkonzert\" data-image-description=\"\" data-image-caption=\"\" data-large-file=\"https:\/\/blog.sub.uni-hamburg.de\/wp-content\/uploads\/2012\/06\/stabi-fluegel.jpg\" class=\"alignright size-full wp-image-8189\" style=\"padding: 0px; margin-left: 15px; margin-bottom: 10px;\" title=\"Stabi befl\u00fcgelt \u2013 Sommerkonzert\" src=\"https:\/\/blog.sub.uni-hamburg.de\/wp-content\/uploads\/2012\/06\/stabi-fluegel.jpg\" alt=\"Stabi befl\u00fcgelt \u2013 Sommerkonzert\" width=\"300\" height=\"400\" srcset=\"https:\/\/blog.sub.uni-hamburg.de\/wp-content\/uploads\/2012\/06\/stabi-fluegel.jpg 300w, https:\/\/blog.sub.uni-hamburg.de\/wp-content\/uploads\/2012\/06\/stabi-fluegel-225x300.jpg 225w\" sizes=\"auto, (max-width: 300px) 100vw, 300px\" \/> <strong>Hamburger Dichter (Borchert, Claudius, Dehmel, Falke, Liliencron) vertont von Komponisten des 19.\/20. Jahrhunderts<\/strong><\/p>\n<p>In dem Konzert erklingen neben bekannten auch viele unbekannte Lieder, die s\u00e4mtlich aus in der Stabi aufbewahrten Dichter- oder Musikernachl\u00e4ssen stammen oder anderweitig einen engen Bezug zu Sammelschwerpunkten der Bibliothek haben.<\/p>\n<p>Pr\u00e4sentiert werden nicht nur bekannte Komponisten wie Brahms, Strauss, Sch\u00f6nberg oder bei den Dichtern Wolfgang Borchert, sondern auch seltener zu h\u00f6rende Namen wie der Wandsbeker Komponist Hugo R\u00fcter, der Hamburger Brahms-Freund Julius Spengel, der Exilkomponist Manfred Gurlitt (ein Enkel des Altonaer Malers Louis Gurlitt) sowie die<br \/>\nHamburger Dichter Gustav Falke, Detlev von Liliencron oder Richard Dehmel. Gerade am Beispiel einiger v\u00f6llig unbekannter, weil unver\u00f6ffentlichter Werke l\u00e4sst sich nachvollziehen, wie reich an ungehobenen Sch\u00e4tzen und kleinen Kostbarkeiten die Sammlungen von Bibliotheken und Archiven noch immer sind. Nicht nur f\u00fcr Buchliebhaber, auch f\u00fcr Musiker, die Neuem gegen\u00fcber aufgeschlossen sind, lohnt die Suche nach dem Besonderen, nicht Allt\u00e4glichen, wie es in diesem Konzert zu h\u00f6ren sein wird.<\/p>\n<p>Mit Katharina Dierks (Mezzosopran) und Inessa Cherepanov (Klavier).<\/p>\n<p><strong>Donnerstag, 28. Juni 2012, 18 Uhr<br \/>\nOrt: Vortragsraum, 1. Etage, Eintritt frei.<\/strong><\/p>\n","protected":false},"excerpt":{"rendered":"<p>Hamburger Dichter (Borchert, Claudius, Dehmel, Falke, Liliencron) vertont von Komponisten des 19.\/20. Jahrhunderts In dem Konzert erklingen neben bekannten auch viele unbekannte Lieder, die s\u00e4mtlich aus in der Stabi aufbewahrten Dichter- oder Musikernachl\u00e4ssen stammen oder anderweitig einen engen Bezug zu Sammelschwerpunkten der Bibliothek haben. Pr\u00e4sentiert werden nicht nur bekannte Komponisten wie Brahms, Strauss, Sch\u00f6nberg oder [&hellip;]<\/p>\n","protected":false},"author":19,"featured_media":0,"comment_status":"open","ping_status":"open","sticky":false,"template":"","format":"standard","meta":{"jetpack_post_was_ever_published":false,"_jetpack_newsletter_access":"","_jetpack_dont_email_post_to_subs":false,"_jetpack_newsletter_tier_id":0,"_jetpack_memberships_contains_paywalled_content":false,"_jetpack_memberships_contains_paid_content":false,"footnotes":"","jetpack_publicize_message":"","jetpack_publicize_feature_enabled":true,"jetpack_social_post_already_shared":false,"jetpack_social_options":{"image_generator_settings":{"template":"highway","default_image_id":0,"font":"","enabled":false},"version":2}},"categories":[9,17],"tags":[],"class_list":["post-8188","post","type-post","status-publish","format-standard","hentry","category-ausstellungen","category-hamburg"],"views":4298,"jetpack_publicize_connections":[],"jetpack_featured_media_url":"","jetpack_shortlink":"https:\/\/wp.me\/p7hfNR-284","jetpack-related-posts":[{"id":514,"url":"https:\/\/blog.sub.uni-hamburg.de\/?p=514","url_meta":{"origin":8188,"position":0},"title":"2. Nacht des Wissens &#8211; Programm der Stabi","author":"MG","date":"10-04-07","format":false,"excerpt":"Willkommen in der Staats- und Universit\u00e4tsbibliothek! Die Stabi nimmt an der 2. Nacht des Wissens am 9. Juni teil \u2013 und l\u00e4dt alle Wissenshungrigen der Stadt zu sich ein. Das bunte Programm spiegelt die vielen Funktionen der Bibliothek wider \u2013 als Universit\u00e4tsbibliothek, wissenschaftliche Allgemeinbibliothek, Landesbibliothek und lebendige Kulturinstitution Hamburgs. Auch\u2026","rel":"","context":"In &quot;Ausstellungen und Veranstaltungen&quot;","block_context":{"text":"Ausstellungen und Veranstaltungen","link":"https:\/\/blog.sub.uni-hamburg.de\/?cat=9"},"img":{"alt_text":"","src":"","width":0,"height":0},"classes":[]},{"id":1325,"url":"https:\/\/blog.sub.uni-hamburg.de\/?p=1325","url_meta":{"origin":8188,"position":1},"title":"\u201eSteht pl\u00f6tzlich mir nach Hamburg Wunsch und Wille\u201c \u2013 Ein Liliencron-Abend (3.7.2009)","author":"BP","date":"22-06-09","format":false,"excerpt":"Der Abend m\u00f6chte mit Detlev von Liliencron (*1844 in Kiel, gest.1909 in Rahlstedt) als Dichter und Mensch bekannt machen. Liliencron war nicht nur bekennender Norddeutscher, sondern von seinen Zeitgenossen auch als der bedeutendste \u201emoderne\u201c Lyriker in deutscher Sprache anerkannt. Das verhinderte freilich nicht, dass sein Werk gr\u00f6\u00dftenteils in Vergessenheit geraten\u2026","rel":"","context":"In &quot;Ausstellungen und Veranstaltungen&quot;","block_context":{"text":"Ausstellungen und Veranstaltungen","link":"https:\/\/blog.sub.uni-hamburg.de\/?cat=9"},"img":{"alt_text":"","src":"","width":0,"height":0},"classes":[]},{"id":34533,"url":"https:\/\/blog.sub.uni-hamburg.de\/?p=34533","url_meta":{"origin":8188,"position":2},"title":"Die Stabi gibt NS-Raubgut zur\u00fcck \u2013 und bekommt es geschenkt.","author":"Redaktion","date":"19-10-22","format":false,"excerpt":"Zur Restitution von Autographen aus der Sammlung Dr. Heinrich Spiero. Von Anneke de Rudder. Am 22. September restituierte die Stabi mehr als 250 Briefe der bekannten Hamburger Schriftsteller Detlev von Liliencron, Gustav Falke und Richard Dehmel an ihre rechtm\u00e4\u00dfigen Eigent\u00fcmer:innen. Die Unikate, die 1937 im Berliner Auktionshaus J. A. Stargardt\u2026","rel":"","context":"In &quot;Aktuelles&quot;","block_context":{"text":"Aktuelles","link":"https:\/\/blog.sub.uni-hamburg.de\/?cat=1"},"img":{"alt_text":"","src":"https:\/\/i0.wp.com\/blog.sub.uni-hamburg.de\/wp-content\/uploads\/2022\/10\/Restitution-Spiero1-Zepf-Begruessung-150x113.jpg?resize=350%2C200&ssl=1","width":350,"height":200,"srcset":"https:\/\/i0.wp.com\/blog.sub.uni-hamburg.de\/wp-content\/uploads\/2022\/10\/Restitution-Spiero1-Zepf-Begruessung-150x113.jpg?resize=350%2C200&ssl=1 1x, https:\/\/i0.wp.com\/blog.sub.uni-hamburg.de\/wp-content\/uploads\/2022\/10\/Restitution-Spiero1-Zepf-Begruessung-150x113.jpg?resize=525%2C300&ssl=1 1.5x, https:\/\/i0.wp.com\/blog.sub.uni-hamburg.de\/wp-content\/uploads\/2022\/10\/Restitution-Spiero1-Zepf-Begruessung-150x113.jpg?resize=700%2C400&ssl=1 2x, https:\/\/i0.wp.com\/blog.sub.uni-hamburg.de\/wp-content\/uploads\/2022\/10\/Restitution-Spiero1-Zepf-Begruessung-150x113.jpg?resize=1050%2C600&ssl=1 3x, https:\/\/i0.wp.com\/blog.sub.uni-hamburg.de\/wp-content\/uploads\/2022\/10\/Restitution-Spiero1-Zepf-Begruessung-150x113.jpg?resize=1400%2C800&ssl=1 4x"},"classes":[]},{"id":7352,"url":"https:\/\/blog.sub.uni-hamburg.de\/?p=7352","url_meta":{"origin":8188,"position":3},"title":"Exponat des Monats: Von Liliencrons Hand: \u201ePoggfred\u201c (21.3.)","author":"Markus Trapp","date":"08-03-12","format":false,"excerpt":"Aus den Sondersammlungen: Exponat des Monats Detlev von Liliencron: Handexemplare zu \u201ePoggfred\u201c \u201eDies ist ein Epos mit und ohne Held, Ihr k\u00f6nnts von vorne lesen und von hinten\u201c. Mit diesen Worten beginnt Detlev von Liliencrons \u201ekunterbuntes Epos\u201c, das der Dichter mit ebenso leichter wie kunstvoller Hand um den fiktiven Ort\u2026","rel":"","context":"In &quot;Ausstellungen und Veranstaltungen&quot;","block_context":{"text":"Ausstellungen und Veranstaltungen","link":"https:\/\/blog.sub.uni-hamburg.de\/?cat=9"},"img":{"alt_text":"Exponat des Monats M\u00e4rz: Detlev von Liliencron: Handexemplare zu 'Poggfred'","src":"https:\/\/i0.wp.com\/blog.sub.uni-hamburg.de\/wp-content\/uploads\/2012\/03\/12-expo-maerz.jpg?resize=350%2C200&ssl=1","width":350,"height":200,"srcset":"https:\/\/i0.wp.com\/blog.sub.uni-hamburg.de\/wp-content\/uploads\/2012\/03\/12-expo-maerz.jpg?resize=350%2C200&ssl=1 1x, https:\/\/i0.wp.com\/blog.sub.uni-hamburg.de\/wp-content\/uploads\/2012\/03\/12-expo-maerz.jpg?resize=525%2C300&ssl=1 1.5x"},"classes":[]},{"id":32962,"url":"https:\/\/blog.sub.uni-hamburg.de\/?p=32962","url_meta":{"origin":8188,"position":4},"title":"\u201eEine \u00e4u\u00dferst willkommene Abrundung\u2026\u201c \u2013 zum 3. Tag der Provenienzforschung am 13. April 2022","author":"Redaktion","date":"13-04-22","format":false,"excerpt":"Von der Arbeitsstelle Provenienzforschung \u2013 NS-Raubgut. Am 13. April 2022 ist wieder Tag der Provenienzforschung, und die Stabi ist erneut dabei. Dieses Jahr mit einer von Anneke de Rudder erarbeiteten Online-Pr\u00e4sentation der Arbeitsstelle Provenienzforschung - NS-Raubgut zu den Briefen aus der Sammlung Heinrich Spiero. Sie zeigt, wie Teile der bedeutenden\u2026","rel":"","context":"In &quot;Ausstellungen und Veranstaltungen&quot;","block_context":{"text":"Ausstellungen und Veranstaltungen","link":"https:\/\/blog.sub.uni-hamburg.de\/?cat=9"},"img":{"alt_text":"Tag der Provenienzforschung","src":"https:\/\/i0.wp.com\/blog.sub.uni-hamburg.de\/wp-content\/uploads\/2022\/04\/Logo_TagDerProvenienzforschung.jpg?resize=350%2C200&ssl=1","width":350,"height":200,"srcset":"https:\/\/i0.wp.com\/blog.sub.uni-hamburg.de\/wp-content\/uploads\/2022\/04\/Logo_TagDerProvenienzforschung.jpg?resize=350%2C200&ssl=1 1x, https:\/\/i0.wp.com\/blog.sub.uni-hamburg.de\/wp-content\/uploads\/2022\/04\/Logo_TagDerProvenienzforschung.jpg?resize=525%2C300&ssl=1 1.5x"},"classes":[]},{"id":34095,"url":"https:\/\/blog.sub.uni-hamburg.de\/?p=34095","url_meta":{"origin":8188,"position":5},"title":"Finissage: \u201eSehr erfreuliche Vermehrungen\u201c. Die Autographen aus der Sammlung Heinrich Spiero (22.9.)","author":"Markus Trapp","date":"14-09-22","format":false,"excerpt":"Donnerstag, 22.9., 18 Uhr, Vortragsraum. Seit dem 20. Juli zeigt die Stabi die Ausstellung \u201eSehr erfreuliche Vermehrungen\u201c \u00fcber NS-Raubgut in den Sondersammlungen. Die Finissage am 22. September ist zugleich eine Restitution: Es geht um die R\u00fcckgabe von \u00fcber 250 Autographen, die die Bibliothek 1937 im Handel erwarb. Sie geh\u00f6rten dem\u2026","rel":"","context":"In &quot;Ausstellungen und Veranstaltungen&quot;","block_context":{"text":"Ausstellungen und Veranstaltungen","link":"https:\/\/blog.sub.uni-hamburg.de\/?cat=9"},"img":{"alt_text":"Plakat 'Sehr erfreuliche Vermehrungen'. Zur Suche nach NS-Raubgut in den Sondersammlungen der SUB","src":"https:\/\/i0.wp.com\/blog.sub.uni-hamburg.de\/wp-content\/uploads\/2022\/07\/Raubgut-Plakat.jpg?resize=350%2C200&ssl=1","width":350,"height":200},"classes":[]}],"jetpack_sharing_enabled":true,"_links":{"self":[{"href":"https:\/\/blog.sub.uni-hamburg.de\/index.php?rest_route=\/wp\/v2\/posts\/8188","targetHints":{"allow":["GET"]}}],"collection":[{"href":"https:\/\/blog.sub.uni-hamburg.de\/index.php?rest_route=\/wp\/v2\/posts"}],"about":[{"href":"https:\/\/blog.sub.uni-hamburg.de\/index.php?rest_route=\/wp\/v2\/types\/post"}],"author":[{"embeddable":true,"href":"https:\/\/blog.sub.uni-hamburg.de\/index.php?rest_route=\/wp\/v2\/users\/19"}],"replies":[{"embeddable":true,"href":"https:\/\/blog.sub.uni-hamburg.de\/index.php?rest_route=%2Fwp%2Fv2%2Fcomments&post=8188"}],"version-history":[{"count":9,"href":"https:\/\/blog.sub.uni-hamburg.de\/index.php?rest_route=\/wp\/v2\/posts\/8188\/revisions"}],"predecessor-version":[{"id":8400,"href":"https:\/\/blog.sub.uni-hamburg.de\/index.php?rest_route=\/wp\/v2\/posts\/8188\/revisions\/8400"}],"wp:attachment":[{"href":"https:\/\/blog.sub.uni-hamburg.de\/index.php?rest_route=%2Fwp%2Fv2%2Fmedia&parent=8188"}],"wp:term":[{"taxonomy":"category","embeddable":true,"href":"https:\/\/blog.sub.uni-hamburg.de\/index.php?rest_route=%2Fwp%2Fv2%2Fcategories&post=8188"},{"taxonomy":"post_tag","embeddable":true,"href":"https:\/\/blog.sub.uni-hamburg.de\/index.php?rest_route=%2Fwp%2Fv2%2Ftags&post=8188"}],"curies":[{"name":"wp","href":"https:\/\/api.w.org\/{rel}","templated":true}]}}