{"id":81,"date":"2006-02-08T17:47:02","date_gmt":"2006-02-08T16:47:02","guid":{"rendered":"http:\/\/beach17.sub.uni-hamburg.de\/blog\/?p=81"},"modified":"2006-02-22T11:30:19","modified_gmt":"2006-02-22T10:30:19","slug":"petra-oelker-liest-in-der-bibliothek-des-arzlichen-vereins","status":"publish","type":"post","link":"https:\/\/blog.sub.uni-hamburg.de\/?p=81","title":{"rendered":"Petra Oelker liest in der Bibliothek des \u00c4rzlichen Vereins"},"content":{"rendered":"<p>Der Verein \u201eFreunde und F\u00f6rderer der Bibliothek<br \/>\ndes \u00c4rztlichen Vereins\u201c &#8211; FFB &#8211; pr\u00e4sentiert:<\/p>\n<p>Petra Oelker<br \/>\nliest aus aus ihrem neuesten historischen Hamburg-Krimi \u201eDer Tote im Eiskeller\u201c und ihrer Eva Lessing-Biographie<br \/>\n\u201eIch k\u00fcsse Sie tausendmal\u201c<\/p>\n<p>Freitag, 17. Februar 2006, 19 Uhr<br \/>\nVortragsraum der Staats- und Universit\u00e4tsbibliothek<br \/>\nHamburg \u2013 Carl von Ossietzky (StaBi)<br \/>\nVon-Melle-Park 3<br \/>\n20146 Hamburg<\/p>\n<p>Eintritt: 12,- \u20ac; Studierende \/ Azubis 6,- \u20ac (zugunsten des FFB)<\/p>\n<p>Kartenvorverkauf und weitere Informationen: Bibliothek des \u00c4rztlichen Vereins, Von-Melle-Park 3 (Altbau, 1. Stock)<br \/>\nTel: 44 09 49    <a href=\"http:\/\/www.aekbibl.de \">www.aekbibl.de <\/a>      bibliothek@aekhh.de<\/p>\n","protected":false},"excerpt":{"rendered":"<p>Der Verein \u201eFreunde und F\u00f6rderer der Bibliothek des \u00c4rztlichen Vereins\u201c &#8211; FFB &#8211; pr\u00e4sentiert: Petra Oelker liest aus aus ihrem neuesten historischen Hamburg-Krimi \u201eDer Tote im Eiskeller\u201c und ihrer Eva Lessing-Biographie \u201eIch k\u00fcsse Sie tausendmal\u201c Freitag, 17. Februar 2006, 19 Uhr Vortragsraum der Staats- und Universit\u00e4tsbibliothek Hamburg \u2013 Carl von Ossietzky (StaBi) Von-Melle-Park 3 20146 [&hellip;]<\/p>\n","protected":false},"author":3,"featured_media":0,"comment_status":"open","ping_status":"closed","sticky":false,"template":"","format":"standard","meta":{"jetpack_post_was_ever_published":false,"_jetpack_newsletter_access":"","_jetpack_dont_email_post_to_subs":false,"_jetpack_newsletter_tier_id":0,"_jetpack_memberships_contains_paywalled_content":false,"_jetpack_memberships_contains_paid_content":false,"footnotes":"","jetpack_publicize_message":"","jetpack_publicize_feature_enabled":true,"jetpack_social_post_already_shared":false,"jetpack_social_options":{"image_generator_settings":{"template":"highway","default_image_id":0,"font":"","enabled":false},"version":2}},"categories":[9],"tags":[],"class_list":["post-81","post","type-post","status-publish","format-standard","hentry","category-ausstellungen"],"views":5511,"jetpack_publicize_connections":[],"jetpack_featured_media_url":"","jetpack_shortlink":"https:\/\/wp.me\/p7hfNR-1j","jetpack-related-posts":[{"id":399,"url":"https:\/\/blog.sub.uni-hamburg.de\/?p=399","url_meta":{"origin":81,"position":0},"title":"Lesung &#8220;Tote schweigen nicht&#8221; am 16.2.2007","author":"MG","date":"04-01-07","format":false,"excerpt":"Verpassen Sie nicht diese Lesung: Tote schweigen nicht \u2013 eine Veranstaltung zu Fiktion und Alltag der Gerichtsmedizin. Renate Kampmann liest aus ihren Krimis um die Hamburger Rechtsmedizinerin Dr. Leonie Simon. Prof. Klaus P\u00fcschel (Institut f\u00fcr Rechtsmedizin, UKE) referiert und diskutiert \u00fcber Dichtung und Wahrheit in der Darstellung der Gerichtsmedizin in\u2026","rel":"","context":"In &quot;Ausstellungen und Veranstaltungen&quot;","block_context":{"text":"Ausstellungen und Veranstaltungen","link":"https:\/\/blog.sub.uni-hamburg.de\/?cat=9"},"img":{"alt_text":"","src":"","width":0,"height":0},"classes":[]},{"id":1198,"url":"https:\/\/blog.sub.uni-hamburg.de\/?p=1198","url_meta":{"origin":81,"position":1},"title":"Krimilesung des \u00c4rztlichen Vereins in der Stabi (10.2., 19 Uhr)","author":"MG","date":"04-02-09","format":false,"excerpt":"Opfern eine Stimme geben - Krimilesung und rechtsmedizinische Hintergr\u00fcnde mit Siegfried Lindhorst, Leiter der Mordkommission Itzehoe und Krimiautor, sowie Dr. Christian Braun, Rechtsmediziner am UKE Dienstag, 10. Februar 19 Uhr im Vortragsraum der Stabi Die Lesung in der Reihe \"Die Blaue Stunde\" findet zugunsten des F\u00f6rdervereins der Bibliothek des \u00c4rztlichen\u2026","rel":"","context":"In &quot;Ausstellungen und Veranstaltungen&quot;","block_context":{"text":"Ausstellungen und Veranstaltungen","link":"https:\/\/blog.sub.uni-hamburg.de\/?cat=9"},"img":{"alt_text":"","src":"https:\/\/i0.wp.com\/blog.sub.uni-hamburg.de\/wp-content\/uploads\/2009\/02\/plakat_krimlesung_2009_blog.jpg?resize=350%2C200&ssl=1","width":350,"height":200,"srcset":"https:\/\/i0.wp.com\/blog.sub.uni-hamburg.de\/wp-content\/uploads\/2009\/02\/plakat_krimlesung_2009_blog.jpg?resize=350%2C200&ssl=1 1x, https:\/\/i0.wp.com\/blog.sub.uni-hamburg.de\/wp-content\/uploads\/2009\/02\/plakat_krimlesung_2009_blog.jpg?resize=525%2C300&ssl=1 1.5x, https:\/\/i0.wp.com\/blog.sub.uni-hamburg.de\/wp-content\/uploads\/2009\/02\/plakat_krimlesung_2009_blog.jpg?resize=700%2C400&ssl=1 2x"},"classes":[]},{"id":12490,"url":"https:\/\/blog.sub.uni-hamburg.de\/?p=12490","url_meta":{"origin":81,"position":2},"title":"Studentische Hilfskraft f\u00fcr die Bibliothek des \u00c4rztlichen Vereins","author":"Markus Trapp","date":"01-08-13","format":false,"excerpt":"Die Bibliothek des \u00c4rztlichen Vereins sucht zum 1. September 2013 eine zuverl\u00e4ssige studentische Hilfskraft. Zu Ihren T\u00e4tigkeiten geh\u00f6ren: die technische Buchbearbeitung das Pflegen von Loseblattsammlungen Boteng\u00e4nge Kopierauftr\u00e4ge R\u00e4umarbeiten Der Stundenlohn betr\u00e4gt 8,70 \u20ac bei maximal 50 Stunden im Monat. [Update 2.9.2013: Bitte nicht mehr bewerben, die Stelle ist besetzt.] Bitte\u2026","rel":"","context":"In &quot;Aktuelles&quot;","block_context":{"text":"Aktuelles","link":"https:\/\/blog.sub.uni-hamburg.de\/?cat=1"},"img":{"alt_text":"Bibliothek des \u00c4rztlichen Vereins","src":"https:\/\/i0.wp.com\/blog.sub.uni-hamburg.de\/wp-content\/uploads\/2013\/08\/bib-aerztl-verein-logo.jpg?resize=350%2C200&ssl=1","width":350,"height":200},"classes":[]},{"id":5146,"url":"https:\/\/blog.sub.uni-hamburg.de\/?p=5146","url_meta":{"origin":81,"position":3},"title":"Bibliothek des \u00c4rztlichen Vereins von Mitte bis Ende Juni geschlossen","author":"Markus Trapp","date":"01-06-11","format":false,"excerpt":"Aufgrund notwendiger Kabelarbeiten und Umbauma\u00dfnahmen bleibt die Bibliothek des \u00c4rztlichen Vereins von Freitag, 17. Juni, bis einschlie\u00dflich Dienstag, 28.Juni 2011, geschlossen. Kurzfristige \u00c4nderungen entnehmen Sie bitte der Website www.aekbil.de. Bibliothek des \u00c4rztlichen Vereins, 1. Stock im Altbau der Staats- und Universit\u00e4tsbibliothek Carl-von-Ossietzky Von-Melle-Park 3 20146 Hamburg","rel":"","context":"In &quot;Fachbibliotheken&quot;","block_context":{"text":"Fachbibliotheken","link":"https:\/\/blog.sub.uni-hamburg.de\/?cat=15"},"img":{"alt_text":"Baustelle","src":"https:\/\/i0.wp.com\/blog.sub.uni-hamburg.de\/wp-content\/uploads\/2011\/06\/baustelle-kl.jpg?resize=350%2C200&ssl=1","width":350,"height":200},"classes":[]},{"id":16349,"url":"https:\/\/blog.sub.uni-hamburg.de\/?p=16349","url_meta":{"origin":81,"position":4},"title":"Studentische Aushilfe f\u00fcr die Bibliothek des \u00c4rztlichen Vereins","author":"Markus Trapp","date":"31-10-14","format":false,"excerpt":"Die Bibliothek des \u00c4rztlichen Vereins sucht zum 1. Dezember 2014 eine zuverl\u00e4ssige, freundliche studentische Aushilfe mit sicheren EDV-Kenntnissen und Interesse an Bibliotheks-IT. Zu den Aufgaben geh\u00f6ren u.a.: Ausf\u00fchrung von Kopier- und Scanauftr\u00e4gen Erstellung von Digitalisaten Unterst\u00fctzung des Teams bei IT-Aufgaben (Tabellen, Pr\u00e4sentationen usw.) Magazinarbeiten Boteng\u00e4nge, Eink\u00e4ufe Der Stundenlohn betr\u00e4gt 8,70\u2026","rel":"","context":"In &quot;Fachbibliotheken&quot;","block_context":{"text":"Fachbibliotheken","link":"https:\/\/blog.sub.uni-hamburg.de\/?cat=15"},"img":{"alt_text":"","src":"https:\/\/i0.wp.com\/blog.sub.uni-hamburg.de\/wp-content\/uploads\/2014\/10\/bibaerzte-studhk.jpg?resize=350%2C200&ssl=1","width":350,"height":200},"classes":[]},{"id":860,"url":"https:\/\/blog.sub.uni-hamburg.de\/?p=860","url_meta":{"origin":81,"position":5},"title":"Diskussion: \u00c4rzte in Serie (28.02.08)","author":"BP","date":"07-02-08","format":false,"excerpt":"Wahrheit und Fiktion in Arzt- und Krankenhausserien - Eine Veranstaltung der Bibliothek des \u00c4rztlichen Vereins \u201eAlphateam\u201c, \u201eEmergency Room\u201c, \u201eGrey\u2019s Anatomy\u201c oder \u201eIn aller Freundschaft\u201c: \u00c4rzte bringen gute Einschaltquoten. Fast jeder Sender hat seine eigene Arzt- oder Krankenhausserie. Aber was steckt dahinter? Wie entstehen die Drehb\u00fccher? Warum sehen Menschen sich das\u2026","rel":"","context":"In &quot;Ausstellungen und Veranstaltungen&quot;","block_context":{"text":"Ausstellungen und Veranstaltungen","link":"https:\/\/blog.sub.uni-hamburg.de\/?cat=9"},"img":{"alt_text":"","src":"","width":0,"height":0},"classes":[]}],"jetpack_sharing_enabled":true,"_links":{"self":[{"href":"https:\/\/blog.sub.uni-hamburg.de\/index.php?rest_route=\/wp\/v2\/posts\/81","targetHints":{"allow":["GET"]}}],"collection":[{"href":"https:\/\/blog.sub.uni-hamburg.de\/index.php?rest_route=\/wp\/v2\/posts"}],"about":[{"href":"https:\/\/blog.sub.uni-hamburg.de\/index.php?rest_route=\/wp\/v2\/types\/post"}],"author":[{"embeddable":true,"href":"https:\/\/blog.sub.uni-hamburg.de\/index.php?rest_route=\/wp\/v2\/users\/3"}],"replies":[{"embeddable":true,"href":"https:\/\/blog.sub.uni-hamburg.de\/index.php?rest_route=%2Fwp%2Fv2%2Fcomments&post=81"}],"version-history":[{"count":0,"href":"https:\/\/blog.sub.uni-hamburg.de\/index.php?rest_route=\/wp\/v2\/posts\/81\/revisions"}],"wp:attachment":[{"href":"https:\/\/blog.sub.uni-hamburg.de\/index.php?rest_route=%2Fwp%2Fv2%2Fmedia&parent=81"}],"wp:term":[{"taxonomy":"category","embeddable":true,"href":"https:\/\/blog.sub.uni-hamburg.de\/index.php?rest_route=%2Fwp%2Fv2%2Fcategories&post=81"},{"taxonomy":"post_tag","embeddable":true,"href":"https:\/\/blog.sub.uni-hamburg.de\/index.php?rest_route=%2Fwp%2Fv2%2Ftags&post=81"}],"curies":[{"name":"wp","href":"https:\/\/api.w.org\/{rel}","templated":true}]}}