{"id":8073,"date":"2012-05-25T16:15:19","date_gmt":"2012-05-25T14:15:19","guid":{"rendered":"http:\/\/blog.sub.uni-hamburg.de\/?p=8073"},"modified":"2012-05-30T16:19:35","modified_gmt":"2012-05-30T14:19:35","slug":"online-fernleihe-betriebsunterbrechung-ab-25-5","status":"publish","type":"post","link":"https:\/\/blog.sub.uni-hamburg.de\/?p=8073","title":{"rendered":"Online-Fernleihe: Betriebsunterbrechung (ab 25.5.)"},"content":{"rendered":"<p><a href=\"https:\/\/blog.sub.uni-hamburg.de\/wp-content\/uploads\/2009\/12\/baustelle2.jpg\"><img loading=\"lazy\" decoding=\"async\" data-attachment-id=\"1511\" data-permalink=\"https:\/\/blog.sub.uni-hamburg.de\/?attachment_id=1511\" data-orig-file=\"https:\/\/blog.sub.uni-hamburg.de\/wp-content\/uploads\/2009\/12\/baustelle2.jpg\" data-orig-size=\"120,120\" data-comments-opened=\"1\" data-image-meta=\"[]\" data-image-title=\"Serviceeinschr\u00e4nkung\" data-image-description=\"\" data-image-caption=\"\" data-large-file=\"https:\/\/blog.sub.uni-hamburg.de\/wp-content\/uploads\/2009\/12\/baustelle2.jpg\" class=\"alignright size-full wp-image-1511\" title=\"baustelle2\" src=\"https:\/\/blog.sub.uni-hamburg.de\/wp-content\/uploads\/2009\/12\/baustelle2.jpg\" alt=\"\" width=\"120\" height=\"120\" \/><\/a>Die Verbundzentrale des <a href=\"http:\/\/www.gbv.de\/vgm\/\">GBV<\/a> teilt mit, dass wegen wichtiger Wartungsarbeiten des zentralen Bibliothekssystems \u00fcber Pfingsten bereits ab Freitag, d. 25.5., 13:00 Uhr, die Fernleihkomponente des <a href=\"http:\/\/gso.gbv.de\/DB=2.1\/LNG=DU\/\">GVK<\/a> nicht zur Verf\u00fcgung steht. Online-Bestellungen und die \u00dcberpr\u00fcfung des Lieferstatus sind in dieser Zeit nicht m\u00f6glich. Die pure Recherchefunktion des GVK sowie alle anderen webbasierten Datenbanken des GBV laufen voraussichtlich.<\/p>\n<p>Der <a href=\"https:\/\/kataloge.uni-hamburg.de\/DB=1\/LNG=DU\/\" target=\"_blank\">Campus-Katalog<\/a> einschl. dessen <a href=\"https:\/\/kataloge.uni-hamburg.de\/loan\/DB=1\/SET=1\/TTL=1\/USERINFO_LOGIN\" target=\"_blank\">Benutzerkonten<\/a> sind von der Betriebsunterbrechung nicht betroffen.<\/p>\n","protected":false},"excerpt":{"rendered":"<p>Die Verbundzentrale des GBV teilt mit, dass wegen wichtiger Wartungsarbeiten des zentralen Bibliothekssystems \u00fcber Pfingsten bereits ab Freitag, d. 25.5., 13:00 Uhr, die Fernleihkomponente des GVK nicht zur Verf\u00fcgung steht. Online-Bestellungen und die \u00dcberpr\u00fcfung des Lieferstatus sind in dieser Zeit nicht m\u00f6glich. Die pure Recherchefunktion des GVK sowie alle anderen webbasierten Datenbanken des GBV laufen [&hellip;]<\/p>\n","protected":false},"author":6,"featured_media":0,"comment_status":"open","ping_status":"open","sticky":false,"template":"","format":"standard","meta":{"jetpack_post_was_ever_published":false,"_jetpack_newsletter_access":"","_jetpack_dont_email_post_to_subs":false,"_jetpack_newsletter_tier_id":0,"_jetpack_memberships_contains_paywalled_content":false,"_jetpack_memberships_contains_paid_content":false,"footnotes":"","jetpack_publicize_message":"","jetpack_publicize_feature_enabled":true,"jetpack_social_post_already_shared":false,"jetpack_social_options":{"image_generator_settings":{"template":"highway","default_image_id":0,"font":"","enabled":false},"version":2}},"categories":[1],"tags":[],"class_list":["post-8073","post","type-post","status-publish","format-standard","hentry","category-1"],"views":2543,"jetpack_publicize_connections":[],"jetpack_featured_media_url":"","jetpack_shortlink":"https:\/\/wp.me\/p7hfNR-26d","jetpack-related-posts":[{"id":17245,"url":"https:\/\/blog.sub.uni-hamburg.de\/?p=17245","url_meta":{"origin":8073,"position":0},"title":"Online-Fernleihe: Betriebsunterbrechung (20.-23.2.)","author":"ST","date":"19-02-15","format":false,"excerpt":"Die Verbundzentrale des GBV teilt mit, dass wegen wichtiger Wartungsarbeiten des zentralen Bibliothekssystems\u00a0 ab Freitag, d. 20.3., 20 Uhr bis voraussichtlich Montag, 23.3. 8 Uhr, die Fernleihkomponente des GVK nicht zur Verf\u00fcgung steht. Online-Bestellungen und die \u00dcberpr\u00fcfung des Lieferstatus sind in dieser Zeit nicht m\u00f6glich. Die pure Recherchefunktion des GVK\u2026","rel":"","context":"In &quot;Aktuelles&quot;","block_context":{"text":"Aktuelles","link":"https:\/\/blog.sub.uni-hamburg.de\/?cat=1"},"img":{"alt_text":"baustelle2","src":"https:\/\/i0.wp.com\/blog.sub.uni-hamburg.de\/wp-content\/uploads\/2009\/12\/baustelle2.jpg?resize=350%2C200&ssl=1","width":350,"height":200},"classes":[]},{"id":4686,"url":"https:\/\/blog.sub.uni-hamburg.de\/?p=4686","url_meta":{"origin":8073,"position":1},"title":"Online-Fernleihe: Betriebsunterbrechung 21.4.-26.4.","author":"ST","date":"15-04-11","format":false,"excerpt":"Die Verbundzentrale des GBV teilt mit, dass wegen eines dringenden Versionswechsels des zentralen Bibliothekssystems von Donnerstag, d. 21.4., 19:00 Uhr, bis Dienstag, d. 26.4.2011 , 6:00 Uhr, die Fernleihkomponente des GVK nicht zur Verf\u00fcgung stehen wird. Online-Bestellungen und die \u00dcberpr\u00fcfung des Lieferstatus sind in dieser Zeit nicht m\u00f6glich. Die pure\u2026","rel":"","context":"In &quot;Aktuelles&quot;","block_context":{"text":"Aktuelles","link":"https:\/\/blog.sub.uni-hamburg.de\/?cat=1"},"img":{"alt_text":"wartungsarbeiten","src":"https:\/\/i0.wp.com\/blog.sub.uni-hamburg.de\/wp-content\/uploads\/2009\/12\/baustelle2.jpg?resize=350%2C200&ssl=1","width":350,"height":200},"classes":[]},{"id":8594,"url":"https:\/\/blog.sub.uni-hamburg.de\/?p=8594","url_meta":{"origin":8073,"position":2},"title":"Online-Fernleihe: Betriebsunterbrechung (28.-30.7.)","author":"ST","date":"27-07-12","format":false,"excerpt":"Die Verbundzentrale des GBV teilt mit, dass die Performance der Hardware momentan nicht zufriedenstellend ist und nochmal nachgesteuert werden muss. Von Sonnabend, 28.7., ab 14 Uhr bis voraussichtlich Montag, 30.7., ca. 10 Uhr steht die Fernleihkomponente des GVK nicht zur Verf\u00fcgung steht. Online-Bestellungen und die \u00dcberpr\u00fcfung des Lieferstatus sind in\u2026","rel":"","context":"In &quot;Aktuelles&quot;","block_context":{"text":"Aktuelles","link":"https:\/\/blog.sub.uni-hamburg.de\/?cat=1"},"img":{"alt_text":"","src":"https:\/\/i0.wp.com\/blog.sub.uni-hamburg.de\/wp-content\/uploads\/2009\/12\/baustelle2.jpg?resize=350%2C200&ssl=1","width":350,"height":200},"classes":[]},{"id":8292,"url":"https:\/\/blog.sub.uni-hamburg.de\/?p=8292","url_meta":{"origin":8073,"position":3},"title":"Online-Fernleihe: Betriebsunterbrechung (22.-25.6.)","author":"ST","date":"21-06-12","format":false,"excerpt":"Die Verbundzentrale des GBV teilt mit, dass am kommenden Wochenende bereits ab Freitag, d. 22.6., 12:00 17:00 Uhr bis Montag, 25.6., 6:00 Uhr, die Fernleihkomponente des GVK nicht zur Verf\u00fcgung steht. Grund daf\u00fcr ist ein umfangreichen Softwareupdate des zentralen Bibliothekssystems. Online-Bestellungen und die \u00dcberpr\u00fcfung des Lieferstatus sind in dieser Zeit\u2026","rel":"","context":"In &quot;Aktuelles&quot;","block_context":{"text":"Aktuelles","link":"https:\/\/blog.sub.uni-hamburg.de\/?cat=1"},"img":{"alt_text":"","src":"https:\/\/i0.wp.com\/blog.sub.uni-hamburg.de\/wp-content\/uploads\/2009\/12\/baustelle2.jpg?resize=350%2C200&ssl=1","width":350,"height":200},"classes":[]},{"id":8884,"url":"https:\/\/blog.sub.uni-hamburg.de\/?p=8884","url_meta":{"origin":8073,"position":4},"title":"Online-Fernleihe: Betriebsunterbrechung (1.-3.9.)","author":"ST","date":"29-08-12","format":false,"excerpt":"Die Verbundzentrale des GBV teilt mit, dass die Performance der Software momentan nicht zufriedenstellend ist und nochmal nachgesteuert werden muss. Von Sonnabend, 1.9., ab 14 Uhr bis voraussichtlich Montag, 3.9., ca. 10 Uhr steht die Fernleihkomponente des GVK nicht zur Verf\u00fcgung. Online-Bestellungen und die \u00dcberpr\u00fcfung des Lieferstatus sind in dieser\u2026","rel":"","context":"In &quot;Aktuelles&quot;","block_context":{"text":"Aktuelles","link":"https:\/\/blog.sub.uni-hamburg.de\/?cat=1"},"img":{"alt_text":"","src":"https:\/\/i0.wp.com\/blog.sub.uni-hamburg.de\/wp-content\/uploads\/2009\/12\/baustelle2.jpg?resize=350%2C200&ssl=1","width":350,"height":200},"classes":[]},{"id":26823,"url":"https:\/\/blog.sub.uni-hamburg.de\/?p=26823","url_meta":{"origin":8073,"position":5},"title":"Online-Fernleihe: Betriebsunterbrechung (22.-26.3.2019)","author":"ST","date":"20-03-19","format":false,"excerpt":"Ab Freitag, 22.3., 18 Uhr bis voraussichtlich Dienstagvormittag, 26.3.2019, wird die Fernleihkomponente des GVK nicht zur Verf\u00fcgung stehen. Grund sind umfassende Wartungsarbeiten am zentralen Verbundsystem durch die Verbundzentrale.\u00a0 Online-Bestellungen und die \u00dcberpr\u00fcfung des Lieferstatus sind in dieser Zeit leider nicht m\u00f6glich. Die Recherchefunktion des Gemeinsamen Verbundkatalogs sowie alle anderen webbasierten\u2026","rel":"","context":"In &quot;Aktuelles&quot;","block_context":{"text":"Aktuelles","link":"https:\/\/blog.sub.uni-hamburg.de\/?cat=1"},"img":{"alt_text":"","src":"https:\/\/i0.wp.com\/blog.sub.uni-hamburg.de\/wp-content\/uploads\/2009\/12\/baustelle2.jpg?resize=350%2C200&ssl=1","width":350,"height":200},"classes":[]}],"jetpack_sharing_enabled":true,"_links":{"self":[{"href":"https:\/\/blog.sub.uni-hamburg.de\/index.php?rest_route=\/wp\/v2\/posts\/8073","targetHints":{"allow":["GET"]}}],"collection":[{"href":"https:\/\/blog.sub.uni-hamburg.de\/index.php?rest_route=\/wp\/v2\/posts"}],"about":[{"href":"https:\/\/blog.sub.uni-hamburg.de\/index.php?rest_route=\/wp\/v2\/types\/post"}],"author":[{"embeddable":true,"href":"https:\/\/blog.sub.uni-hamburg.de\/index.php?rest_route=\/wp\/v2\/users\/6"}],"replies":[{"embeddable":true,"href":"https:\/\/blog.sub.uni-hamburg.de\/index.php?rest_route=%2Fwp%2Fv2%2Fcomments&post=8073"}],"version-history":[{"count":7,"href":"https:\/\/blog.sub.uni-hamburg.de\/index.php?rest_route=\/wp\/v2\/posts\/8073\/revisions"}],"predecessor-version":[{"id":8293,"href":"https:\/\/blog.sub.uni-hamburg.de\/index.php?rest_route=\/wp\/v2\/posts\/8073\/revisions\/8293"}],"wp:attachment":[{"href":"https:\/\/blog.sub.uni-hamburg.de\/index.php?rest_route=%2Fwp%2Fv2%2Fmedia&parent=8073"}],"wp:term":[{"taxonomy":"category","embeddable":true,"href":"https:\/\/blog.sub.uni-hamburg.de\/index.php?rest_route=%2Fwp%2Fv2%2Fcategories&post=8073"},{"taxonomy":"post_tag","embeddable":true,"href":"https:\/\/blog.sub.uni-hamburg.de\/index.php?rest_route=%2Fwp%2Fv2%2Ftags&post=8073"}],"curies":[{"name":"wp","href":"https:\/\/api.w.org\/{rel}","templated":true}]}}