{"id":8056,"date":"2012-05-25T09:01:50","date_gmt":"2012-05-25T07:01:50","guid":{"rendered":"http:\/\/blog.sub.uni-hamburg.de\/?p=8056"},"modified":"2012-06-08T09:40:19","modified_gmt":"2012-06-08T07:40:19","slug":"bibliothekartag-2012-in-hamburg-mit-rekordteilnahme","status":"publish","type":"post","link":"https:\/\/blog.sub.uni-hamburg.de\/?p=8056","title":{"rendered":"Bibliothekartag 2012 in Hamburg mit Rekordteilnahme"},"content":{"rendered":"<p><a href=\"https:\/\/blog.sub.uni-hamburg.de\/wp-content\/uploads\/2012\/05\/cch.jpg.jpg\"><img loading=\"lazy\" decoding=\"async\" data-attachment-id=\"8062\" data-permalink=\"https:\/\/blog.sub.uni-hamburg.de\/?attachment_id=8062\" data-orig-file=\"https:\/\/blog.sub.uni-hamburg.de\/wp-content\/uploads\/2012\/05\/cch-kl.jpg\" data-orig-size=\"300,400\" data-comments-opened=\"1\" data-image-meta=\"{&quot;aperture&quot;:&quot;0&quot;,&quot;credit&quot;:&quot;&quot;,&quot;camera&quot;:&quot;&quot;,&quot;caption&quot;:&quot;&quot;,&quot;created_timestamp&quot;:&quot;0&quot;,&quot;copyright&quot;:&quot;&quot;,&quot;focal_length&quot;:&quot;0&quot;,&quot;iso&quot;:&quot;0&quot;,&quot;shutter_speed&quot;:&quot;0&quot;,&quot;title&quot;:&quot;&quot;}\" data-image-title=\"cch-kl\" data-image-description=\"\" data-image-caption=\"\" data-large-file=\"https:\/\/blog.sub.uni-hamburg.de\/wp-content\/uploads\/2012\/05\/cch-kl.jpg\" src=\"https:\/\/blog.sub.uni-hamburg.de\/wp-content\/uploads\/2012\/05\/cch-kl.jpg\" alt=\"Bibliothekartag 2012 in Hamburg\" title=\"Bibliothekartag 2012 in Hamburg\" width=\"300\" height=\"400\" class=\"alignright size-full wp-image-8062\" srcset=\"https:\/\/blog.sub.uni-hamburg.de\/wp-content\/uploads\/2012\/05\/cch-kl.jpg 300w, https:\/\/blog.sub.uni-hamburg.de\/wp-content\/uploads\/2012\/05\/cch-kl-225x300.jpg 225w\" sizes=\"auto, (max-width: 300px) 100vw, 300px\" \/><\/a><br \/>\nGestern ver\u00f6ffentlichte BIT Online KONGRESS NEWS ein Interview mit unserer Kollegin Ulrike Lang vom Ortskomitee Hamburg, um ein Zwischenfazit zum heute zu Ende gehenden 101. <a href=\"http:\/\/www.bibliothekartag2012.de\/\">Bibliothekartag<\/a> in Hamburg zu ziehen:<\/p>\n<blockquote><p>Der Bibliothekartag in Hamburg ist ja nun in vollem Gange, die Massen str\u00f6men durch die Hallen, die Aussteller werden umlagert, die Vortr\u00e4ge sind voll. Frau Lang, welche ersten R\u00fcckmeldungen haben Sie als Organisator dieser Veranstaltung?<\/p>\n<p>Bisher habe ich nur positive R\u00fcckmeldungen. Hamburg zeigt sich ja auch \u2013 wie immer im Mai \u2013 von seiner sch\u00f6nsten Seite, was das Ambiente hier direkt neben dem Park und mitten in der Stadt auch besonders angenehm macht.<\/p><\/blockquote>\n<p>Lesen Sie das ganze Interview im Artikel auf S. 1 der <a href=\"http:\/\/www.b-i-t-online.de\/daten\/hamburg\/KN_Hamburg_3.pdf\">Kongress-News vom 24. Mai 2012<\/a> (PDF).<\/p>\n<p>Die gestern Fr\u00fch vermeldete Rekordteilnehmerzahl ist im Laufe des Donnnerstag noch auf unglaubliche 4.830 angewachsen. Die zufriedenen Stimmen haben sich nach der gestern erfolgreich absolvierten Kongressparty und nach zahlreichen interessanten Vortr\u00e4gen noch vermehrt. Der heute zu Ende gehende Bibliothekartag 2012 Hamburg darf getrost als voller Erfolg bewertet werden.<\/p>\n","protected":false},"excerpt":{"rendered":"<p>Gestern ver\u00f6ffentlichte BIT Online KONGRESS NEWS ein Interview mit unserer Kollegin Ulrike Lang vom Ortskomitee Hamburg, um ein Zwischenfazit zum heute zu Ende gehenden 101. Bibliothekartag in Hamburg zu ziehen: Der Bibliothekartag in Hamburg ist ja nun in vollem Gange, die Massen str\u00f6men durch die Hallen, die Aussteller werden umlagert, die Vortr\u00e4ge sind voll. Frau [&hellip;]<\/p>\n","protected":false},"author":19,"featured_media":0,"comment_status":"open","ping_status":"open","sticky":false,"template":"","format":"standard","meta":{"jetpack_post_was_ever_published":false,"_jetpack_newsletter_access":"","_jetpack_dont_email_post_to_subs":false,"_jetpack_newsletter_tier_id":0,"_jetpack_memberships_contains_paywalled_content":false,"_jetpack_memberships_contains_paid_content":false,"footnotes":"","jetpack_publicize_message":"","jetpack_publicize_feature_enabled":true,"jetpack_social_post_already_shared":false,"jetpack_social_options":{"image_generator_settings":{"template":"highway","default_image_id":0,"font":"","enabled":false},"version":2}},"categories":[1,17],"tags":[],"class_list":["post-8056","post","type-post","status-publish","format-standard","hentry","category-1","category-hamburg"],"views":5351,"jetpack_publicize_connections":[],"jetpack_featured_media_url":"","jetpack_shortlink":"https:\/\/wp.me\/p7hfNR-25W","jetpack-related-posts":[{"id":5393,"url":"https:\/\/blog.sub.uni-hamburg.de\/?p=5393","url_meta":{"origin":8056,"position":0},"title":"Bibliothekartag 2012 in Hamburg","author":"Markus Trapp","date":"05-07-11","format":false,"excerpt":"http:\/\/www.youtube.com\/embed\/gZS2OvN0mZ0 Bibliotheken sind Tore zur Welt des Wissens. Die Hamburger Bibliotheken laden Sie jetzt schon ein, sich ein Bild des kommenden Bibliothekartages zu machen. Vom 22. - 25. Mai 2012 findet der 101. Bibliothekartag in Hamburg statt. Sehen Sie selbst, was die beteiligten Bibliotheken, die Hansestadt und ihre Menschen zu\u2026","rel":"","context":"In &quot;Aktuelles&quot;","block_context":{"text":"Aktuelles","link":"https:\/\/blog.sub.uni-hamburg.de\/?cat=1"},"img":{"alt_text":"","src":"","width":0,"height":0},"classes":[]},{"id":7830,"url":"https:\/\/blog.sub.uni-hamburg.de\/?p=7830","url_meta":{"origin":8056,"position":1},"title":"Pr\u00e4sentationen am Stabi-Stand auf dem Bibliothekartag","author":"Markus Trapp","date":"11-05-12","format":false,"excerpt":"Im Rahmen des 101. Bibliothekartages, der vom 22.-25. Mai im CCH in Hamburg stattfinden wird, stellen wir der bibliothekarischen Fachwelt die Bandbreite der Projekte vor, die in der Stabi erfolgreich umgesetzt bzw. noch weiter ausgebaut werden. Zu folgenden Themenbl\u00f6cken d\u00fcrfen die Besucher Pr\u00e4sentationen erwarten: Sondersammelgebiete als Impulsgeber f\u00fcr Innovation und\u2026","rel":"","context":"In &quot;Aktuelles&quot;","block_context":{"text":"Aktuelles","link":"https:\/\/blog.sub.uni-hamburg.de\/?cat=1"},"img":{"alt_text":"Pr\u00e4sentationen am Stabi-Stand auf dem Bibliothekartag","src":"https:\/\/i0.wp.com\/blog.sub.uni-hamburg.de\/wp-content\/uploads\/2012\/04\/projekteblog-200.jpg?resize=350%2C200&ssl=1","width":350,"height":200},"classes":[]},{"id":90,"url":"https:\/\/blog.sub.uni-hamburg.de\/?p=90","url_meta":{"origin":8056,"position":2},"title":"Verbund Academic LinkShare auf dem Deutschen Bibliothekartag in Dresden","author":"AC","date":"15-03-06","format":false,"excerpt":"Im Verbund Academic LinkShare (ALS) baut ein Netzwerk von Bibliotheken einen gemeinsamen Datenpool fachlich relevanter Internetquellen aus dem Umfeld der Geistes-, Sozial- und Regionalwissenschaften auf. Die SUB Hamburg ist einer von derzeit f\u00fcnf Projektpartnern. Die von ALS entwickelte technische und organisatorische Infrastruktur wird in mehreren Virtuellen Fachbibliotheken verwendet und geht\u2026","rel":"","context":"In &quot;Aktuelles&quot;","block_context":{"text":"Aktuelles","link":"https:\/\/blog.sub.uni-hamburg.de\/?cat=1"},"img":{"alt_text":"","src":"","width":0,"height":0},"classes":[]},{"id":9136,"url":"https:\/\/blog.sub.uni-hamburg.de\/?p=9136","url_meta":{"origin":8056,"position":3},"title":"Stabi-Banner zu Stabi-Taschen","author":"MG","date":"04-10-12","format":false,"excerpt":"Eine Kollegin hatte DIE Idee! Wollen wir nicht aus den Bannern der Stabi Taschen n\u00e4hen lassen! Wir fragten bei den Elbe-Werkst\u00e4tten an und diese fertigten uns wundersch\u00f6ne Einzelst\u00fccke. Die ger\u00e4umigen Taschen mit Henkeln im Stabi-Rot sind aus den Bannern, Planen und Bespannungen hergestellt worden, die die Stabi zu verschiedenen Zwecken\u2026","rel":"","context":"In &quot;Aktuelles&quot;","block_context":{"text":"Aktuelles","link":"https:\/\/blog.sub.uni-hamburg.de\/?cat=1"},"img":{"alt_text":"","src":"https:\/\/i0.wp.com\/blog.sub.uni-hamburg.de\/wp-content\/uploads\/2012\/09\/Taschen-2012-09-21-14.10.35-300x225.jpg?resize=350%2C200&ssl=1","width":350,"height":200},"classes":[]},{"id":7911,"url":"https:\/\/blog.sub.uni-hamburg.de\/?p=7911","url_meta":{"origin":8056,"position":4},"title":"Neuer Bibliotheksflyer der Hamburger Bibliotheken","author":"MG","date":"30-04-12","format":false,"excerpt":"P\u00fcnktlich zum 101. Bibliothekartag, der dieses Jahr in Hamburg stattfindet, haben die im Landesverband Hamburg des Deutschen Bibliotheksverbands beheimateten Bibliotheken einen neuen Flyer herausgebracht, der alsbald in den betreffenden Bibliotheken ausliegen wird. Hier schon mal der neue Flyer zum Herunterladen in der elektronischen Version als PDF (975 KB). 21 Bibliotheken\u2026","rel":"","context":"In &quot;Aktuelles&quot;","block_context":{"text":"Aktuelles","link":"https:\/\/blog.sub.uni-hamburg.de\/?cat=1"},"img":{"alt_text":"Neuer Bibliotheksflyer der Hamburger Bibliotheken","src":"https:\/\/i0.wp.com\/blog.sub.uni-hamburg.de\/wp-content\/uploads\/2012\/04\/flyer_hamburger_biblioth01.jpg?resize=350%2C200&ssl=1","width":350,"height":200},"classes":[]},{"id":11361,"url":"https:\/\/blog.sub.uni-hamburg.de\/?p=11361","url_meta":{"origin":8056,"position":5},"title":"Posterpr\u00e4sentation der Stabi auf Platz Eins in Leipzig","author":"Markus Trapp","date":"18-03-13","format":false,"excerpt":"Auf der Startseite des in der vergangenen Woche in Leipzig zu Ende gegangenen 102. Bibliothekartages steht geschrieben: Wir gratulieren den drei Preistr\u00e4gern der Posterausstellung, die am Dienstag im Vortragsraum 10 des Kongress zu besichtigen war. Durch eine Jury wurden die drei besten Poster pr\u00e4miert. Insgesamt war die Auswahl schwierig, weil\u2026","rel":"","context":"In &quot;Aktuelles&quot;","block_context":{"text":"Aktuelles","link":"https:\/\/blog.sub.uni-hamburg.de\/?cat=1"},"img":{"alt_text":"Ein neues Informationszentrum f\u00fcr die Staats- und Universit\u00e4tsbibliothek Hamburg Carl von Ossietzky","src":"https:\/\/i0.wp.com\/blog.sub.uni-hamburg.de\/wp-content\/uploads\/2013\/03\/infozentrum-poster-bid13.jpg?resize=350%2C200&ssl=1","width":350,"height":200},"classes":[]}],"jetpack_sharing_enabled":true,"_links":{"self":[{"href":"https:\/\/blog.sub.uni-hamburg.de\/index.php?rest_route=\/wp\/v2\/posts\/8056","targetHints":{"allow":["GET"]}}],"collection":[{"href":"https:\/\/blog.sub.uni-hamburg.de\/index.php?rest_route=\/wp\/v2\/posts"}],"about":[{"href":"https:\/\/blog.sub.uni-hamburg.de\/index.php?rest_route=\/wp\/v2\/types\/post"}],"author":[{"embeddable":true,"href":"https:\/\/blog.sub.uni-hamburg.de\/index.php?rest_route=\/wp\/v2\/users\/19"}],"replies":[{"embeddable":true,"href":"https:\/\/blog.sub.uni-hamburg.de\/index.php?rest_route=%2Fwp%2Fv2%2Fcomments&post=8056"}],"version-history":[{"count":12,"href":"https:\/\/blog.sub.uni-hamburg.de\/index.php?rest_route=\/wp\/v2\/posts\/8056\/revisions"}],"predecessor-version":[{"id":8171,"href":"https:\/\/blog.sub.uni-hamburg.de\/index.php?rest_route=\/wp\/v2\/posts\/8056\/revisions\/8171"}],"wp:attachment":[{"href":"https:\/\/blog.sub.uni-hamburg.de\/index.php?rest_route=%2Fwp%2Fv2%2Fmedia&parent=8056"}],"wp:term":[{"taxonomy":"category","embeddable":true,"href":"https:\/\/blog.sub.uni-hamburg.de\/index.php?rest_route=%2Fwp%2Fv2%2Fcategories&post=8056"},{"taxonomy":"post_tag","embeddable":true,"href":"https:\/\/blog.sub.uni-hamburg.de\/index.php?rest_route=%2Fwp%2Fv2%2Ftags&post=8056"}],"curies":[{"name":"wp","href":"https:\/\/api.w.org\/{rel}","templated":true}]}}