{"id":7901,"date":"2012-04-27T10:10:31","date_gmt":"2012-04-27T08:10:31","guid":{"rendered":"http:\/\/blog.sub.uni-hamburg.de\/?p=7901"},"modified":"2012-05-03T22:51:44","modified_gmt":"2012-05-03T20:51:44","slug":"diskussion-mit-senatorin-dr-stapelfeldt-3-mai-2012","status":"publish","type":"post","link":"https:\/\/blog.sub.uni-hamburg.de\/?p=7901","title":{"rendered":"Diskussion mit Senatorin Dr. Stapelfeldt (3.5.)"},"content":{"rendered":"<p>Am Donnerstag, 3. Mai, wird die Senatorin f\u00fcr Wissenschaft und Forschung, Frau Dr. Stapelfeldt, in unserer<br \/>\nBibliothek sein. Sie kommt zu einer Diskussionsveranstaltung mit dem <a title=\"Alumni-Verein\" href=\"http:\/\/www.uni-hamburg.de\/Alumni\/index.html\">Alumni-Verein der<br \/>\nUniversit\u00e4t Hamburg<\/a> um 19 Uhr: &#8220;Den Wissenschaftsstandort Hamburg zukunftsf\u00e4hig<br \/>\nmachen &#8211; bisherige Erfolge und anstehende Herausforderungen&#8221;.<\/p>\n<div id=\"attachment_7902\" style=\"width: 177px\" class=\"wp-caption alignright\"><a href=\"https:\/\/blog.sub.uni-hamburg.de\/wp-content\/uploads\/2012\/04\/alumni.jpg\"><img loading=\"lazy\" decoding=\"async\" aria-describedby=\"caption-attachment-7902\" data-attachment-id=\"7902\" data-permalink=\"https:\/\/blog.sub.uni-hamburg.de\/?attachment_id=7902\" data-orig-file=\"https:\/\/blog.sub.uni-hamburg.de\/wp-content\/uploads\/2012\/04\/alumni.jpg\" data-orig-size=\"300,300\" data-comments-opened=\"1\" data-image-meta=\"{&quot;aperture&quot;:&quot;0&quot;,&quot;credit&quot;:&quot;&quot;,&quot;camera&quot;:&quot;&quot;,&quot;caption&quot;:&quot;&quot;,&quot;created_timestamp&quot;:&quot;0&quot;,&quot;copyright&quot;:&quot;&quot;,&quot;focal_length&quot;:&quot;0&quot;,&quot;iso&quot;:&quot;0&quot;,&quot;shutter_speed&quot;:&quot;0&quot;,&quot;title&quot;:&quot;&quot;}\" data-image-title=\"Alumni-Verein der Universit\u00e4t Hamburg\" data-image-description=\"&lt;p&gt;Logo des Alumni-Vereins&lt;\/p&gt;\n\" data-image-caption=\"&lt;p&gt;Alumni-Verein der Universit\u00e4t Hamburg&lt;\/p&gt;\n\" data-large-file=\"https:\/\/blog.sub.uni-hamburg.de\/wp-content\/uploads\/2012\/04\/alumni.jpg\" class=\" wp-image-7902\" title=\"Alumni-Verein der Universit\u00e4t Hamburg\" src=\"https:\/\/blog.sub.uni-hamburg.de\/wp-content\/uploads\/2012\/04\/alumni.jpg\" alt=\"\" width=\"167\" height=\"167\" srcset=\"https:\/\/blog.sub.uni-hamburg.de\/wp-content\/uploads\/2012\/04\/alumni.jpg 300w, https:\/\/blog.sub.uni-hamburg.de\/wp-content\/uploads\/2012\/04\/alumni-150x150.jpg 150w\" sizes=\"auto, (max-width: 167px) 100vw, 167px\" \/><\/a><p id=\"caption-attachment-7902\" class=\"wp-caption-text\">Alumni-Verein der Universit\u00e4t Hamburg<\/p><\/div>\n<p>Moderiert wird die Veranstaltung vom Vorsitzenden von &#8220;Alumni Universit\u00e4t Hamburg e.V.&#8221;,\u00a0 Torsten H\u00f6nisch.<\/p>\n<p>Die Zukunft der Wissenschaft ist seit Jahren ein immer wichtigeres Thema in der \u00f6ffentlichen Diskussion in dieser Stadt. Wohl selten haben sich so viele Menschen f\u00fcr die Lage an unserer Universit\u00e4t interessiert. Kann es gelingen, trotz angespannter Haushaltslage, mit Forschung und Lehre national und international wettbewerbsf\u00e4hig zu werden? Geht es immer nur ums Geld oder k\u00f6nnen auch Reformen an der Uni selbst bestehende Probleme l\u00f6sen? Was genau sind eigentlich die Anforderungen an die Universit\u00e4t in den n\u00e4chsten zehn Jahren? Ob Studiengeb\u00fchren-Abschaffung, Zukunftspakt mit den Hochschulen, umfassender Neubau von Uni-Geb\u00e4uden oder Reform des Hochschulgesetzes: Es gibt viele spannende Themen, bei denen es sich lohnt, genau hinzusehen und mit der verantwortlichen Senatorin \u00fcber ihre Pl\u00e4ne und unsere Ideen ins Gespr\u00e4ch zu kommen.<\/p>\n<p>Im Anschluss an die Gespr\u00e4chsrunde wird es einen kleinen Umtrunk geben.<\/p>\n<p>Anmeldung erbeten unter info@alumni-uhh.de<\/p>\n<p>&nbsp;<\/p>\n","protected":false},"excerpt":{"rendered":"<p>Am Donnerstag, 3. Mai, wird die Senatorin f\u00fcr Wissenschaft und Forschung, Frau Dr. Stapelfeldt, in unserer Bibliothek sein. Sie kommt zu einer Diskussionsveranstaltung mit dem Alumni-Verein der Universit\u00e4t Hamburg um 19 Uhr: &#8220;Den Wissenschaftsstandort Hamburg zukunftsf\u00e4hig machen &#8211; bisherige Erfolge und anstehende Herausforderungen&#8221;. Moderiert wird die Veranstaltung vom Vorsitzenden von &#8220;Alumni Universit\u00e4t Hamburg e.V.&#8221;,\u00a0 Torsten [&hellip;]<\/p>\n","protected":false},"author":5,"featured_media":0,"comment_status":"open","ping_status":"open","sticky":false,"template":"","format":"standard","meta":{"jetpack_post_was_ever_published":false,"_jetpack_newsletter_access":"","_jetpack_dont_email_post_to_subs":false,"_jetpack_newsletter_tier_id":0,"_jetpack_memberships_contains_paywalled_content":false,"_jetpack_memberships_contains_paid_content":false,"footnotes":"","jetpack_publicize_message":"","jetpack_publicize_feature_enabled":true,"jetpack_social_post_already_shared":false,"jetpack_social_options":{"image_generator_settings":{"template":"highway","default_image_id":0,"font":"","enabled":false},"version":2}},"categories":[9],"tags":[],"class_list":["post-7901","post","type-post","status-publish","format-standard","hentry","category-ausstellungen"],"views":3506,"jetpack_publicize_connections":[],"jetpack_featured_media_url":"","jetpack_shortlink":"https:\/\/wp.me\/p7hfNR-23r","jetpack-related-posts":[{"id":18299,"url":"https:\/\/blog.sub.uni-hamburg.de\/?p=18299","url_meta":{"origin":7901,"position":0},"title":"Alumni-Podiumsdiskussion: \u201eF\u00fchrung im Unternehmen\u2026\u201c (24.9.)","author":"Markus Trapp","date":"03-09-15","format":false,"excerpt":"\u201eF\u00fchrung im Unternehmen \u2013 vom Patriarchen zum Team zur Realit\u00e4t 4.0\u201c In Zeiten immer komplexer werdender Arbeitswelten und des demografischen Wandels erh\u00e4lt die Personalf\u00fchrung und -entwicklung im Unternehmen immer mehr Bedeutung. Wie diese jetzt erfolgreich auf die Zukunft ausgerichtet und was im Rahmen der Ausbildung an Universit\u00e4ten geleistet werden kann\u2026","rel":"","context":"In &quot;Ausstellungen und Veranstaltungen&quot;","block_context":{"text":"Ausstellungen und Veranstaltungen","link":"https:\/\/blog.sub.uni-hamburg.de\/?cat=9"},"img":{"alt_text":"","src":"https:\/\/i0.wp.com\/blog.sub.uni-hamburg.de\/wp-content\/uploads\/2015\/09\/alumni-lichthof.jpg?resize=350%2C200&ssl=1","width":350,"height":200,"srcset":"https:\/\/i0.wp.com\/blog.sub.uni-hamburg.de\/wp-content\/uploads\/2015\/09\/alumni-lichthof.jpg?resize=350%2C200&ssl=1 1x, https:\/\/i0.wp.com\/blog.sub.uni-hamburg.de\/wp-content\/uploads\/2015\/09\/alumni-lichthof.jpg?resize=525%2C300&ssl=1 1.5x"},"classes":[]},{"id":6578,"url":"https:\/\/blog.sub.uni-hamburg.de\/?p=6578","url_meta":{"origin":7901,"position":1},"title":"Speicherbibliothek Hamburg &#8211; Einweihung zweiter Bauabschnitt","author":"Markus Trapp","date":"20-12-11","format":false,"excerpt":"Gestern wurde im Beisein der Senatorin f\u00fcr Wissenschaft und Forschung, Dr. Dorothee Stapelfeldt, der zweite Bauabschnitt der Speicherbibliothek Hamburg eingeweiht. Wissenschaftlicher Buchspeicher f\u00fcr die Stadt enorm vergr\u00f6\u00dfert Hamburgs kl\u00fcgste Tiefgarage liegt in der Lohbr\u00fcgger Kirchstra\u00dfe in Bergedorf. Hier, im Geb\u00e4ude der HAW, tief unter der Erde, betreiben die Staats- und\u2026","rel":"","context":"In &quot;Aktuelles&quot;","block_context":{"text":"Aktuelles","link":"https:\/\/blog.sub.uni-hamburg.de\/?cat=1"},"img":{"alt_text":"Speicherbibliothek Hamburg","src":"https:\/\/i0.wp.com\/blog.sub.uni-hamburg.de\/wp-content\/uploads\/2011\/12\/sp-buecher.jpg?resize=350%2C200&ssl=1","width":350,"height":200},"classes":[]},{"id":17967,"url":"https:\/\/blog.sub.uni-hamburg.de\/?p=17967","url_meta":{"origin":7901,"position":2},"title":"Lichthof-Konzert: Von Liebe, Lust und Leidenschaft (15.7.)","author":"Markus Trapp","date":"25-06-15","format":false,"excerpt":"Von Liebe, Lust und Leidenschaft - Eine musikalische Reise durch Europa Ein Programm voller Liebe in all ihren unterschiedlichen Facetten erwartet Sie beim Sommerkonzert des Alumni-Chors der Universit\u00e4t Hamburg. Was f\u00fchlen Verliebte? Welche Pr\u00fcfungen m\u00fcssen Paare bestehen? Wie geht es nach der Heirat weiter? Wie schmerzvoll kann unerwiderte Liebe und\u2026","rel":"","context":"In &quot;Ausstellungen und Veranstaltungen&quot;","block_context":{"text":"Ausstellungen und Veranstaltungen","link":"https:\/\/blog.sub.uni-hamburg.de\/?cat=9"},"img":{"alt_text":"","src":"https:\/\/i0.wp.com\/blog.sub.uni-hamburg.de\/wp-content\/uploads\/2015\/06\/Alumni-Chor.jpg?resize=350%2C200&ssl=1","width":350,"height":200,"srcset":"https:\/\/i0.wp.com\/blog.sub.uni-hamburg.de\/wp-content\/uploads\/2015\/06\/Alumni-Chor.jpg?resize=350%2C200&ssl=1 1x, https:\/\/i0.wp.com\/blog.sub.uni-hamburg.de\/wp-content\/uploads\/2015\/06\/Alumni-Chor.jpg?resize=525%2C300&ssl=1 1.5x"},"classes":[]},{"id":9095,"url":"https:\/\/blog.sub.uni-hamburg.de\/?p=9095","url_meta":{"origin":7901,"position":3},"title":"eCamp in der Stabi: eLearning-Werkzeuge im Studium (11.10.)","author":"MG","date":"24-09-12","format":false,"excerpt":"Das Hamburger MultimediaKontor bietet am 11.10.2012 eine Veranstaltung mit Fachvortr\u00e4gen zu \"Studienorganisation und -unterst\u00fctzung mit eLearning-Werkzeugen\" f\u00fcr die eLearning-Community in und um Hamburg an. Die Teilnahme ist kostenfrei, um eine verbindliche Anmeldung wird gebeten. Veranstaltungspartner dieses eCamps ist das Zentrale eLearning-B\u00fcro der Universit\u00e4t Hamburg. Ort: Vortragsraum der Staats- und Universit\u00e4tsbibliothek,\u2026","rel":"","context":"In &quot;Ausstellungen und Veranstaltungen&quot;","block_context":{"text":"Ausstellungen und Veranstaltungen","link":"https:\/\/blog.sub.uni-hamburg.de\/?cat=9"},"img":{"alt_text":"","src":"https:\/\/i0.wp.com\/blog.sub.uni-hamburg.de\/wp-content\/uploads\/2012\/09\/mmkh_logo.png?resize=350%2C200&ssl=1","width":350,"height":200},"classes":[]},{"id":25134,"url":"https:\/\/blog.sub.uni-hamburg.de\/?p=25134","url_meta":{"origin":7901,"position":4},"title":"Alumni-Chor Universit\u00e4t Hamburg: Love &#038; Spirit (29.6.)","author":"Markus Trapp","date":"14-06-18","format":false,"excerpt":"Alte Madrigale und neue Motetten \u2013 Musik aus Renaissance und Gegenwart. \u201eLasst uns singen, unseren Kummer vergessen\u201c, hei\u00dft es im historischen Tanzlied Tourdion. Von Weltlichem wie Liebe, Freude, Tr\u00e4nen, geh\u00f6rnten Ehem\u00e4nnern oder gutem Wein erz\u00e4hlen die Madrigale aus der Renaissance, u.a. von Lasso, Tomkins und Monteverdi. In seinem Sommerkonzert 2018\u2026","rel":"","context":"In &quot;Ausstellungen und Veranstaltungen&quot;","block_context":{"text":"Ausstellungen und Veranstaltungen","link":"https:\/\/blog.sub.uni-hamburg.de\/?cat=9"},"img":{"alt_text":"","src":"https:\/\/i0.wp.com\/blog.sub.uni-hamburg.de\/wp-content\/uploads\/2018\/06\/DEE819D3-C5AC-48D3-9746-98A840729C0B-e1528990052753.jpeg?resize=350%2C200&ssl=1","width":350,"height":200,"srcset":"https:\/\/i0.wp.com\/blog.sub.uni-hamburg.de\/wp-content\/uploads\/2018\/06\/DEE819D3-C5AC-48D3-9746-98A840729C0B-e1528990052753.jpeg?resize=350%2C200&ssl=1 1x, https:\/\/i0.wp.com\/blog.sub.uni-hamburg.de\/wp-content\/uploads\/2018\/06\/DEE819D3-C5AC-48D3-9746-98A840729C0B-e1528990052753.jpeg?resize=525%2C300&ssl=1 1.5x"},"classes":[]},{"id":41151,"url":"https:\/\/blog.sub.uni-hamburg.de\/?p=41151","url_meta":{"origin":7901,"position":5},"title":"Tagung: Gleichstellung \u2013 Karriere \u2013 Leben: Wo stehen wir? (20.11.)","author":"Markus Trapp","date":"07-11-25","format":false,"excerpt":"Donnerstag, 20.11., 9 bis 17.30 Uhr, Lichthof. Gleichstellung spielt nach wie vor eine zentrale Rolle, wenn wir als gesellschaftliche Akteur:innen die Zukunft des Arbeitsmarkts innovativ gestalten und daf\u00fcr alle Potenziale, gerade die von Frauen* mit und ohne Migrationsgeschichte, nutzen wollen. Zwischen dieser Absicht und der derzeitigen Situation stehen jedoch nach\u2026","rel":"","context":"In &quot;Ausstellungen und Veranstaltungen&quot;","block_context":{"text":"Ausstellungen und Veranstaltungen","link":"https:\/\/blog.sub.uni-hamburg.de\/?cat=9"},"img":{"alt_text":"","src":"https:\/\/i0.wp.com\/blog.sub.uni-hamburg.de\/wp-content\/uploads\/2025\/11\/tagung-gleichstellung-2025.jpg?resize=350%2C200&ssl=1","width":350,"height":200,"srcset":"https:\/\/i0.wp.com\/blog.sub.uni-hamburg.de\/wp-content\/uploads\/2025\/11\/tagung-gleichstellung-2025.jpg?resize=350%2C200&ssl=1 1x, https:\/\/i0.wp.com\/blog.sub.uni-hamburg.de\/wp-content\/uploads\/2025\/11\/tagung-gleichstellung-2025.jpg?resize=525%2C300&ssl=1 1.5x, https:\/\/i0.wp.com\/blog.sub.uni-hamburg.de\/wp-content\/uploads\/2025\/11\/tagung-gleichstellung-2025.jpg?resize=700%2C400&ssl=1 2x"},"classes":[]}],"jetpack_sharing_enabled":true,"_links":{"self":[{"href":"https:\/\/blog.sub.uni-hamburg.de\/index.php?rest_route=\/wp\/v2\/posts\/7901","targetHints":{"allow":["GET"]}}],"collection":[{"href":"https:\/\/blog.sub.uni-hamburg.de\/index.php?rest_route=\/wp\/v2\/posts"}],"about":[{"href":"https:\/\/blog.sub.uni-hamburg.de\/index.php?rest_route=\/wp\/v2\/types\/post"}],"author":[{"embeddable":true,"href":"https:\/\/blog.sub.uni-hamburg.de\/index.php?rest_route=\/wp\/v2\/users\/5"}],"replies":[{"embeddable":true,"href":"https:\/\/blog.sub.uni-hamburg.de\/index.php?rest_route=%2Fwp%2Fv2%2Fcomments&post=7901"}],"version-history":[{"count":10,"href":"https:\/\/blog.sub.uni-hamburg.de\/index.php?rest_route=\/wp\/v2\/posts\/7901\/revisions"}],"predecessor-version":[{"id":7967,"href":"https:\/\/blog.sub.uni-hamburg.de\/index.php?rest_route=\/wp\/v2\/posts\/7901\/revisions\/7967"}],"wp:attachment":[{"href":"https:\/\/blog.sub.uni-hamburg.de\/index.php?rest_route=%2Fwp%2Fv2%2Fmedia&parent=7901"}],"wp:term":[{"taxonomy":"category","embeddable":true,"href":"https:\/\/blog.sub.uni-hamburg.de\/index.php?rest_route=%2Fwp%2Fv2%2Fcategories&post=7901"},{"taxonomy":"post_tag","embeddable":true,"href":"https:\/\/blog.sub.uni-hamburg.de\/index.php?rest_route=%2Fwp%2Fv2%2Ftags&post=7901"}],"curies":[{"name":"wp","href":"https:\/\/api.w.org\/{rel}","templated":true}]}}