{"id":786,"date":"2007-12-07T12:53:00","date_gmt":"2007-12-07T11:53:00","guid":{"rendered":"http:\/\/www.sub.uni-hamburg.de\/blog\/?p=786"},"modified":"2007-12-10T08:54:55","modified_gmt":"2007-12-10T07:54:55","slug":"stabi-spendet-fur-die-arche-hamburg","status":"publish","type":"post","link":"https:\/\/blog.sub.uni-hamburg.de\/?p=786","title":{"rendered":"&#8220;Arche f\u00fcr Kinder&#8221; erh\u00e4lt Spende aus Benefizveranstaltung &#8220;Geschenkte Stunde&#8221;"},"content":{"rendered":"<p class=\"MsoNormal\"><span style=\"font-size: 10pt\">Erinnern Sie sich an unsere Veranstaltung &#8220;Die Geschenkte Stunde&#8221; zur Zeit-Umstellung im Oktober &#8211; eine Benefizveranstaltung zugunsten der <a href=\"http:\/\/hamburg.kinderprojekt-arche.de\/arche_hamburg.htm\">Arche f\u00fcr Kinder<\/a>? Die Schauspielerin Hannelore Hoger hatte damals spontan zugesagt, anl\u00e4sslich der Spenden\u00fcbergabe f\u00fcr Kinder zu lesen. <\/span><\/p>\n<p class=\"MsoNormal\"><span style=\"font-size: 10pt\">Jetzt ist es soweit: <\/span><\/p>\n<p class=\"MsoNormal\"><span style=\"font-size: 10pt\">Am Sonntag, dem 9.12., 16.00 bis 17.00 Uhr, liest Hannelore Hoger M\u00e4rchen auf dem Kaffeeschiff der M\u00e4rchenschiffe auf dem Weihnachtsmarkt Jungfernstieg &#8211; und die Direktorin unserer Bibliothek Prof. Dr. Gabriele Beger wird die Spende \u00fcberreichen. Das Kaffeeschiff liegt hinter der Eisbahn. Der Eintritt ist frei. <\/span><\/p>\n","protected":false},"excerpt":{"rendered":"<p>Erinnern Sie sich an unsere Veranstaltung &#8220;Die Geschenkte Stunde&#8221; zur Zeit-Umstellung im Oktober &#8211; eine Benefizveranstaltung zugunsten der Arche f\u00fcr Kinder? Die Schauspielerin Hannelore Hoger hatte damals spontan zugesagt, anl\u00e4sslich der Spenden\u00fcbergabe f\u00fcr Kinder zu lesen. Jetzt ist es soweit: Am Sonntag, dem 9.12., 16.00 bis 17.00 Uhr, liest Hannelore Hoger M\u00e4rchen auf dem Kaffeeschiff [&hellip;]<\/p>\n","protected":false},"author":5,"featured_media":0,"comment_status":"open","ping_status":"open","sticky":false,"template":"","format":"standard","meta":{"jetpack_post_was_ever_published":false,"_jetpack_newsletter_access":"","_jetpack_dont_email_post_to_subs":false,"_jetpack_newsletter_tier_id":0,"_jetpack_memberships_contains_paywalled_content":false,"_jetpack_memberships_contains_paid_content":false,"footnotes":"","jetpack_publicize_message":"","jetpack_publicize_feature_enabled":true,"jetpack_social_post_already_shared":false,"jetpack_social_options":{"image_generator_settings":{"template":"highway","default_image_id":0,"font":"","enabled":false},"version":2}},"categories":[9],"tags":[],"class_list":["post-786","post","type-post","status-publish","format-standard","hentry","category-ausstellungen"],"views":7058,"jetpack_publicize_connections":[],"jetpack_featured_media_url":"","jetpack_shortlink":"https:\/\/wp.me\/p7hfNR-cG","jetpack-related-posts":[{"id":703,"url":"https:\/\/blog.sub.uni-hamburg.de\/?p=703","url_meta":{"origin":786,"position":0},"title":"Stabi l\u00e4dt zur Kulturnacht: &#8220;Die Geschenkte Stunde&#8221; im LICHTHOF (27.10.07)","author":"MG","date":"02-10-07","format":false,"excerpt":"Erstmalig in diesem Jahr veranstaltet die Stabi anl\u00e4sslich der ZEIT-Umstellung Die Geschenkte Stunde Benefiz-Revue zugunsten der Hamburger Arche f\u00fcr Kinder Mit Lesungen, Talk, Jazz im Stundentakt \u2013 von 19 Uhr bis zur ZEIT-Umstellung um 2 Uhr in der Nacht vom 27. zum 28. Oktober 2007 Programm: 19.00 Einlass 19.45 \u201eJazz\u2026","rel":"","context":"In &quot;Ausstellungen und Veranstaltungen&quot;","block_context":{"text":"Ausstellungen und Veranstaltungen","link":"https:\/\/blog.sub.uni-hamburg.de\/?cat=9"},"img":{"alt_text":"","src":"","width":0,"height":0},"classes":[]},{"id":962,"url":"https:\/\/blog.sub.uni-hamburg.de\/?p=962","url_meta":{"origin":786,"position":1},"title":"Malteser \u201eSommernachtstraum\u201c im Stabi-LICHTHOF (30.5., 19.30)","author":"MG","date":"22-05-08","format":false,"excerpt":"Benefiztheater f\u00fcr behinderte Kinder im Libanon Die Gemeinschaft junger Malteser tourt dieses Fr\u00fchjahr mit einer Produktion von Shakespeare\u2019s \u201eEin Sommernachtstraum\u201c durch Deutschland. Mit den Einnahmen finanzieren sie ein zweimonatiges Feriencamp f\u00fcr schwerbehinderte Kinder in Chabrough, im Libanon. Der Sommernachtstraum von William Shakespeare ist ein vielschichtiges St\u00fcck zwischen Realit\u00e4t und Traum,\u2026","rel":"","context":"In &quot;Ausstellungen und Veranstaltungen&quot;","block_context":{"text":"Ausstellungen und Veranstaltungen","link":"https:\/\/blog.sub.uni-hamburg.de\/?cat=9"},"img":{"alt_text":"","src":"https:\/\/i0.wp.com\/blog.sub.uni-hamburg.de\/wp-content\/uploads\/2008\/05\/08-sommernacht.jpg?resize=350%2C200&ssl=1","width":350,"height":200,"srcset":"https:\/\/i0.wp.com\/blog.sub.uni-hamburg.de\/wp-content\/uploads\/2008\/05\/08-sommernacht.jpg?resize=350%2C200&ssl=1 1x, https:\/\/i0.wp.com\/blog.sub.uni-hamburg.de\/wp-content\/uploads\/2008\/05\/08-sommernacht.jpg?resize=525%2C300&ssl=1 1.5x, https:\/\/i0.wp.com\/blog.sub.uni-hamburg.de\/wp-content\/uploads\/2008\/05\/08-sommernacht.jpg?resize=700%2C400&ssl=1 2x, https:\/\/i0.wp.com\/blog.sub.uni-hamburg.de\/wp-content\/uploads\/2008\/05\/08-sommernacht.jpg?resize=1050%2C600&ssl=1 3x, https:\/\/i0.wp.com\/blog.sub.uni-hamburg.de\/wp-content\/uploads\/2008\/05\/08-sommernacht.jpg?resize=1400%2C800&ssl=1 4x"},"classes":[]},{"id":8950,"url":"https:\/\/blog.sub.uni-hamburg.de\/?p=8950","url_meta":{"origin":786,"position":2},"title":"Ausstellung in der Martha-Muchow-Bibliothek","author":"Markus Trapp","date":"05-09-12","format":false,"excerpt":"Der Geburtstag der P\u00e4dagogin und Psychologin Martha Muchow j\u00e4hrt sich am 25.9.2012 zum 120-ten mal. Dies ist Anlass, die erstaunlich breite Nachwirkung der fast vergessenen Wissenschaftlerin aufzugreifen. Der Juventa-Verlag gibt zu diesem Zeitpunkt ihr wohl bekanntestes Werk \u201eDer Lebensraum des Gro\u00dfstadtkindes\u201c erneut heraus (hrsg. Imbke Behnken und Michael-Sebastian Honig). Au\u00dferdem\u2026","rel":"","context":"In &quot;Ausstellungen und Veranstaltungen&quot;","block_context":{"text":"Ausstellungen und Veranstaltungen","link":"https:\/\/blog.sub.uni-hamburg.de\/?cat=9"},"img":{"alt_text":"Martha Muchow","src":"https:\/\/i0.wp.com\/blog.sub.uni-hamburg.de\/wp-content\/uploads\/2012\/09\/marthamuchow.jpg?resize=350%2C200&ssl=1","width":350,"height":200},"classes":[]},{"id":2435,"url":"https:\/\/blog.sub.uni-hamburg.de\/?p=2435","url_meta":{"origin":786,"position":3},"title":"Kinderbuch-Spezialistin in der Mongolei und in China &#8211; Vortrag in HAW (29.6.2010)","author":"MG","date":"14-06-10","format":false,"excerpt":"Die Hochschule f\u00fcr Angewandte Wissenschaften l\u00e4dt ein zum Gastvortrag von Prof. em. Birgit Dankert: Von Ulan Bator bis Beijing: Zwei Monate Mongolei und China mit Ausstellungen, Vortr\u00e4gen und Verhandlungen zu Bilderbuch, Kinderbuch und Lesef\u00f6rderung. Dienstag, 29. Juni 2010, 10.15, HAW, Department Information, Berliner Tor 5, 20099 Hamburg, Raum 5.14 (5.\u2026","rel":"","context":"In &quot;Ausstellungen und Veranstaltungen&quot;","block_context":{"text":"Ausstellungen und Veranstaltungen","link":"https:\/\/blog.sub.uni-hamburg.de\/?cat=9"},"img":{"alt_text":"","src":"https:\/\/i0.wp.com\/blog.sub.uni-hamburg.de\/wp-content\/uploads\/2010\/06\/Dankert_China.png?resize=350%2C200&ssl=1","width":350,"height":200,"srcset":"https:\/\/i0.wp.com\/blog.sub.uni-hamburg.de\/wp-content\/uploads\/2010\/06\/Dankert_China.png?resize=350%2C200&ssl=1 1x, https:\/\/i0.wp.com\/blog.sub.uni-hamburg.de\/wp-content\/uploads\/2010\/06\/Dankert_China.png?resize=525%2C300&ssl=1 1.5x, https:\/\/i0.wp.com\/blog.sub.uni-hamburg.de\/wp-content\/uploads\/2010\/06\/Dankert_China.png?resize=700%2C400&ssl=1 2x"},"classes":[]},{"id":1904,"url":"https:\/\/blog.sub.uni-hamburg.de\/?p=1904","url_meta":{"origin":786,"position":4},"title":"Heike Koschyk zur Benefiz-Lesung im Stavenhagenhaus","author":"Markus Trapp","date":"06-05-10","format":false,"excerpt":"Die Buchautorin Heike Koschyk berichtet in ihrem lesenswerten Weblog aus dem Arbeitsalltag einer Autorin. In ihrem aktuellen Blogeintrag \u00abGegen das Vergessen\u00bb blickt sie auf eine ganz besondere Lesung zur\u00fcck, auf eine Benefizveranstaltung zur Restaurierung der zerst\u00f6rten Archivalien des K\u00f6lner Stadtarchivs, an der sie gemeinsam mit Kolleginnen und Kollegen im Stavenhagenhaus,\u2026","rel":"","context":"In &quot;Aufgelesen&quot;","block_context":{"text":"Aufgelesen","link":"https:\/\/blog.sub.uni-hamburg.de\/?cat=18"},"img":{"alt_text":"","src":"","width":0,"height":0},"classes":[]},{"id":35870,"url":"https:\/\/blog.sub.uni-hamburg.de\/?p=35870","url_meta":{"origin":786,"position":5},"title":"Lesung und Gespr\u00e4ch: Freiheit der Gedanken: 100 Geschichten aus dem Gef\u00e4ngnis von Maxim Znak. Eine Benefiz-Buchlesung f\u00fcr politische Gefangene in Belarus. (19.5.)","author":"Markus Trapp","date":"16-05-23","format":false,"excerpt":"Freitag, 19.5., 19 Uhr, Vortragsraum. Maxim Znak, Anwalt und f\u00fchrendes Mitglied der belarussischen Oppositionsbewegung und einer von \u00fcber 1.450 politischen Gefangenen in Belarus, wurde im Herbst 2020 verhaftet und am 6. September 2021 zu zehn Jahren Haft verurteilt. Sein Buch \u00bbZekamerone\u00ab (von zek, einem russischen Wort f\u00fcr H\u00e4ftling), eine Sammlung\u2026","rel":"","context":"In &quot;Ausstellungen und Veranstaltungen&quot;","block_context":{"text":"Ausstellungen und Veranstaltungen","link":"https:\/\/blog.sub.uni-hamburg.de\/?cat=9"},"img":{"alt_text":"","src":"https:\/\/i0.wp.com\/blog.sub.uni-hamburg.de\/wp-content\/uploads\/2023\/05\/zekamerone.jpg?resize=350%2C200&ssl=1","width":350,"height":200},"classes":[]}],"jetpack_sharing_enabled":true,"_links":{"self":[{"href":"https:\/\/blog.sub.uni-hamburg.de\/index.php?rest_route=\/wp\/v2\/posts\/786","targetHints":{"allow":["GET"]}}],"collection":[{"href":"https:\/\/blog.sub.uni-hamburg.de\/index.php?rest_route=\/wp\/v2\/posts"}],"about":[{"href":"https:\/\/blog.sub.uni-hamburg.de\/index.php?rest_route=\/wp\/v2\/types\/post"}],"author":[{"embeddable":true,"href":"https:\/\/blog.sub.uni-hamburg.de\/index.php?rest_route=\/wp\/v2\/users\/5"}],"replies":[{"embeddable":true,"href":"https:\/\/blog.sub.uni-hamburg.de\/index.php?rest_route=%2Fwp%2Fv2%2Fcomments&post=786"}],"version-history":[{"count":0,"href":"https:\/\/blog.sub.uni-hamburg.de\/index.php?rest_route=\/wp\/v2\/posts\/786\/revisions"}],"wp:attachment":[{"href":"https:\/\/blog.sub.uni-hamburg.de\/index.php?rest_route=%2Fwp%2Fv2%2Fmedia&parent=786"}],"wp:term":[{"taxonomy":"category","embeddable":true,"href":"https:\/\/blog.sub.uni-hamburg.de\/index.php?rest_route=%2Fwp%2Fv2%2Fcategories&post=786"},{"taxonomy":"post_tag","embeddable":true,"href":"https:\/\/blog.sub.uni-hamburg.de\/index.php?rest_route=%2Fwp%2Fv2%2Ftags&post=786"}],"curies":[{"name":"wp","href":"https:\/\/api.w.org\/{rel}","templated":true}]}}