{"id":783,"date":"2007-11-30T18:31:49","date_gmt":"2007-11-30T16:31:49","guid":{"rendered":"http:\/\/www.sub.uni-hamburg.de\/blog\/?p=783"},"modified":"2007-12-06T09:58:54","modified_gmt":"2007-12-06T08:58:54","slug":"buchpaten-gefunden","status":"publish","type":"post","link":"https:\/\/blog.sub.uni-hamburg.de\/?p=783","title":{"rendered":"Buchpaten gefunden!"},"content":{"rendered":"<p>Es war die ungew\u00f6hnlichste Veranstaltung der Stabi in diesem Jahr! Am 28.11. kamen im LICHTHOF bei ged\u00e4mpftem Licht, Jazz-Musik und Wein Buchliebhaber aus Hamburg zusammen. Sie betrachteten wertvolle alte B\u00fccher in den Vitrinen, die allesamt einen traurigen Eindruck machten: abgeriebene Ecken, gebrochene R\u00fccken,  verzerrte Buchbl\u00f6cke, aufgegangene B\u00fcnde, Tintenfra\u00df und eingerissene Seiten zeugten vom Zahn der Zeit.<\/p>\n<p>Und dann legten Prominente den G\u00e4sten die B\u00fccher so gekonnt ans Herz, dass sich viele bei der anschlie\u00dfenden &#8220;Auktion&#8221; \u00fcberboten, um Buchpaten von Ausgaben von Schiller, Boccaccio, Klopstock und anderen ramponierten Buchkindern zu werden. 8.400 Euro kamen zusammen, so dass die ersten 8 B\u00fccher Restauratoren \u00fcbergeben werden k\u00f6nnen. Die ZEIT-Stiftung Ebelin und Gerd Bucerius legte 10.000 Euro dazu, also k\u00f6nnen wir noch weitere B\u00fccher restaurieren lassen.<\/p>\n<p>Die Buchpaten bekommen eine sch\u00f6ne Urkunde, werden zur \u00dcbergabe des restaurierten Bandes in die Bibliothek gebeten, um beim Einkleben &#8220;ihres&#8221; Exlibris dabei sein zu k\u00f6nnen. Sp\u00e4ter werden die restaurierten St\u00fccke in einer Ausstellung zu sehen sein.<\/p>\n<p>Wir Bibliothekare sagen ein freudiges Dankesch\u00f6n, <a href=\"http:\/\/www.sub.uni-hamburg.de\/sammlungen\/paten\/index.html\">hier<\/a> k\u00f6nnen Sie sich weiter informieren &#8211; lassen Sie sich auch hinrei\u00dfen und werden Sie Buchpate!<\/p>\n","protected":false},"excerpt":{"rendered":"<p>Es war die ungew\u00f6hnlichste Veranstaltung der Stabi in diesem Jahr! Am 28.11. kamen im LICHTHOF bei ged\u00e4mpftem Licht, Jazz-Musik und Wein Buchliebhaber aus Hamburg zusammen. Sie betrachteten wertvolle alte B\u00fccher in den Vitrinen, die allesamt einen traurigen Eindruck machten: abgeriebene Ecken, gebrochene R\u00fccken, verzerrte Buchbl\u00f6cke, aufgegangene B\u00fcnde, Tintenfra\u00df und eingerissene Seiten zeugten vom Zahn der [&hellip;]<\/p>\n","protected":false},"author":5,"featured_media":0,"comment_status":"open","ping_status":"open","sticky":false,"template":"","format":"standard","meta":{"jetpack_post_was_ever_published":false,"_jetpack_newsletter_access":"","_jetpack_dont_email_post_to_subs":false,"_jetpack_newsletter_tier_id":0,"_jetpack_memberships_contains_paywalled_content":false,"_jetpack_memberships_contains_paid_content":false,"footnotes":"","jetpack_publicize_message":"","jetpack_publicize_feature_enabled":true,"jetpack_social_post_already_shared":false,"jetpack_social_options":{"image_generator_settings":{"template":"highway","default_image_id":0,"font":"","enabled":false},"version":2}},"categories":[9],"tags":[],"class_list":["post-783","post","type-post","status-publish","format-standard","hentry","category-ausstellungen"],"views":3694,"jetpack_publicize_connections":[],"jetpack_featured_media_url":"","jetpack_shortlink":"https:\/\/wp.me\/p7hfNR-cD","jetpack-related-posts":[{"id":758,"url":"https:\/\/blog.sub.uni-hamburg.de\/?p=758","url_meta":{"origin":783,"position":0},"title":"Buchpate werden: bei Jazz und edlen B\u00fcchern (28.11.07)","author":"BP","date":"06-11-07","format":false,"excerpt":"Am Mittwoch, dem 28. November, um 19.30 Uhr startet die Staats- und Universit\u00e4tsbibliothek eine Aktion \"Edlen B\u00fcchern Pate stehen\", mit der wir alle Buchliebhaber dazu aufrufen m\u00f6chten, ein wertvolles, aber pflegebed\u00fcrftiges Buch aus dem Bestand der Stabi restaurieren zu lassen. Eine Paten-Urkunde und ein sch\u00f6nes Exlibris f\u00fcr das Buch mit\u2026","rel":"","context":"In &quot;Ausstellungen und Veranstaltungen&quot;","block_context":{"text":"Ausstellungen und Veranstaltungen","link":"https:\/\/blog.sub.uni-hamburg.de\/?cat=9"},"img":{"alt_text":"","src":"https:\/\/i0.wp.com\/blog.sub.uni-hamburg.de\/wp-content\/uploads\/2007\/11\/cod_scrin_0093.jpg?resize=350%2C200&ssl=1","width":350,"height":200},"classes":[]},{"id":743,"url":"https:\/\/blog.sub.uni-hamburg.de\/?p=743","url_meta":{"origin":783,"position":1},"title":"Buchpatenschaftsaktion der Stabi im Fernsehen","author":"BP","date":"26-10-07","format":false,"excerpt":"Unsere Bibliothek startet am 28.11. eine Kampagne \"Edlen B\u00fcchern Pate stehen\" - Hamburger B\u00fcrgerinnen und B\u00fcrger werden eingeladen, f\u00fcr ein zu restaurierendes Buch die Patenschaft zu \u00fcbernehmen. Kaum war das Projekt spruchreif, machte Hamburg 1 schon ein Feature dar\u00fcber, das Sie hier sehen k\u00f6nnen. Zum Auftakt der Aktion wird am\u2026","rel":"","context":"In &quot;Ausstellungen und Veranstaltungen&quot;","block_context":{"text":"Ausstellungen und Veranstaltungen","link":"https:\/\/blog.sub.uni-hamburg.de\/?cat=9"},"img":{"alt_text":"","src":"","width":0,"height":0},"classes":[]},{"id":1048,"url":"https:\/\/blog.sub.uni-hamburg.de\/?p=1048","url_meta":{"origin":783,"position":2},"title":"Nationaler Aktionstag zur Erhaltung des schriftlichen Kulturguts in M\u00fcnster","author":"AP","date":"02-09-08","format":false,"excerpt":"Deutsche Restauratoren und Bibliothekare erinnern zum vierten Mal an den verheerenden Brand der Herzogin Anna Amalia Bibliothek zu Weimar am 2. September 2004. Am Sonntag, den 7. September 2008, findet im Schloss zu M\u00fcnster der \u201eNationale Aktionstag zur Erhaltung des schriftlichen Kulturguts\u201c statt und setzt mit einem umfassenden Programm seinen\u2026","rel":"","context":"In &quot;Ausstellungen und Veranstaltungen&quot;","block_context":{"text":"Ausstellungen und Veranstaltungen","link":"https:\/\/blog.sub.uni-hamburg.de\/?cat=9"},"img":{"alt_text":"","src":"","width":0,"height":0},"classes":[]},{"id":9065,"url":"https:\/\/blog.sub.uni-hamburg.de\/?p=9065","url_meta":{"origin":783,"position":3},"title":"Kabinett-Ausstellung \u201eEdlen B\u00fcchern Pate stehen\u201c","author":"MG","date":"21-09-12","format":false,"excerpt":"Im Rahmen des \"Nationalen Aktionstags f\u00fcr die Erhaltung schriftlichen Kulturguts\" am 6. Oktober, der dieses Jahr unter dem Motto \"SOS f\u00fcr Pergament, Papier & Bytes\" in Kooperation mit der Allianz \u201eSchriftliches Kulturgut Erhalten\u201c stattfindet, zeigt die Staats- und Universit\u00e4tsbibliothek ausgew\u00e4hlte Beispiele k\u00fcrzlich restaurierter kostbarer B\u00fccher. Die Restaurierung einer Benediktinerhandschrift (Cod.\u2026","rel":"","context":"In &quot;Ausstellungen und Veranstaltungen&quot;","block_context":{"text":"Ausstellungen und Veranstaltungen","link":"https:\/\/blog.sub.uni-hamburg.de\/?cat=9"},"img":{"alt_text":"","src":"https:\/\/i0.wp.com\/blog.sub.uni-hamburg.de\/wp-content\/uploads\/2012\/09\/Elfenbeinevangeliar-300x300.jpg?resize=350%2C200&ssl=1","width":350,"height":200},"classes":[]},{"id":8799,"url":"https:\/\/blog.sub.uni-hamburg.de\/?p=8799","url_meta":{"origin":783,"position":4},"title":"Patenbuch des Monats September: Syrische Predigtgelehrsamkeit","author":"Markus Trapp","date":"03-09-12","format":false,"excerpt":"Im Rahmen unserer Aktion Edlen B\u00fcchern Pate stehen stellen wir Ihnen jeden Monat ein interessantes Werk vor, das auf einen Buchpaten f\u00fcr seine Restaurierung wartet. Das \u201ePatenbuch des Monats September\u201c ist Ephraem Syrus: Sermones. Handschrift, Niederlande, 1. H\u00e4lfte 15. Jahrhundert, Pergament, I + 96 + II Bl\u00e4tter. Provenienz: Aus dem\u2026","rel":"","context":"In &quot;Sch\u00e4tze der Stabi&quot;","block_context":{"text":"Sch\u00e4tze der Stabi","link":"https:\/\/blog.sub.uni-hamburg.de\/?cat=13"},"img":{"alt_text":"Syrische Predigtgelehrsamkeit","src":"https:\/\/i0.wp.com\/blog.sub.uni-hamburg.de\/wp-content\/uploads\/2012\/08\/syr-predigtgelehrsamk.jpg?resize=350%2C200&ssl=1","width":350,"height":200},"classes":[]},{"id":31731,"url":"https:\/\/blog.sub.uni-hamburg.de\/?p=31731","url_meta":{"origin":783,"position":5},"title":"B\u00fccherflohmarkt der Stabi im Lichthof abgesagt","author":"Markus Trapp","date":"14-09-21","format":false,"excerpt":"Leider kann der B\u00fccherflohmarkt im Lichthof aufgrund der technischen Ausf\u00e4lle der Geb\u00e4udetechnik des Lichthofes in der Folge des Blitzeinschlages im September nicht stattfinden. DIENSTAG 19. OKTOBER UND MITTWOCH, 20. OKTOBER 2021, 10 - 18 UHR Die Stabi l\u00e4dt ein zum j\u00e4hrlichen B\u00fccherflohmarkt im pr\u00e4chtigen Lichthof. F\u00fcr wenig Geld k\u00f6nnen Dubletten\u2026","rel":"","context":"In &quot;Ausstellungen und Veranstaltungen&quot;","block_context":{"text":"Ausstellungen und Veranstaltungen","link":"https:\/\/blog.sub.uni-hamburg.de\/?cat=9"},"img":{"alt_text":"B\u00fccherflohmarkt","src":"https:\/\/i0.wp.com\/blog.sub.uni-hamburg.de\/wp-content\/uploads\/2021\/09\/buecherflohmarkt.jpg?resize=350%2C200&ssl=1","width":350,"height":200,"srcset":"https:\/\/i0.wp.com\/blog.sub.uni-hamburg.de\/wp-content\/uploads\/2021\/09\/buecherflohmarkt.jpg?resize=350%2C200&ssl=1 1x, https:\/\/i0.wp.com\/blog.sub.uni-hamburg.de\/wp-content\/uploads\/2021\/09\/buecherflohmarkt.jpg?resize=525%2C300&ssl=1 1.5x"},"classes":[]}],"jetpack_sharing_enabled":true,"_links":{"self":[{"href":"https:\/\/blog.sub.uni-hamburg.de\/index.php?rest_route=\/wp\/v2\/posts\/783","targetHints":{"allow":["GET"]}}],"collection":[{"href":"https:\/\/blog.sub.uni-hamburg.de\/index.php?rest_route=\/wp\/v2\/posts"}],"about":[{"href":"https:\/\/blog.sub.uni-hamburg.de\/index.php?rest_route=\/wp\/v2\/types\/post"}],"author":[{"embeddable":true,"href":"https:\/\/blog.sub.uni-hamburg.de\/index.php?rest_route=\/wp\/v2\/users\/5"}],"replies":[{"embeddable":true,"href":"https:\/\/blog.sub.uni-hamburg.de\/index.php?rest_route=%2Fwp%2Fv2%2Fcomments&post=783"}],"version-history":[{"count":0,"href":"https:\/\/blog.sub.uni-hamburg.de\/index.php?rest_route=\/wp\/v2\/posts\/783\/revisions"}],"wp:attachment":[{"href":"https:\/\/blog.sub.uni-hamburg.de\/index.php?rest_route=%2Fwp%2Fv2%2Fmedia&parent=783"}],"wp:term":[{"taxonomy":"category","embeddable":true,"href":"https:\/\/blog.sub.uni-hamburg.de\/index.php?rest_route=%2Fwp%2Fv2%2Fcategories&post=783"},{"taxonomy":"post_tag","embeddable":true,"href":"https:\/\/blog.sub.uni-hamburg.de\/index.php?rest_route=%2Fwp%2Fv2%2Ftags&post=783"}],"curies":[{"name":"wp","href":"https:\/\/api.w.org\/{rel}","templated":true}]}}