{"id":7742,"date":"2012-04-23T09:42:28","date_gmt":"2012-04-23T07:42:28","guid":{"rendered":"http:\/\/blog.sub.uni-hamburg.de\/?p=7742"},"modified":"2012-07-02T09:50:38","modified_gmt":"2012-07-02T07:50:38","slug":"das-letzte-buch-the-last-book-15-5-1-7","status":"publish","type":"post","link":"https:\/\/blog.sub.uni-hamburg.de\/?p=7742","title":{"rendered":"Das letzte Buch \/ The Last Book (15.5. &#8211; 1.7.)"},"content":{"rendered":"<p><a href=\"https:\/\/blog.sub.uni-hamburg.de\/wp-content\/uploads\/2012\/04\/lastbook-gr.jpg\"><img loading=\"lazy\" decoding=\"async\" data-attachment-id=\"7743\" data-permalink=\"https:\/\/blog.sub.uni-hamburg.de\/?attachment_id=7743\" data-orig-file=\"https:\/\/blog.sub.uni-hamburg.de\/wp-content\/uploads\/2012\/04\/lastbook.jpg\" data-orig-size=\"550,413\" data-comments-opened=\"1\" data-image-meta=\"{&quot;aperture&quot;:&quot;0&quot;,&quot;credit&quot;:&quot;&quot;,&quot;camera&quot;:&quot;&quot;,&quot;caption&quot;:&quot;&quot;,&quot;created_timestamp&quot;:&quot;0&quot;,&quot;copyright&quot;:&quot;&quot;,&quot;focal_length&quot;:&quot;0&quot;,&quot;iso&quot;:&quot;0&quot;,&quot;shutter_speed&quot;:&quot;0&quot;,&quot;title&quot;:&quot;&quot;}\" data-image-title=\"El \u00faltimo best seller\" data-image-description=\"\" data-image-caption=\"\" data-large-file=\"https:\/\/blog.sub.uni-hamburg.de\/wp-content\/uploads\/2012\/04\/lastbook.jpg\" class=\"alignleft size-full wp-image-7743\" style=\"float: none;\" title=\"Ausstellung im Foyer: Das letzte Buch\" src=\"https:\/\/blog.sub.uni-hamburg.de\/wp-content\/uploads\/2012\/04\/lastbook.jpg\" alt=\"Ausstellung im Foyer: Das letzte Buch\" width=\"550\" height=\"413\" srcset=\"https:\/\/blog.sub.uni-hamburg.de\/wp-content\/uploads\/2012\/04\/lastbook.jpg 550w, https:\/\/blog.sub.uni-hamburg.de\/wp-content\/uploads\/2012\/04\/lastbook-300x225.jpg 300w\" sizes=\"auto, (max-width: 550px) 100vw, 550px\" \/><\/a><\/p>\n<p><strong>[Update 12.06.2012:]<\/strong><br \/>\nMenschen halten immer wieder im Foyer der Stabi inne und bl\u00e4ttern fasziniert im &#8220;The Last Book&#8221;. Das Kunstwerk ist vor Ort noch bis zum 1.7. zu bestaunen. Sehen Sie <a href=\"https:\/\/plus.google.com\/photos\/106836182823490661364\/albums\/5753104590496088433\">hier einige Aufnahmen<\/a>, die wir heute davon gemacht haben.<br \/>\n<strong>[Ende Update 12.06.2012]<\/strong><\/p>\n<p>\u201cLesen erfordert eine gewisse geistige Anstrengung. In dem Ma\u00dfe, in dem direkter Konsum und sofortige Befriedigung zunehmen, wird diese Anstrengung als l\u00e4stig und unn\u00f6tig empfunden. Dies alles k\u00f6nnte dazu f\u00fchren, dass B\u00fccher zu geheimen Fetischen reduziert werden\u201c (<a href=\"http:\/\/de.wikipedia.org\/wiki\/Luis_Camnitzer\">Luis Camnitzer<\/a>). Der K\u00fcnstler Luis Camnitzer bat im Jahr 2007 zun\u00e4chst Freunde und Bekannte, eine Seite f\u00fcr \u201eDas Letzte Buch (The Last Book)\u201c zu schreiben. Dieses Statement sollte ein Verm\u00e4chtnis f\u00fcr die kommenden Generationen werden, ein Pl\u00e4doyer f\u00fcr das Kulturgut Buch &#8211; f\u00fcr den Fall, dass das Buch aus unserer Kultur verschwinden sollte. Sp\u00e4ter wurde der Aufruf von Kulturseiten und Blogs im Internet aufgegriffen und damit weltweit verbreitet. Die gesammelten Seiten f\u00fcr \u201eDas Letzte Buch\u201c dienen nun als Testament unserer Zeit. Seite f\u00fcr Seite k\u00f6nnen die Beitr\u00e4ge gelesen werden, wobei die spezielle Bindung des Buches das Durchbl\u00e4ttern der Seiten zu einem Ritual macht.<\/p>\n<p><img loading=\"lazy\" decoding=\"async\" style=\"float: left; padding-left: 0px; padding-top: 3px; margin-right: 25px; margin-bottom: 15px;\" title=\"El \u00faltimo best seller\" src=\"https:\/\/blog.sub.uni-hamburg.de\/wp-content\/uploads\/2012\/04\/lastbook-detail.jpg\" alt=\"El \u00faltimo best seller\" width=\"235\" height=\"216\" \/> Das Projekt provoziert die Frage, ob die auf B\u00fcchern basierende Kultur ihrem Ende entgegengeht. Denn nicht nur wegen der neuen Medien, der technischen und gesellschaftlichen Ver\u00e4nderungen, sondern auch wegen der zunehmenden Verschlechterung des Bildungssystems in vielen Teilen der Welt stellt sich die Frage nach dem Verschwinden des Buches.<\/p>\n<p>Luis Camnitzer wurde 1937 in L\u00fcbeck geboren. 1939 emigrierten seine Eltern mit ihm nach Uruguay. Seit 1964 lebt er in New York. Als K\u00fcnstler hat er an vielen internationalen Ausstellungen wie der Dokumenta 11 in Kassel und den Biennalen in Venedig (1988), Havanna (1991), Sao Paulo, Kwangju (1997) und der Whitney Biennale in New York (2000) teilgenommen. In Deutschland stellte er 2010 im Museum Wiesbaden sein Werk \u201eMemorial\u201c aus.<\/p>\n<p><strong>Ausstellungsdauer: 15.5.-1.7.2012<br \/>\nOrt: Foyer der Bibliothek, Eintritt frei.<\/strong><br \/>\n<!--more--><br \/>\n<a href=\"https:\/\/blog.sub.uni-hamburg.de\/wp-content\/uploads\/2012\/04\/2012-Last-Book-IMG_1409.jpg\"><img loading=\"lazy\" decoding=\"async\" style=\"float: none;\" title=\"Ausstellung im Foyer: Das letzte Buch\" src=\"https:\/\/blog.sub.uni-hamburg.de\/wp-content\/uploads\/2012\/04\/lastbook2.jpg\" alt=\"Ausstellung im Foyer: Das letzte Buch\" width=\"480\" height=\"640\" \/><\/a><\/p>\n","protected":false},"excerpt":{"rendered":"<p>[Update 12.06.2012:] Menschen halten immer wieder im Foyer der Stabi inne und bl\u00e4ttern fasziniert im &#8220;The Last Book&#8221;. Das Kunstwerk ist vor Ort noch bis zum 1.7. zu bestaunen. Sehen Sie hier einige Aufnahmen, die wir heute davon gemacht haben. [Ende Update 12.06.2012] \u201cLesen erfordert eine gewisse geistige Anstrengung. In dem Ma\u00dfe, in dem direkter [&hellip;]<\/p>\n","protected":false},"author":19,"featured_media":0,"comment_status":"open","ping_status":"open","sticky":false,"template":"","format":"standard","meta":{"jetpack_post_was_ever_published":false,"_jetpack_newsletter_access":"","_jetpack_dont_email_post_to_subs":false,"_jetpack_newsletter_tier_id":0,"_jetpack_memberships_contains_paywalled_content":false,"_jetpack_memberships_contains_paid_content":false,"footnotes":"","jetpack_publicize_message":"","jetpack_publicize_feature_enabled":true,"jetpack_social_post_already_shared":false,"jetpack_social_options":{"image_generator_settings":{"template":"highway","default_image_id":0,"font":"","enabled":false},"version":2}},"categories":[9],"tags":[],"class_list":["post-7742","post","type-post","status-publish","format-standard","hentry","category-ausstellungen"],"views":10491,"jetpack_publicize_connections":[],"jetpack_featured_media_url":"","jetpack_shortlink":"https:\/\/wp.me\/p7hfNR-20S","jetpack-related-posts":[{"id":22875,"url":"https:\/\/blog.sub.uni-hamburg.de\/?p=22875","url_meta":{"origin":7742,"position":0},"title":"Studentische Hilfskraft gesucht","author":"MG","date":"31-05-17","format":false,"excerpt":"Die Stabi sucht eine studentische Hilfskraft mit 40 Stunden Arbeitszeit pro Monat. Der Verdienst betr\u00e4gt 9,71 \u20ac pro Arbeitsstunde. Die Arbeitszeiten sind in Absprache mit der Abteilung sehr flexibel. Zu erledigen sind\u00a0 verschiedene Arbeiten im Zusammenhang mit der Integration einer gr\u00f6\u00dferen B\u00fcchersammlung in den Bestand der Staatsbibliothek sowie das Heraussuchen,\u2026","rel":"","context":"In &quot;Aktuelles&quot;","block_context":{"text":"Aktuelles","link":"https:\/\/blog.sub.uni-hamburg.de\/?cat=1"},"img":{"alt_text":"","src":"https:\/\/i0.wp.com\/blog.sub.uni-hamburg.de\/wp-content\/uploads\/2015\/12\/100_4692-gr-300x225.jpg?resize=350%2C200&ssl=1","width":350,"height":200},"classes":[]},{"id":7373,"url":"https:\/\/blog.sub.uni-hamburg.de\/?p=7373","url_meta":{"origin":7742,"position":1},"title":"Ausstellung NS-Raubgut (15.5. &#8211; 1.7.)","author":"Markus Trapp","date":"19-04-12","format":false,"excerpt":"\u201eIm Ganzen sehr erw\u00fcnscht ...\u201c NS-Raubgut in der Staats- und Universit\u00e4tsbibliothek Hamburg Carl von Ossietzky Das NS-Regime entzog in den Jahren 1933 \u2013 1945 B\u00fcrgern und Organisationen aus unterschiedlichen Gr\u00fcnden die Lebensgrundlage. Sie verloren ihr Verm\u00f6gen durch Beschlagnahmungen, Zwangsverk\u00e4ufe oder auf andere Weise, weil ihre Rasse, ihre politische Meinung, ihre\u2026","rel":"","context":"In &quot;Ausstellungen und Veranstaltungen&quot;","block_context":{"text":"Ausstellungen und Veranstaltungen","link":"https:\/\/blog.sub.uni-hamburg.de\/?cat=9"},"img":{"alt_text":"Ausstellung NS-Raubgut (15.5. - 1.7.)","src":"https:\/\/i0.wp.com\/blog.sub.uni-hamburg.de\/wp-content\/uploads\/2012\/03\/12-NSraubgut-plakat350.jpg?resize=350%2C200&ssl=1","width":350,"height":200},"classes":[]},{"id":40487,"url":"https:\/\/blog.sub.uni-hamburg.de\/?p=40487","url_meta":{"origin":7742,"position":2},"title":"Vortrag: Der Dichter als Sch\u00fcler und Erzieher: Zum Verh\u00e4ltnis von K\u00fcnstlertum und P\u00e4dagogik bei Thomas Mann (1.7.)","author":"Markus Trapp","date":"24-06-25","format":false,"excerpt":"Dienstag, 1.7., 19 Uhr, Vortragsraum. Dass Thomas Mann ein schlechter Sch\u00fcler war, geh\u00f6rt zu den gerne erz\u00e4hlten Anekdoten der Thomas Mann-Biografik. Auch in Manns Werken haben es die Protagonisten mit ihren Lehrern oft schwer: Man denke an Figuren wie Hanno Buddenbrook und Tonio Kr\u00f6ger, aber auch an den unterrichtsscheuen Felix\u2026","rel":"","context":"In &quot;Ausstellungen und Veranstaltungen&quot;","block_context":{"text":"Ausstellungen und Veranstaltungen","link":"https:\/\/blog.sub.uni-hamburg.de\/?cat=9"},"img":{"alt_text":"Thomas Mann Copyright ETH Bibliothek Z\u00fcrich","src":"https:\/\/i0.wp.com\/blog.sub.uni-hamburg.de\/wp-content\/uploads\/2025\/06\/IMG_9927-1.jpeg?resize=350%2C200&ssl=1","width":350,"height":200},"classes":[]},{"id":4113,"url":"https:\/\/blog.sub.uni-hamburg.de\/?p=4113","url_meta":{"origin":7742,"position":3},"title":"Robert Darnton: Zugang zum Wissen der Welt durch \u00d6ffentliche Institutionen sichern","author":"Markus Trapp","date":"12-01-11","format":false,"excerpt":"Im arte Journal kam mit Robert Darnton, Historiker und Direktor der Universit\u00e4tsbibliothek von Havard, ein Verfechter der Demokratisierung der Kultur zu Wort, der dieses wichtige Feld nicht Google \u00fcberlassen m\u00f6chte: Gibt es etwas kostbareres als den freien Zugang zum Wissen der Welt zu garantieren? Auch Robert Darnton, der Direktor der\u2026","rel":"","context":"In &quot;Aktuelles&quot;","block_context":{"text":"Aktuelles","link":"https:\/\/blog.sub.uni-hamburg.de\/?cat=1"},"img":{"alt_text":"","src":"","width":0,"height":0},"classes":[]},{"id":21818,"url":"https:\/\/blog.sub.uni-hamburg.de\/?p=21818","url_meta":{"origin":7742,"position":4},"title":"Restitution von vier B\u00fcchern an die Familie Friedlaender","author":"Redaktion","date":"21-12-16","format":false,"excerpt":"\u2192 English version of this article Von Anna von Villiez Ende November konnte die Arbeitsstelle NS-Raubgut \u2013 Provenienzforschung vier B\u00fccher der Familie Friedlaender nach Israel restituieren. In zwei B\u00fcchern hatten wir den handschriftlichen Vermerk \u201eGrete Friedlaender Fein\u201c gefunden. Bei dem einen Buch handelt es sich um einen Erz\u00e4hlband von dem\u2026","rel":"","context":"In &quot;Aktuelles&quot;","block_context":{"text":"Aktuelles","link":"https:\/\/blog.sub.uni-hamburg.de\/?cat=1"},"img":{"alt_text":"","src":"https:\/\/i0.wp.com\/blog.sub.uni-hamburg.de\/wp-content\/uploads\/2016\/12\/F3_Werner_Friedlaender_Widmung-kl.jpg?resize=350%2C200&ssl=1","width":350,"height":200,"srcset":"https:\/\/i0.wp.com\/blog.sub.uni-hamburg.de\/wp-content\/uploads\/2016\/12\/F3_Werner_Friedlaender_Widmung-kl.jpg?resize=350%2C200&ssl=1 1x, https:\/\/i0.wp.com\/blog.sub.uni-hamburg.de\/wp-content\/uploads\/2016\/12\/F3_Werner_Friedlaender_Widmung-kl.jpg?resize=525%2C300&ssl=1 1.5x"},"classes":[]},{"id":21615,"url":"https:\/\/blog.sub.uni-hamburg.de\/?p=21615","url_meta":{"origin":7742,"position":5},"title":"Raubgut-Band restituiert aus der Provenienz Victor Mauthner","author":"Markus Trapp","date":"25-11-16","format":false,"excerpt":"\u2192 English version of this article \u00a0 Am 23. November konnte die Arbeitsstelle NS-Raubgut \u2013 Provenienzforschung der Stabi ein Buch nach Israel schicken, um es an die rechtm\u00e4\u00dfigen Erben zur\u00fcck zu geben. In dem Buch war eher zuf\u00e4llig der Stempel von \u201eViktor Mauthner\u201c gefunden worden. Da der Band erst 1958\u2026","rel":"","context":"In &quot;Aktuelles&quot;","block_context":{"text":"Aktuelles","link":"https:\/\/blog.sub.uni-hamburg.de\/?cat=1"},"img":{"alt_text":"Viktor Mauthner","src":"https:\/\/i0.wp.com\/blog.sub.uni-hamburg.de\/wp-content\/uploads\/2016\/11\/A_200159_Mauthner-Viktor_1-kl.jpg?resize=350%2C200&ssl=1","width":350,"height":200},"classes":[]}],"jetpack_sharing_enabled":true,"_links":{"self":[{"href":"https:\/\/blog.sub.uni-hamburg.de\/index.php?rest_route=\/wp\/v2\/posts\/7742","targetHints":{"allow":["GET"]}}],"collection":[{"href":"https:\/\/blog.sub.uni-hamburg.de\/index.php?rest_route=\/wp\/v2\/posts"}],"about":[{"href":"https:\/\/blog.sub.uni-hamburg.de\/index.php?rest_route=\/wp\/v2\/types\/post"}],"author":[{"embeddable":true,"href":"https:\/\/blog.sub.uni-hamburg.de\/index.php?rest_route=\/wp\/v2\/users\/19"}],"replies":[{"embeddable":true,"href":"https:\/\/blog.sub.uni-hamburg.de\/index.php?rest_route=%2Fwp%2Fv2%2Fcomments&post=7742"}],"version-history":[{"count":19,"href":"https:\/\/blog.sub.uni-hamburg.de\/index.php?rest_route=\/wp\/v2\/posts\/7742\/revisions"}],"predecessor-version":[{"id":8404,"href":"https:\/\/blog.sub.uni-hamburg.de\/index.php?rest_route=\/wp\/v2\/posts\/7742\/revisions\/8404"}],"wp:attachment":[{"href":"https:\/\/blog.sub.uni-hamburg.de\/index.php?rest_route=%2Fwp%2Fv2%2Fmedia&parent=7742"}],"wp:term":[{"taxonomy":"category","embeddable":true,"href":"https:\/\/blog.sub.uni-hamburg.de\/index.php?rest_route=%2Fwp%2Fv2%2Fcategories&post=7742"},{"taxonomy":"post_tag","embeddable":true,"href":"https:\/\/blog.sub.uni-hamburg.de\/index.php?rest_route=%2Fwp%2Fv2%2Ftags&post=7742"}],"curies":[{"name":"wp","href":"https:\/\/api.w.org\/{rel}","templated":true}]}}