{"id":764,"date":"2007-11-14T16:18:48","date_gmt":"2007-11-14T14:18:48","guid":{"rendered":"http:\/\/www.sub.uni-hamburg.de\/blog\/?p=764"},"modified":"2007-11-14T16:30:08","modified_gmt":"2007-11-14T14:30:08","slug":"astrid-lindgren-zum-100sten-ausstellung-in-der-stabi","status":"publish","type":"post","link":"https:\/\/blog.sub.uni-hamburg.de\/?p=764","title":{"rendered":"Astrid Lindgren zum 100sten &#8211; Ausstellung in der Stabi (6.12.07-27.1.08)"},"content":{"rendered":"<p>Unter dem Titel &#8220;&#8230;erz\u00e4hl das keinem Kind, sonst kleb&#8217; ich dir eine&#8230;&#8221; zeigt die Staats- und Universit\u00e4tsbibliothek vom 6. Dezember 2007 bis 27.Januar 2008 eine Lindgren-Schau, die am Mittwoch, dem 5. Dezember, um 17 Uhr im Vortragsraum er\u00f6ffnet wird, G\u00e4ste sind willkommen.<\/p>\n<p>\u201eErz\u00e4hl\u2019 das keinem Kind, sonst kleb\u2019 ich Dir eine\u201c \u2013  so kommentierte <a href=\"https:\/\/kataloge.uni-hamburg.de\/DB=1\/LNG=DU\/SID=15f2d1b1-1\/CMD?ACT=SRCHA&#038;IKT=1004&#038;SRT=YOP&#038;TRM=lindgren%2Castrid\">Astrid Lindgren<\/a> auf dem H\u00f6hepunkt ihres literarischen Schaffens ihre Absage an alle transzendenten und spirituellen Deutungsversuche des phantastischen Jugendromans \u201eDie Br\u00fcder L\u00f6wenherz\u201c.<\/p>\n<p>Vor hundert Jahren, am 14. November 1907 geboren, wurde sie zur bekanntesten und erfolgreichsten Kinderliteratur-Autorin der Welt. Seit \u00fcber 60 Jahren erf\u00e4hrt ihr Werk multimediale und internationale Verbreitung. Jeder scheint sie zu kennen. Und doch verbirgt sich hinter ihren M\u00e4rchen, Geschichten und Romanen eine nicht leicht zug\u00e4ngliche Pers\u00f6nlichkeit. Mit vier Themen m\u00f6chte die Ausstellung dem Menschen hinter der Legende Astrid Lindgren n\u00e4her kommen.<\/p>\n<p>Die Ausstellung widmet sich den Themenkreisen Kindheit und Kinderparadiese, die schwierige Mutterrolle in Leben und Werk, die Autorin als Medienmanagerin und schwedischer Kulturexport f\u00fcr das Nachkriegs-Hamburg 1949. Das Gesamtwerk Astrid Lindgrens wird in Deutschland seit 1949 vom Hamburger Verlag Friedrich Oetinger betreut. Die Staats- und Universit\u00e4tsbibliothek Hamburg besitzt als Pflichtexemplare der Buchproduktion des Bundeslandes Hamburg die 1949 dort erschienenen Erstausgaben. Eine <a href=\"http:\/\/www.bui.haw-hamburg.de\/lindgren\">Datenbank<\/a> der in deutscher Sprache erschienenen Texte und Medien von und \u00fcber Astrid Lindgren geh\u00f6rt ebenso zur Ausstellung wie der gr\u00f6\u00dfte Teil der Fachliteratur.<\/p>\n<p>Zur Er\u00f6ffnung unterhalten sich Prof. em. Birgit Dankert (Hochschule f\u00fcr Angewandte Wissenschaften Hamburg) und J\u00f6rgpeter Ahlers (Leiter des MIKADO Kinderprogramms beim NDR) \u00fcber Astrid Lindgren, die ihre Kindheit ebenso wie ihr Berufsleben begleitete. Dazu singt Katharina Dierks ein schwedisches Volkslied, das alle Welt kennt. Die Ausstellung wurde konzipiert und organisiert von Prof. em. Birgit Dankert.<\/p>\n<p class=\"MsoNormal\"><span style=\"font-size: 10pt\"> <\/span><\/p>\n","protected":false},"excerpt":{"rendered":"<p>Unter dem Titel &#8220;&#8230;erz\u00e4hl das keinem Kind, sonst kleb&#8217; ich dir eine&#8230;&#8221; zeigt die Staats- und Universit\u00e4tsbibliothek vom 6. Dezember 2007 bis 27.Januar 2008 eine Lindgren-Schau, die am Mittwoch, dem 5. Dezember, um 17 Uhr im Vortragsraum er\u00f6ffnet wird, G\u00e4ste sind willkommen. \u201eErz\u00e4hl\u2019 das keinem Kind, sonst kleb\u2019 ich Dir eine\u201c \u2013 so kommentierte Astrid [&hellip;]<\/p>\n","protected":false},"author":5,"featured_media":0,"comment_status":"open","ping_status":"open","sticky":false,"template":"","format":"standard","meta":{"jetpack_post_was_ever_published":false,"_jetpack_newsletter_access":"","_jetpack_dont_email_post_to_subs":false,"_jetpack_newsletter_tier_id":0,"_jetpack_memberships_contains_paywalled_content":false,"_jetpack_memberships_contains_paid_content":false,"footnotes":"","jetpack_publicize_message":"","jetpack_publicize_feature_enabled":true,"jetpack_social_post_already_shared":false,"jetpack_social_options":{"image_generator_settings":{"template":"highway","default_image_id":0,"font":"","enabled":false},"version":2}},"categories":[9],"tags":[],"class_list":["post-764","post","type-post","status-publish","format-standard","hentry","category-ausstellungen"],"views":11675,"jetpack_publicize_connections":[],"jetpack_featured_media_url":"","jetpack_shortlink":"https:\/\/wp.me\/p7hfNR-ck","jetpack-related-posts":[{"id":26186,"url":"https:\/\/blog.sub.uni-hamburg.de\/?p=26186","url_meta":{"origin":764,"position":0},"title":"Die Datenbank \u2013 Das l\u00e4ngst f\u00e4llige Geschenk zum 111. Geburtstag von Astrid Lindgren","author":"Markus Trapp","date":"14-11-18","format":false,"excerpt":"Am 14. November 2018, dem 111. Geburtstag Astrid Lindgrens, ver\u00f6ffentlichen zwei Experten eine neue Datenbank zu Lindgrens multimedialem Gesamtwerk und der dazugeh\u00f6rigen Fachliteratur in deutscher Sprache. Sie l\u00e4uft auf dem \u00f6ffentlich zug\u00e4nglichen Portal ZOTERO und arbeitet nach dem Prinzip des Open Access zu Information und Wissenschaft. Deutschland ist neben Schweden\u2026","rel":"","context":"In &quot;Aktuelles&quot;","block_context":{"text":"Aktuelles","link":"https:\/\/blog.sub.uni-hamburg.de\/?cat=1"},"img":{"alt_text":"","src":"https:\/\/i0.wp.com\/blog.sub.uni-hamburg.de\/wp-content\/uploads\/2018\/11\/zotero-lindgren-kl.jpg?resize=350%2C200&ssl=1","width":350,"height":200},"classes":[]},{"id":817,"url":"https:\/\/blog.sub.uni-hamburg.de\/?p=817","url_meta":{"origin":764,"position":1},"title":"Lindgren-Ausstellung schlie\u00dft 2 Tage fr\u00fcher","author":"MG","date":"15-01-08","format":false,"excerpt":"Die gute Nachricht ist: Die Astrid-Lindgren-Ausstellung, die ein sehr interessiertes Publikum gefunden hat, wandert nach Hannover, in die Gottfried Wilhelm Leibniz Bibliothek, wo sie vom 26. Februar an zu sehen sein wird. - Leider muss daf\u00fcr aus organisatorischen Gr\u00fcnden die Ausstellung bereits am 26. Januar abgebaut werden.","rel":"","context":"In &quot;Ausstellungen und Veranstaltungen&quot;","block_context":{"text":"Ausstellungen und Veranstaltungen","link":"https:\/\/blog.sub.uni-hamburg.de\/?cat=9"},"img":{"alt_text":"","src":"","width":0,"height":0},"classes":[]},{"id":40505,"url":"https:\/\/blog.sub.uni-hamburg.de\/?p=40505","url_meta":{"origin":764,"position":2},"title":"Kinderbuchschatz: Sammlung Sybil Gr\u00e4fin Sch\u00f6nfeldt kommt in die Stabi","author":"Konstantin Ulmer","date":"02-07-25","format":false,"excerpt":"Die Staats- und Universit\u00e4tsbibliothek Hamburg freut sich gemeinsam mit Prof. Dr. Tobias Kurwinkel (UHH) und seinem Team vom Lehrstuhl f\u00fcr Neuere Deutsche Literatur mit Schwerpunkt auf Kinder- und Jugendkulturen \u00fcber eine au\u00dfergew\u00f6hnliche Schenkung: Die Hamburger Literaturstiftung \u00fcbergibt der Stabi die umfangreiche Privatsammlung an Kinder- und Jugendb\u00fcchern sowie Fachliteratur der Schriftstellerin\u2026","rel":"","context":"In &quot;Aktuelles&quot;","block_context":{"text":"Aktuelles","link":"https:\/\/blog.sub.uni-hamburg.de\/?cat=1"},"img":{"alt_text":"","src":"https:\/\/i0.wp.com\/blog.sub.uni-hamburg.de\/wp-content\/uploads\/2025\/07\/Kinderbuchbibliothek-Graefin-Schoenfeldt1.jpg?resize=350%2C200&ssl=1","width":350,"height":200},"classes":[]},{"id":10082,"url":"https:\/\/blog.sub.uni-hamburg.de\/?p=10082","url_meta":{"origin":764,"position":3},"title":"J\u00fcrgen Bruhn: \u201eDie Herrschaft der Kinder\u201c (12.12.)","author":"Markus Trapp","date":"04-12-12","format":false,"excerpt":"J\u00fcrgen Bruhn: \u201eDie Herrschaft der Kinder\u201c Eine autobiografische Erz\u00e4hlung aus der Chaoszeit 1945-1947. Lesung und Buchvorstellung des 4. Bandes unserer Reihe \u201eKindheitserinnerungen\u201c \u00bbAls Horst Hansen seiner Mutter mitteilte, dass die Ausgebombten auf der Ahrensburger Stra\u00dfe nach Hamburg zur\u00fcckmarschierten, war es schon Mitte Juni 1945.\u00ab So beginnt die Erz\u00e4hlung J\u00fcrgen Bruhns,\u2026","rel":"","context":"In &quot;Ausstellungen und Veranstaltungen&quot;","block_context":{"text":"Ausstellungen und Veranstaltungen","link":"https:\/\/blog.sub.uni-hamburg.de\/?cat=9"},"img":{"alt_text":"J\u00fcrgen Bruhn: 'Die Herrschaft der Kinder'","src":"https:\/\/i0.wp.com\/blog.sub.uni-hamburg.de\/wp-content\/uploads\/2012\/12\/herrschaftderkinder.jpg?resize=350%2C200&ssl=1","width":350,"height":200},"classes":[]},{"id":338,"url":"https:\/\/blog.sub.uni-hamburg.de\/?p=338","url_meta":{"origin":764,"position":4},"title":"Beckett-Lesung &#8220;Erz\u00e4hlen Sie mir doch Ihr Leben&#8221;","author":"MG","date":"14-11-06","format":false,"excerpt":"Im Rahmen des Beckett-Festivals Beckett in Town findet am Freitag, dem 1. Dezember, um 19 Uhr im Vortragsraum der Staats- und Universit\u00e4tsbibliothek eine Veranstaltung statt. Gaby Hartel und Carola Veit lesen unter dem Motto \"Erz\u00e4hlen Sie mir doch Ihr Leben\" aus ihrer Beckett-Biographie, die in diesem Jahr bei Suhrkamp erschienen\u2026","rel":"","context":"In &quot;Ausstellungen und Veranstaltungen&quot;","block_context":{"text":"Ausstellungen und Veranstaltungen","link":"https:\/\/blog.sub.uni-hamburg.de\/?cat=9"},"img":{"alt_text":"","src":"","width":0,"height":0},"classes":[]},{"id":12655,"url":"https:\/\/blog.sub.uni-hamburg.de\/?p=12655","url_meta":{"origin":764,"position":5},"title":"Griechische Handschriften in norddeutschen Sammlungen (25.9.-1.12.)","author":"Markus Trapp","date":"11-09-13","format":false,"excerpt":"Ausstellung: Von Homer bis Aristoteles: Griechische Handschriften in norddeutschen Sammlungen Anl\u00e4sslich des internationalen Kolloquiums \u201eGriechische Handschriften: gestern, heute und morgen\u201c bietet die Staats- und Universit\u00e4tsbibliothek einen Blick in ihre Sammlung griechischer Handschriften und auf Exponate aus norddeutschen Bibliotheken. In der Ausstellung werden mehr als 50 Handschriften, Papyri und annotierte Fr\u00fchdrucke\u2026","rel":"","context":"In &quot;Ausstellungen und Veranstaltungen&quot;","block_context":{"text":"Ausstellungen und Veranstaltungen","link":"https:\/\/blog.sub.uni-hamburg.de\/?cat=9"},"img":{"alt_text":"","src":"https:\/\/i0.wp.com\/blog.sub.uni-hamburg.de\/wp-content\/uploads\/2013\/09\/Griech-Hsn-detail.jpg?resize=350%2C200&ssl=1","width":350,"height":200},"classes":[]}],"jetpack_sharing_enabled":true,"_links":{"self":[{"href":"https:\/\/blog.sub.uni-hamburg.de\/index.php?rest_route=\/wp\/v2\/posts\/764","targetHints":{"allow":["GET"]}}],"collection":[{"href":"https:\/\/blog.sub.uni-hamburg.de\/index.php?rest_route=\/wp\/v2\/posts"}],"about":[{"href":"https:\/\/blog.sub.uni-hamburg.de\/index.php?rest_route=\/wp\/v2\/types\/post"}],"author":[{"embeddable":true,"href":"https:\/\/blog.sub.uni-hamburg.de\/index.php?rest_route=\/wp\/v2\/users\/5"}],"replies":[{"embeddable":true,"href":"https:\/\/blog.sub.uni-hamburg.de\/index.php?rest_route=%2Fwp%2Fv2%2Fcomments&post=764"}],"version-history":[{"count":0,"href":"https:\/\/blog.sub.uni-hamburg.de\/index.php?rest_route=\/wp\/v2\/posts\/764\/revisions"}],"wp:attachment":[{"href":"https:\/\/blog.sub.uni-hamburg.de\/index.php?rest_route=%2Fwp%2Fv2%2Fmedia&parent=764"}],"wp:term":[{"taxonomy":"category","embeddable":true,"href":"https:\/\/blog.sub.uni-hamburg.de\/index.php?rest_route=%2Fwp%2Fv2%2Fcategories&post=764"},{"taxonomy":"post_tag","embeddable":true,"href":"https:\/\/blog.sub.uni-hamburg.de\/index.php?rest_route=%2Fwp%2Fv2%2Ftags&post=764"}],"curies":[{"name":"wp","href":"https:\/\/api.w.org\/{rel}","templated":true}]}}