{"id":751,"date":"2007-10-31T12:32:23","date_gmt":"2007-10-31T10:32:23","guid":{"rendered":"http:\/\/www.sub.uni-hamburg.de\/blog\/?p=751"},"modified":"2007-11-14T16:40:53","modified_gmt":"2007-11-14T14:40:53","slug":"neu-fuhrungen-durch-linga-ausstellung","status":"publish","type":"post","link":"https:\/\/blog.sub.uni-hamburg.de\/?p=751","title":{"rendered":"Neu: F\u00fchrungen durch Linga-Ausstellung"},"content":{"rendered":"<p class=\"MsoNormal\"><span style=\"font-size: 10pt\">F\u00fchrungen durch die Ausstellung &#8220;<a href=\"https:\/\/blog.sub.uni-hamburg.de\/?p=675\">Zuckerrohr und B\u00fccherwelten<\/a> &#8211; Der Hamburger Kaufmann Carlos Linga und seine Bibliothek&#8221;:<\/span><\/p>\n<p class=\"MsoNormal\"><span style=\"font-size: 10pt\">Mittwoch 7.11. um 14.00 Uhr<br \/>\nDienstag, 13.11. um 18.00 Uhr<br \/>\nMittwoch 21.11 um 14.00 Uhr<\/span>\n<\/p>\n<p class=\"MsoNormal\"><span style=\"font-size: 10pt\">Treffpunkt: im Ausstellungsraum, Eintritt frei. <\/span><\/p>\n","protected":false},"excerpt":{"rendered":"<p>F\u00fchrungen durch die Ausstellung &#8220;Zuckerrohr und B\u00fccherwelten &#8211; Der Hamburger Kaufmann Carlos Linga und seine Bibliothek&#8221;: Mittwoch 7.11. um 14.00 Uhr Dienstag, 13.11. um 18.00 Uhr Mittwoch 21.11 um 14.00 Uhr Treffpunkt: im Ausstellungsraum, Eintritt frei.<\/p>\n","protected":false},"author":5,"featured_media":0,"comment_status":"open","ping_status":"open","sticky":false,"template":"","format":"standard","meta":{"jetpack_post_was_ever_published":false,"_jetpack_newsletter_access":"","_jetpack_dont_email_post_to_subs":false,"_jetpack_newsletter_tier_id":0,"_jetpack_memberships_contains_paywalled_content":false,"_jetpack_memberships_contains_paid_content":false,"footnotes":"","jetpack_publicize_message":"","jetpack_publicize_feature_enabled":true,"jetpack_social_post_already_shared":false,"jetpack_social_options":{"image_generator_settings":{"template":"highway","default_image_id":0,"font":"","enabled":false},"version":2}},"categories":[9],"tags":[],"class_list":["post-751","post","type-post","status-publish","format-standard","hentry","category-ausstellungen"],"views":3710,"jetpack_publicize_connections":[],"jetpack_featured_media_url":"","jetpack_shortlink":"https:\/\/wp.me\/p7hfNR-c7","jetpack-related-posts":[{"id":675,"url":"https:\/\/blog.sub.uni-hamburg.de\/?p=675","url_meta":{"origin":751,"position":0},"title":"Zuckerrohr und B\u00fccherwelten: Linga-Bibliothek wird 50! (24.10.-29.11.2007)","author":"MG","date":"06-09-07","format":false,"excerpt":"Mit der Jubil\u00e4umsausstellung \"Zuckerrohr und B\u00fccherwelten \u2013 der Hamburger Kaufmann Carlos Linga und seine Lateinamerika-Bibliothek\" feiert die Stabi das 50j\u00e4hrige Bestehen der Linga-Bibliothek. Diese B\u00fcchersammlung trug der Hamburgische Kaufmann Carlos R. Linga (1877-1963) zusammen, der seit 1894 in Mexiko lebte \u2013 und 1956 seine kostbare Sammlung der Freien und Hansestadt\u2026","rel":"","context":"In &quot;Ausstellungen und Veranstaltungen&quot;","block_context":{"text":"Ausstellungen und Veranstaltungen","link":"https:\/\/blog.sub.uni-hamburg.de\/?cat=9"},"img":{"alt_text":"","src":"","width":0,"height":0},"classes":[]},{"id":39731,"url":"https:\/\/blog.sub.uni-hamburg.de\/?p=39731","url_meta":{"origin":751,"position":1},"title":"Cr\u00f3nicas de Indias in Originalausgaben der Linga-Bibliothek und ihre postkolonialen Lekt\u00fcren im FID Romanistik (11.-16.3.)","author":"Markus Trapp","date":"24-02-25","format":false,"excerpt":"11. M\u00e4rz bis 16. M\u00e4rz, Ausstellungsraum. Die Linga-Bibliothek f\u00fcr Lateinamerika-Forschung pr\u00e4sentiert anl\u00e4sslich des 24. Deutschen Hispanistiktags, der unter dem Motto \u201eTransfer und Hybridisierung\u201c parallel an der Universit\u00e4t Hamburg stattfindet, einige ihrer Sch\u00e4tze aus dem 16. Jahrhundert. Die ausgestellten Chroniken zeigen zeitgen\u00f6ssische Blicke der verschiedenen Beteiligten auf die \u201eBegegnung zweier Welten\u201c.\u2026","rel":"","context":"In &quot;Ausstellungen und Veranstaltungen&quot;","block_context":{"text":"Ausstellungen und Veranstaltungen","link":"https:\/\/blog.sub.uni-hamburg.de\/?cat=9"},"img":{"alt_text":"Plakat der Ausstellung 'Cr\u00f3nicas de Indias - Originale und Kontexte'","src":"https:\/\/i0.wp.com\/blog.sub.uni-hamburg.de\/wp-content\/uploads\/2025\/02\/cronicas-poster.jpg?resize=350%2C200&ssl=1","width":350,"height":200},"classes":[]},{"id":39883,"url":"https:\/\/blog.sub.uni-hamburg.de\/?p=39883","url_meta":{"origin":751,"position":2},"title":"Nacht der Bibliotheken in der Stabi Hamburg (4.4.)","author":"Markus Trapp","date":"21-03-25","format":false,"excerpt":"Freitag, 4.4., Staats- und Universit\u00e4tsbibliothek Hamburg. Unter dem Motto \u201eWissen. Teilen. Entdecken.\u201c wird am 4. April in ganz Deutschland die \u201eNacht der Bibliotheken\u201c gefeiert. An diesem Abend erwartet Interessierte ein abwechslungsreiches Programm mit Vortr\u00e4gen, F\u00fchrungen und Workshops. Auch die Staats- und Universit\u00e4tsbibliothek Hamburg l\u00e4dt herzlich ein und bietet ein umfangreiches\u2026","rel":"","context":"In &quot;Ausstellungen und Veranstaltungen&quot;","block_context":{"text":"Ausstellungen und Veranstaltungen","link":"https:\/\/blog.sub.uni-hamburg.de\/?cat=9"},"img":{"alt_text":"Plakat Nacht der Bibliotheken","src":"https:\/\/i0.wp.com\/blog.sub.uni-hamburg.de\/wp-content\/uploads\/2025\/03\/Nacht_der_Bibliotheken_2025.jpg?resize=350%2C200&ssl=1","width":350,"height":200},"classes":[]},{"id":1254,"url":"https:\/\/blog.sub.uni-hamburg.de\/?p=1254","url_meta":{"origin":751,"position":3},"title":"F\u00fchrungen durch Mattheson-Ausstellung","author":"MG","date":"31-03-09","format":false,"excerpt":"Johann Mattheson war ein Universalgenie - dies zeigt mit vielen Originaldokumenten die Ausstellung \"Mit galantem Gout und stachelichter Feder\", die bis zum 17. Mai im Ausstellungsraum zu sehen ist. An folgenden Terminen f\u00fchrt einer der Ausstellungsmacher durch die Ausstellung: Mittwoch, 1. April, 15 Uhr Mittwoch, 22. April, 14 Uhr Dienstag,\u2026","rel":"","context":"In &quot;Ausstellungen und Veranstaltungen&quot;","block_context":{"text":"Ausstellungen und Veranstaltungen","link":"https:\/\/blog.sub.uni-hamburg.de\/?cat=9"},"img":{"alt_text":"","src":"","width":0,"height":0},"classes":[]},{"id":15161,"url":"https:\/\/blog.sub.uni-hamburg.de\/?p=15161","url_meta":{"origin":751,"position":4},"title":"F\u00fchrungen durch die Ausstellung \u201eManier, Mythos und Moral\u201c (13. + 22.8.)","author":"Markus Trapp","date":"16-07-14","format":false,"excerpt":"Zu unserer Ausstellung zur Niederl\u00e4ndischen Druckgraphik um 1600 aus der Staats- und Universit\u00e4tsbibliothek Hamburg (bis 24. August 2014) bieten wir zwei F\u00fchrungen an: Mittwoch, 13. August 2014, 17 Uhr Freitag, 22. August 2014, 16 Uhr Durch die Ausstellung f\u00fchren Studierende des Kunstgeschichtlichen Seminars der Universit\u00e4t Hamburg. Sie sind herzlich eingeladen,\u2026","rel":"","context":"In &quot;Ausstellungen und Veranstaltungen&quot;","block_context":{"text":"Ausstellungen und Veranstaltungen","link":"https:\/\/blog.sub.uni-hamburg.de\/?cat=9"},"img":{"alt_text":"","src":"https:\/\/i0.wp.com\/blog.sub.uni-hamburg.de\/wp-content\/uploads\/2014\/07\/kupferstich-vitr.jpg?resize=350%2C200&ssl=1","width":350,"height":200,"srcset":"https:\/\/i0.wp.com\/blog.sub.uni-hamburg.de\/wp-content\/uploads\/2014\/07\/kupferstich-vitr.jpg?resize=350%2C200&ssl=1 1x, https:\/\/i0.wp.com\/blog.sub.uni-hamburg.de\/wp-content\/uploads\/2014\/07\/kupferstich-vitr.jpg?resize=525%2C300&ssl=1 1.5x"},"classes":[]},{"id":471,"url":"https:\/\/blog.sub.uni-hamburg.de\/?p=471","url_meta":{"origin":751,"position":5},"title":"Ausstellung &#8220;Homosexuellen-Verfolgung&#8221;: F\u00fchrungen","author":"MG","date":"02-03-07","format":false,"excerpt":"Die Er\u00f6ffnung der Ausstellung \"Homosexuellen-Verfolgung in Hamburg\" am 1. M\u00e4rz hatte so viele G\u00e4ste, dass der Vortragssaal sie nicht alle fassen konnte - und die Medien haben breit berichtet. Aufgrund dieser enormen Resonanz bieten wir jetzt 3 F\u00fchrungen durch die Ausstellung im Informationszentrum der Stabi (1. Stock) an: So., 11.\u2026","rel":"","context":"In &quot;Ausstellungen und Veranstaltungen&quot;","block_context":{"text":"Ausstellungen und Veranstaltungen","link":"https:\/\/blog.sub.uni-hamburg.de\/?cat=9"},"img":{"alt_text":"","src":"","width":0,"height":0},"classes":[]}],"jetpack_sharing_enabled":true,"_links":{"self":[{"href":"https:\/\/blog.sub.uni-hamburg.de\/index.php?rest_route=\/wp\/v2\/posts\/751","targetHints":{"allow":["GET"]}}],"collection":[{"href":"https:\/\/blog.sub.uni-hamburg.de\/index.php?rest_route=\/wp\/v2\/posts"}],"about":[{"href":"https:\/\/blog.sub.uni-hamburg.de\/index.php?rest_route=\/wp\/v2\/types\/post"}],"author":[{"embeddable":true,"href":"https:\/\/blog.sub.uni-hamburg.de\/index.php?rest_route=\/wp\/v2\/users\/5"}],"replies":[{"embeddable":true,"href":"https:\/\/blog.sub.uni-hamburg.de\/index.php?rest_route=%2Fwp%2Fv2%2Fcomments&post=751"}],"version-history":[{"count":0,"href":"https:\/\/blog.sub.uni-hamburg.de\/index.php?rest_route=\/wp\/v2\/posts\/751\/revisions"}],"wp:attachment":[{"href":"https:\/\/blog.sub.uni-hamburg.de\/index.php?rest_route=%2Fwp%2Fv2%2Fmedia&parent=751"}],"wp:term":[{"taxonomy":"category","embeddable":true,"href":"https:\/\/blog.sub.uni-hamburg.de\/index.php?rest_route=%2Fwp%2Fv2%2Fcategories&post=751"},{"taxonomy":"post_tag","embeddable":true,"href":"https:\/\/blog.sub.uni-hamburg.de\/index.php?rest_route=%2Fwp%2Fv2%2Ftags&post=751"}],"curies":[{"name":"wp","href":"https:\/\/api.w.org\/{rel}","templated":true}]}}