{"id":743,"date":"2007-10-26T11:40:31","date_gmt":"2007-10-26T09:40:31","guid":{"rendered":"http:\/\/www.sub.uni-hamburg.de\/blog\/?p=743"},"modified":"2007-11-09T12:19:18","modified_gmt":"2007-11-09T10:19:18","slug":"buchpatenschaftsaktion-der-stabi-im-fernsehn","status":"publish","type":"post","link":"https:\/\/blog.sub.uni-hamburg.de\/?p=743","title":{"rendered":"Buchpatenschaftsaktion der Stabi im Fernsehen"},"content":{"rendered":"<p><a title=\"Die Staatsbibliothek sucht Buchpaten - hamburg1video\" href=\"http:\/\/www.hamburg1video.de\/video\/iLyROoafthyQ.html\"><img decoding=\"async\" align=\"left\" alt=\"Die Staatsbibliothek sucht Buchpaten - hamburg1video\" src=\"http:\/\/t.kewego.com\/t\/1\/0531\/154x114_iLyROoafthyQ_2.jpg\" \/><\/a>Unsere Bibliothek startet am 28.11. eine Kampagne <a title=\"Buchpatenschaft\" href=\"http:\/\/www.sub.uni-hamburg.de\/sammlungen\/paten\/index.html\">&#8220;Edlen B\u00fcchern Pate stehen&#8221;<\/a> &#8211; Hamburger B\u00fcrgerinnen und B\u00fcrger werden eingeladen, f\u00fcr ein zu restaurierendes Buch die Patenschaft zu \u00fcbernehmen. Kaum war das Projekt spruchreif, machte Hamburg 1 schon ein Feature dar\u00fcber, das Sie hier sehen k\u00f6nnen.<\/p>\n<p>Zum Auftakt der Aktion wird am 28.11.2007 um 19.30 Uhr im LICHTHOF der Bibliothek eine &#8220;Auktion&#8221; von Buchpatenschaften abgehalten; die Patenkinder werden vorgestellt von Kultursenatorin Prof. Dr. Karin v. Welck, dem Hamburger Publizisten Dr. Matthias Wegner, der Autorin und Buchk\u00fcnstlerin Roswitha Quadflieg und dem Sport- und Literaturwissenschaftler Dr. Alexander Extra. Anmeldungen zu diesem Event bei <a href=\"mailto:pr@sub.uni-hamburg.de\">pr@sub.uni-hamburg.de<\/a> oder telefonisch 040-42838-5857.<\/p>\n","protected":false},"excerpt":{"rendered":"<p>Unsere Bibliothek startet am 28.11. eine Kampagne &#8220;Edlen B\u00fcchern Pate stehen&#8221; &#8211; Hamburger B\u00fcrgerinnen und B\u00fcrger werden eingeladen, f\u00fcr ein zu restaurierendes Buch die Patenschaft zu \u00fcbernehmen. Kaum war das Projekt spruchreif, machte Hamburg 1 schon ein Feature dar\u00fcber, das Sie hier sehen k\u00f6nnen. Zum Auftakt der Aktion wird am 28.11.2007 um 19.30 Uhr im [&hellip;]<\/p>\n","protected":false},"author":25,"featured_media":0,"comment_status":"open","ping_status":"open","sticky":false,"template":"","format":"standard","meta":{"jetpack_post_was_ever_published":false,"_jetpack_newsletter_access":"","_jetpack_dont_email_post_to_subs":false,"_jetpack_newsletter_tier_id":0,"_jetpack_memberships_contains_paywalled_content":false,"_jetpack_memberships_contains_paid_content":false,"footnotes":"","jetpack_publicize_message":"","jetpack_publicize_feature_enabled":true,"jetpack_social_post_already_shared":false,"jetpack_social_options":{"image_generator_settings":{"template":"highway","default_image_id":0,"font":"","enabled":false},"version":2}},"categories":[9,14],"tags":[],"class_list":["post-743","post","type-post","status-publish","format-standard","hentry","category-ausstellungen","category-medienecho"],"views":5873,"jetpack_publicize_connections":[],"jetpack_featured_media_url":"","jetpack_shortlink":"https:\/\/wp.me\/p7hfNR-bZ","jetpack-related-posts":[{"id":758,"url":"https:\/\/blog.sub.uni-hamburg.de\/?p=758","url_meta":{"origin":743,"position":0},"title":"Buchpate werden: bei Jazz und edlen B\u00fcchern (28.11.07)","author":"BP","date":"06-11-07","format":false,"excerpt":"Am Mittwoch, dem 28. November, um 19.30 Uhr startet die Staats- und Universit\u00e4tsbibliothek eine Aktion \"Edlen B\u00fcchern Pate stehen\", mit der wir alle Buchliebhaber dazu aufrufen m\u00f6chten, ein wertvolles, aber pflegebed\u00fcrftiges Buch aus dem Bestand der Stabi restaurieren zu lassen. Eine Paten-Urkunde und ein sch\u00f6nes Exlibris f\u00fcr das Buch mit\u2026","rel":"","context":"In &quot;Ausstellungen und Veranstaltungen&quot;","block_context":{"text":"Ausstellungen und Veranstaltungen","link":"https:\/\/blog.sub.uni-hamburg.de\/?cat=9"},"img":{"alt_text":"","src":"https:\/\/i0.wp.com\/blog.sub.uni-hamburg.de\/wp-content\/uploads\/2007\/11\/cod_scrin_0093.jpg?resize=350%2C200&ssl=1","width":350,"height":200},"classes":[]},{"id":1048,"url":"https:\/\/blog.sub.uni-hamburg.de\/?p=1048","url_meta":{"origin":743,"position":1},"title":"Nationaler Aktionstag zur Erhaltung des schriftlichen Kulturguts in M\u00fcnster","author":"AP","date":"02-09-08","format":false,"excerpt":"Deutsche Restauratoren und Bibliothekare erinnern zum vierten Mal an den verheerenden Brand der Herzogin Anna Amalia Bibliothek zu Weimar am 2. September 2004. Am Sonntag, den 7. September 2008, findet im Schloss zu M\u00fcnster der \u201eNationale Aktionstag zur Erhaltung des schriftlichen Kulturguts\u201c statt und setzt mit einem umfassenden Programm seinen\u2026","rel":"","context":"In &quot;Ausstellungen und Veranstaltungen&quot;","block_context":{"text":"Ausstellungen und Veranstaltungen","link":"https:\/\/blog.sub.uni-hamburg.de\/?cat=9"},"img":{"alt_text":"","src":"","width":0,"height":0},"classes":[]},{"id":9065,"url":"https:\/\/blog.sub.uni-hamburg.de\/?p=9065","url_meta":{"origin":743,"position":2},"title":"Kabinett-Ausstellung \u201eEdlen B\u00fcchern Pate stehen\u201c","author":"MG","date":"21-09-12","format":false,"excerpt":"Im Rahmen des \"Nationalen Aktionstags f\u00fcr die Erhaltung schriftlichen Kulturguts\" am 6. Oktober, der dieses Jahr unter dem Motto \"SOS f\u00fcr Pergament, Papier & Bytes\" in Kooperation mit der Allianz \u201eSchriftliches Kulturgut Erhalten\u201c stattfindet, zeigt die Staats- und Universit\u00e4tsbibliothek ausgew\u00e4hlte Beispiele k\u00fcrzlich restaurierter kostbarer B\u00fccher. Die Restaurierung einer Benediktinerhandschrift (Cod.\u2026","rel":"","context":"In &quot;Ausstellungen und Veranstaltungen&quot;","block_context":{"text":"Ausstellungen und Veranstaltungen","link":"https:\/\/blog.sub.uni-hamburg.de\/?cat=9"},"img":{"alt_text":"","src":"https:\/\/i0.wp.com\/blog.sub.uni-hamburg.de\/wp-content\/uploads\/2012\/09\/Elfenbeinevangeliar-300x300.jpg?resize=350%2C200&ssl=1","width":350,"height":200},"classes":[]},{"id":32128,"url":"https:\/\/blog.sub.uni-hamburg.de\/?p=32128","url_meta":{"origin":743,"position":3},"title":"50 Jahre ZEIT-Stiftung Ebelin und Gerd Bucerius","author":"Markus Trapp","date":"09-12-21","format":false,"excerpt":"Gerd Bucerius hat am 15. Dezember 1971 die ZEIT-Stiftung Ebelin und von Gerd Bucerius gegr\u00fcndet. Diese f\u00f6rdert seit nunmehr f\u00fcnf Jahrzehnten Vorhaben in den Bereichen Wissenschaft und Forschung, Kunst und Kultur sowie Bildung und Erziehung. Auch die Stabi wurde in dieser Zeit bei der Umsetzung von zahlreichen Projekten von der\u2026","rel":"","context":"In &quot;Aktuelles&quot;","block_context":{"text":"Aktuelles","link":"https:\/\/blog.sub.uni-hamburg.de\/?cat=1"},"img":{"alt_text":"","src":"https:\/\/i0.wp.com\/blog.sub.uni-hamburg.de\/wp-content\/uploads\/2021\/10\/zeit-stiftung-50jahre-moller.jpg?resize=350%2C200&ssl=1","width":350,"height":200},"classes":[]},{"id":26168,"url":"https:\/\/blog.sub.uni-hamburg.de\/?p=26168","url_meta":{"origin":743,"position":4},"title":"Stolpersteine in der Grindelallee 6","author":"Redaktion","date":"09-11-18","format":false,"excerpt":"Von Anneke de Rudder. Vielleicht fallen Ihnen in diesen Tagen pl\u00f6tzlich die Stolpersteine auf, die schr\u00e4g vor dem Altbau der Stabi auf dem breiten B\u00fcrgersteig der Grindelallee liegen. Oft nimmt man die kleinen ins Pflaster eingelassenen W\u00fcrfel aus Messing kaum noch wahr. Aber zum 9. November werden viele von ihnen\u2026","rel":"","context":"In &quot;Aktuelles&quot;","block_context":{"text":"Aktuelles","link":"https:\/\/blog.sub.uni-hamburg.de\/?cat=1"},"img":{"alt_text":"","src":"https:\/\/i0.wp.com\/blog.sub.uni-hamburg.de\/wp-content\/uploads\/2018\/11\/94A7BD6D-1CD8-4AF4-B0F8-464C6E796310-300x170.jpeg?resize=350%2C200&ssl=1","width":350,"height":200},"classes":[]},{"id":28225,"url":"https:\/\/blog.sub.uni-hamburg.de\/?p=28225","url_meta":{"origin":743,"position":5},"title":"Restitution Hans Sternheim: Die SUB gibt B\u00fccher an die Enkelin eines Patenkinds von Theodor Fontane zur\u00fcck","author":"Redaktion","date":"28-10-19","format":false,"excerpt":"Von der Arbeitsstelle Provenienzforschung - NS-Raubgut. Der Raum 312 im Altbau der Staatsbibliothek war am 24. Oktober 2019 gut gef\u00fcllt: auf Einladung der Arbeitsstelle Provenienzforschung \u2013 NS-Raubgut waren viele Interessierte gekommen, um bei einer Restitution von B\u00fcchern dabei zu sein und so einen besonderen \u201eFall\u201c der Arbeitsstelle zum Abschluss zu\u2026","rel":"","context":"In &quot;Aktuelles&quot;","block_context":{"text":"Aktuelles","link":"https:\/\/blog.sub.uni-hamburg.de\/?cat=1"},"img":{"alt_text":"","src":"https:\/\/i0.wp.com\/blog.sub.uni-hamburg.de\/wp-content\/uploads\/2019\/10\/Restitution_Sternheim_einleger.jpg?resize=350%2C200&ssl=1","width":350,"height":200,"srcset":"https:\/\/i0.wp.com\/blog.sub.uni-hamburg.de\/wp-content\/uploads\/2019\/10\/Restitution_Sternheim_einleger.jpg?resize=350%2C200&ssl=1 1x, https:\/\/i0.wp.com\/blog.sub.uni-hamburg.de\/wp-content\/uploads\/2019\/10\/Restitution_Sternheim_einleger.jpg?resize=525%2C300&ssl=1 1.5x"},"classes":[]}],"jetpack_sharing_enabled":true,"_links":{"self":[{"href":"https:\/\/blog.sub.uni-hamburg.de\/index.php?rest_route=\/wp\/v2\/posts\/743","targetHints":{"allow":["GET"]}}],"collection":[{"href":"https:\/\/blog.sub.uni-hamburg.de\/index.php?rest_route=\/wp\/v2\/posts"}],"about":[{"href":"https:\/\/blog.sub.uni-hamburg.de\/index.php?rest_route=\/wp\/v2\/types\/post"}],"author":[{"embeddable":true,"href":"https:\/\/blog.sub.uni-hamburg.de\/index.php?rest_route=\/wp\/v2\/users\/25"}],"replies":[{"embeddable":true,"href":"https:\/\/blog.sub.uni-hamburg.de\/index.php?rest_route=%2Fwp%2Fv2%2Fcomments&post=743"}],"version-history":[{"count":0,"href":"https:\/\/blog.sub.uni-hamburg.de\/index.php?rest_route=\/wp\/v2\/posts\/743\/revisions"}],"wp:attachment":[{"href":"https:\/\/blog.sub.uni-hamburg.de\/index.php?rest_route=%2Fwp%2Fv2%2Fmedia&parent=743"}],"wp:term":[{"taxonomy":"category","embeddable":true,"href":"https:\/\/blog.sub.uni-hamburg.de\/index.php?rest_route=%2Fwp%2Fv2%2Fcategories&post=743"},{"taxonomy":"post_tag","embeddable":true,"href":"https:\/\/blog.sub.uni-hamburg.de\/index.php?rest_route=%2Fwp%2Fv2%2Ftags&post=743"}],"curies":[{"name":"wp","href":"https:\/\/api.w.org\/{rel}","templated":true}]}}