{"id":703,"date":"2007-10-02T15:09:40","date_gmt":"2007-10-02T13:09:40","guid":{"rendered":"http:\/\/www.sub.uni-hamburg.de\/blog\/?p=703"},"modified":"2007-10-11T14:20:25","modified_gmt":"2007-10-11T12:20:25","slug":"die-geschenkte-stunde-kulturveranstaltung-der-stabi-im-lichthof-271007","status":"publish","type":"post","link":"https:\/\/blog.sub.uni-hamburg.de\/?p=703","title":{"rendered":"Stabi l\u00e4dt zur Kulturnacht: &#8220;Die Geschenkte Stunde&#8221; im LICHTHOF (27.10.07)"},"content":{"rendered":"<p style=\"margin-top: 3pt\" class=\"MsoNormal\"><span style=\"font-family: Arial\">Erstmalig in diesem Jahr veranstaltet die Stabi anl\u00e4sslich der ZEIT-Umstellung<\/span><\/p>\n<p style=\"margin-top: 3pt\" class=\"MsoNormal\">\n<p><strong><span style=\"font-size: 12pt; font-family: Arial; color: black\" \/><\/strong><\/p>\n<p><span style=\"font-size: 20pt; line-height: 150%; font-family: Arial\">Die Geschenkte Stunde<\/span><\/p>\n<p style=\"line-height: 150%\" class=\"MsoNormal\"><span style=\"font-size: 10pt; line-height: 150%; font-family: Arial\">Benefiz-Revue zugunsten der Hamburger Arche f\u00fcr Kinder<br \/>\nMit Lesungen, Talk, Jazz im Stundentakt \u2013<br \/>\nvon 19 Uhr bis zur ZEIT-Umstellung um 2 Uhr<br \/>\nin der Nacht vom 27. zum 28. Oktober 2007<\/span>\n<\/p>\n<p style=\"line-height: 150%\" class=\"MsoNormal\"><span style=\"font-size: 20pt; line-height: 150%; font-family: Arial\">Programm:<\/span><span style=\"font-size: 10pt; line-height: 150%; font-family: Arial\" \/><\/p>\n<p style=\"line-height: 150%\" class=\"MsoNormal\"><span style=\"font-size: 10pt; font-family: Arial\">19.00             Einlass<br \/>\n19.45            \u201eJazz in the Box\u201c<br \/>\n20.00            \u201eEin wenig betr\u00fcbt, Ihre Marion\u201c &#8211; Bibliotheksdirektorin Gabriele Beger und<span \/> Theo Sommer, Editor-At-Large, DIE ZEIT, lesen aus dem Briefwechsel von <span \/>Marion Gr\u00e4fin D\u00f6nhoff und Gerd Bucerius<br \/>\n21.00             Hannelore Hoger liest aus \u201eIn\u00e9s meines Herzens\u201c von Isabel Allende<br \/>\n22.00             <\/span><span style=\"font-size: 10pt; font-family: Arial\">Die Vergangenheit endet nie &#8211; Kriminalautorin Carmen Korn liest aus ihren Werken<br \/>\n23.00             Talkrunde \u201eKiezkultur f\u00fcr Kreative in Hamburg\u201c mit Amelie Deuflhard (Kampnagel), Corny Littmann (Schmidt Theater), Peter Wippermann<span \/> (Trendb\u00fcro). Moderation: Jens Meyer-Odewald (Hamburger Abendblatt)<br \/>\n24.00             \u201eDinner for one\u201c &#8211; The Hamburg Players<br \/>\nab 24.45        \u201eJazz in the Box\u201c \u2013 Umtrunk bis zur Zeitumstellung<br \/>\nMit freundlicher Unterst\u00fctzung der ZEIT<\/span><br \/>\n<span style=\"font-size: 10pt; line-height: 150%; font-family: Arial\">Einlass: 27.10.2007, 19 Uhr, Eintritt: 15 \u20ac \/ erm\u00e4\u00dfigt 9 \u20ac<br \/>\nF\u00fcr Ihr leibliches Wohl sorgen die Riverkasematten.<br \/>\n<\/span>\n<\/p>\n<p style=\"line-height: 150%\" class=\"MsoNormal\"><span style=\"font-size: 20pt; line-height: 150%; font-family: Arial\">LICHTHOF<\/span><span style=\"font-size: 10pt; line-height: 150%; font-family: Arial\"> im Altbau der Stabi, Ecke Grindelallee\/Edmund-Siemers-Allee<\/span><\/p>\n<p class=\"MsoNormal\"><span style=\"font-size: 10pt; font-family: Arial\">Kartenvorbestellung:<br \/>\nStaats- und Universit\u00e4tsbibliothek (Frau Grau, Herr Petersen), Tel.: 040-42838-5857<br \/>\nMail: <a href=\"mailto:petersen@sub.uni-hamburg.de\">petersen@sub.uni-hamburg.de<\/a>, Von-Melle-Park 3, 20146 Hamburg<br \/>\nAbendkasse<\/span>\n<\/p>\n<p class=\"MsoNormal\">\n","protected":false},"excerpt":{"rendered":"<p>Erstmalig in diesem Jahr veranstaltet die Stabi anl\u00e4sslich der ZEIT-Umstellung Die Geschenkte Stunde Benefiz-Revue zugunsten der Hamburger Arche f\u00fcr Kinder Mit Lesungen, Talk, Jazz im Stundentakt \u2013 von 19 Uhr bis zur ZEIT-Umstellung um 2 Uhr in der Nacht vom 27. zum 28. Oktober 2007 Programm: 19.00 Einlass 19.45 \u201eJazz in the Box\u201c 20.00 \u201eEin [&hellip;]<\/p>\n","protected":false},"author":5,"featured_media":0,"comment_status":"open","ping_status":"open","sticky":false,"template":"","format":"standard","meta":{"jetpack_post_was_ever_published":false,"_jetpack_newsletter_access":"","_jetpack_dont_email_post_to_subs":false,"_jetpack_newsletter_tier_id":0,"_jetpack_memberships_contains_paywalled_content":false,"_jetpack_memberships_contains_paid_content":false,"footnotes":"","jetpack_publicize_message":"","jetpack_publicize_feature_enabled":true,"jetpack_social_post_already_shared":false,"jetpack_social_options":{"image_generator_settings":{"template":"highway","default_image_id":0,"font":"","enabled":false},"version":2}},"categories":[9],"tags":[],"class_list":["post-703","post","type-post","status-publish","format-standard","hentry","category-ausstellungen"],"views":7355,"jetpack_publicize_connections":[],"jetpack_featured_media_url":"","jetpack_shortlink":"https:\/\/wp.me\/p7hfNR-bl","jetpack-related-posts":[{"id":786,"url":"https:\/\/blog.sub.uni-hamburg.de\/?p=786","url_meta":{"origin":703,"position":0},"title":"&#8220;Arche f\u00fcr Kinder&#8221; erh\u00e4lt Spende aus Benefizveranstaltung &#8220;Geschenkte Stunde&#8221;","author":"MG","date":"07-12-07","format":false,"excerpt":"Erinnern Sie sich an unsere Veranstaltung \"Die Geschenkte Stunde\" zur Zeit-Umstellung im Oktober - eine Benefizveranstaltung zugunsten der Arche f\u00fcr Kinder? Die Schauspielerin Hannelore Hoger hatte damals spontan zugesagt, anl\u00e4sslich der Spenden\u00fcbergabe f\u00fcr Kinder zu lesen. Jetzt ist es soweit: Am Sonntag, dem 9.12., 16.00 bis 17.00 Uhr, liest Hannelore\u2026","rel":"","context":"In &quot;Ausstellungen und Veranstaltungen&quot;","block_context":{"text":"Ausstellungen und Veranstaltungen","link":"https:\/\/blog.sub.uni-hamburg.de\/?cat=9"},"img":{"alt_text":"","src":"","width":0,"height":0},"classes":[]},{"id":33350,"url":"https:\/\/blog.sub.uni-hamburg.de\/?p=33350","url_meta":{"origin":703,"position":1},"title":"Ausstellung: &#8220;Helmut Zacharias. Vom Jazzgeiger zum Weltstar&#8221; (2.6.-10.7.)","author":"Konstantin Ulmer","date":"18-05-22","format":false,"excerpt":"Bereits w\u00e4hrend seines Hochschulstudiums der klassischen Violine entdeckte Helmut Zacharias (1920-2002) den Swing-Jazz f\u00fcr sich. Als Geiger, Komponist, Arrangeur und Entertainer gelang ihm eine beispiellose Karriere in der Unterhaltungsbranche der Nachkriegszeit: 400 Kompositionen, 1.400 Arrangements, 13 Mio. verkaufte Schallplatten dokumentieren Zacharias Entwicklung vom Klassik- zum Jazz- und schlie\u00dflich zum \u201eZaubergeiger\u201c,\u2026","rel":"","context":"In &quot;Ausstellungen und Veranstaltungen&quot;","block_context":{"text":"Ausstellungen und Veranstaltungen","link":"https:\/\/blog.sub.uni-hamburg.de\/?cat=9"},"img":{"alt_text":"Ausstellung: Helmut Zacharias. Vom Jazzgeiger zum Weltstar","src":"https:\/\/i0.wp.com\/blog.sub.uni-hamburg.de\/wp-content\/uploads\/2022\/05\/zacharias-ausstellung.jpg?resize=350%2C200&ssl=1","width":350,"height":200},"classes":[]},{"id":515,"url":"https:\/\/blog.sub.uni-hamburg.de\/?p=515","url_meta":{"origin":703,"position":2},"title":"Neu in der Theatersammlung: Bocksboys B\u00fchnenbilder","author":"AC","date":"12-04-07","format":false,"excerpt":"Der Graphik-Designer Achim Bocksboy hat der Theatersammlung der Universit\u00e4t Hamburg die B\u00fchnenbildentw\u00fcrfe, die er f\u00fcr die Inszenierungen des theaters 53 geschaffen hat, geschenkt. Das theater 53 galt in einer Zeit, als Hamburgs gro\u00dfe B\u00fchnen jedem Experiment abhold waren, als ein Geheimtipp. \u201eEine B\u00fchne ... f\u00fcr das unkonventionelle Schauspiel unserer Zeit\u201c\u2026","rel":"","context":"In &quot;Fachbibliotheken&quot;","block_context":{"text":"Fachbibliotheken","link":"https:\/\/blog.sub.uni-hamburg.de\/?cat=15"},"img":{"alt_text":"","src":"","width":0,"height":0},"classes":[]},{"id":24974,"url":"https:\/\/blog.sub.uni-hamburg.de\/?p=24974","url_meta":{"origin":703,"position":3},"title":"Ausstellung GEGENWELTEN &#8211; Swing in Hamburg\u2026 (29.5.-29.6.)","author":"Markus Trapp","date":"15-05-18","format":false,"excerpt":"\u2026Hans Leipelt und die \"Wei\u00dfe Rose\", Coco Schumann und die \"Ghetto-Swingers\". Dauer: 29. Mai bis 29. Juni 2018 Ort: Lichthof im Altbau (Zugang \u00fcber Informationszentrum) \u00d6ffnungszeiten: Mo-Fr 9 - 20.30 Uhr. \u00dcber Generationen eint alle Swing-Fans ein Gef\u00fchl von unbeschwerter Freiheit. Namen wie Duke Ellington, Count Basie, Benny Goodman stehen\u2026","rel":"","context":"In &quot;Ausstellungen und Veranstaltungen&quot;","block_context":{"text":"Ausstellungen und Veranstaltungen","link":"https:\/\/blog.sub.uni-hamburg.de\/?cat=9"},"img":{"alt_text":"","src":"https:\/\/i0.wp.com\/blog.sub.uni-hamburg.de\/wp-content\/uploads\/2018\/05\/swing-in-hamburg-kl.jpg?resize=350%2C200&ssl=1","width":350,"height":200,"srcset":"https:\/\/i0.wp.com\/blog.sub.uni-hamburg.de\/wp-content\/uploads\/2018\/05\/swing-in-hamburg-kl.jpg?resize=350%2C200&ssl=1 1x, https:\/\/i0.wp.com\/blog.sub.uni-hamburg.de\/wp-content\/uploads\/2018\/05\/swing-in-hamburg-kl.jpg?resize=525%2C300&ssl=1 1.5x"},"classes":[]},{"id":1100,"url":"https:\/\/blog.sub.uni-hamburg.de\/?p=1100","url_meta":{"origin":703,"position":4},"title":"Ringelnatz, Rowohlt und Maintz: Stabi startet Reihe &#8220;Lyrik und Jazz&#8221; (28.11.2008)","author":"MG","date":"29-10-08","format":false,"excerpt":"Freitag, 28.11., 19.30 Uhr Lyrik und Jazz \u201eWie seine eigne Spucke schmeckt, das wei\u00df man nicht \u2026\u201c Komische Gedichte (nicht nur) von Joachim Ringelnatz, deklamiert von Harry Rowohlt, kommentiert von Christian Maintz Missouri Wind spielt Dixieland Am 7. August 2008 w\u00e4re Joachim Ringelnatz, einer der wenigen deutschen Klassiker des Komischen,\u2026","rel":"","context":"In &quot;Ausstellungen und Veranstaltungen&quot;","block_context":{"text":"Ausstellungen und Veranstaltungen","link":"https:\/\/blog.sub.uni-hamburg.de\/?cat=9"},"img":{"alt_text":"","src":"","width":0,"height":0},"classes":[]},{"id":1187,"url":"https:\/\/blog.sub.uni-hamburg.de\/?p=1187","url_meta":{"origin":703,"position":5},"title":"Stabi: Umstellung des WLAN-Funknetzes","author":"ST","date":"03-02-09","format":false,"excerpt":"In den kommenden Wochen wird es eine Umstellung des bestehenden Funknetzes (WLAN) in der Stabi geben. Die bisher verwendeten Netze auf einzelne Bereiche (z.B. UHH-SUB-134) werden einem einheitlichen Netz UHH, wie es auch schon im \u00fcbrigen Bereich des Regionalen Rechenzentrums eingesetzt wird, weichen. Die Anmeldebedingungen an diesem Netz bleiben wie\u2026","rel":"","context":"In &quot;Aktuelles&quot;","block_context":{"text":"Aktuelles","link":"https:\/\/blog.sub.uni-hamburg.de\/?cat=1"},"img":{"alt_text":"","src":"","width":0,"height":0},"classes":[]}],"jetpack_sharing_enabled":true,"_links":{"self":[{"href":"https:\/\/blog.sub.uni-hamburg.de\/index.php?rest_route=\/wp\/v2\/posts\/703","targetHints":{"allow":["GET"]}}],"collection":[{"href":"https:\/\/blog.sub.uni-hamburg.de\/index.php?rest_route=\/wp\/v2\/posts"}],"about":[{"href":"https:\/\/blog.sub.uni-hamburg.de\/index.php?rest_route=\/wp\/v2\/types\/post"}],"author":[{"embeddable":true,"href":"https:\/\/blog.sub.uni-hamburg.de\/index.php?rest_route=\/wp\/v2\/users\/5"}],"replies":[{"embeddable":true,"href":"https:\/\/blog.sub.uni-hamburg.de\/index.php?rest_route=%2Fwp%2Fv2%2Fcomments&post=703"}],"version-history":[{"count":0,"href":"https:\/\/blog.sub.uni-hamburg.de\/index.php?rest_route=\/wp\/v2\/posts\/703\/revisions"}],"wp:attachment":[{"href":"https:\/\/blog.sub.uni-hamburg.de\/index.php?rest_route=%2Fwp%2Fv2%2Fmedia&parent=703"}],"wp:term":[{"taxonomy":"category","embeddable":true,"href":"https:\/\/blog.sub.uni-hamburg.de\/index.php?rest_route=%2Fwp%2Fv2%2Fcategories&post=703"},{"taxonomy":"post_tag","embeddable":true,"href":"https:\/\/blog.sub.uni-hamburg.de\/index.php?rest_route=%2Fwp%2Fv2%2Ftags&post=703"}],"curies":[{"name":"wp","href":"https:\/\/api.w.org\/{rel}","templated":true}]}}