{"id":664,"date":"2007-08-14T16:09:47","date_gmt":"2007-08-14T14:09:47","guid":{"rendered":"http:\/\/www.sub.uni-hamburg.de\/blog\/?p=664"},"modified":"2007-08-24T11:46:16","modified_gmt":"2007-08-24T09:46:16","slug":"und-das-ist-kunst-zeit-forum-kultur-in-der-stabi","status":"publish","type":"post","link":"https:\/\/blog.sub.uni-hamburg.de\/?p=664","title":{"rendered":"&#8220;Und das ist Kunst?!&#8221; ZEIT FORUM KULTUR in der Stabi am 28.8.07"},"content":{"rendered":"<p><strong>Diskussion zur Lage der Gegenwartskunst mit Ulrich Wickert u.a.<br \/>\n<\/strong>Wie l\u00e4sst sich gute von schlechter Kunst unterscheiden? Hanno Rauterberg (Feuilletonredakteur DIE ZEIT) diskutiert im ZEIT FORUM KULTUR mit dem Hamburger Kunstsammler Harald Falckenberg und dem Leiter der Documenta Roger M. Buergel \u00fcber die Thesen seines neuen Buches: \u201e<a href=\"https:\/\/hhas21.rrz.uni-hamburg.de\/DB=1\/SET=2\/TTL=1\/SHW?FRST=1\">Und das ist Kunst. Eine Qualit\u00e4tspr\u00fcfung<\/a>\u201c. Moderation: Ulrich Wickert.<br \/>\n<strong><br \/>\nDienstag, 28. August 2007, 19.30 Uhr <\/strong><strong><br \/>\n<\/strong><strong>Lichthof der Staats- und Universit\u00e4tsbibliothek Hamburg<br \/>\n<\/strong><strong>Grindelallee, Ecke Edmund-Siemers-Allee <\/strong><\/p>\n<p>Zum Buch: Die Kunst der Gegenwart feiert erstaunliche Triumphe: Die Museen sind besser besucht als die Kinos, vielerorts werden neue Galerien, Kunsthallen, Biennalen gegr\u00fcndet, auf den Auktionen jagt ein Millionenrekord den n\u00e4chsten. Doch auch die Ratlosigkeit w\u00e4chst: Sind die enormen Preise nicht \u00fcberzogen? Was ist heute noch Qualit\u00e4t? Was unterscheidet die Kunst \u00fcberhaupt noch von Design, Mode, Werbung?<br \/>\nDas Buch von Hanno Rauterberg bietet Orientierung: Es zeigt, nach welchen Kriterien sich Gegenwartskunst beurteilen l\u00e4sst. Es durchleuchtet das Machtgeflecht des Kunstmarkts. Es benennt die zehn popul\u00e4rsten Irrt\u00fcmer der Gegenwartskunst. Und es weist Wege aus der Qualit\u00e4tskrise der Kunst. Dieses <a href=\"http:\/\/veranstaltungen.zeit.de\/veranstaltungen\/zeit_forum_kultur\/und_das_ist_kunst.001527.html\">ZEIT FORUM KULTUR<\/a> ist eine Veranstaltung in Kooperation mit dem S. Fischer Verlag, der Staats- und Universit\u00e4tsbibliothek Hamburg und der Buchhandlung HEYMANN.<\/p>\n<p>Karten f\u00fcr Euro 9,- \/ erm\u00e4\u00dfigt Euro 5,- sind erh\u00e4ltlich bei der Buchhandlung HEYMANN, Telefon 040-48 09 30, <a href=\"http:\/\/www.buecher-heymann.de\/\">www.buecher-heymann.de<\/a><\/p>\n","protected":false},"excerpt":{"rendered":"<p>Diskussion zur Lage der Gegenwartskunst mit Ulrich Wickert u.a. Wie l\u00e4sst sich gute von schlechter Kunst unterscheiden? Hanno Rauterberg (Feuilletonredakteur DIE ZEIT) diskutiert im ZEIT FORUM KULTUR mit dem Hamburger Kunstsammler Harald Falckenberg und dem Leiter der Documenta Roger M. Buergel \u00fcber die Thesen seines neuen Buches: \u201eUnd das ist Kunst. Eine Qualit\u00e4tspr\u00fcfung\u201c. Moderation: Ulrich [&hellip;]<\/p>\n","protected":false},"author":5,"featured_media":0,"comment_status":"open","ping_status":"open","sticky":false,"template":"","format":"standard","meta":{"jetpack_post_was_ever_published":false,"_jetpack_newsletter_access":"","_jetpack_dont_email_post_to_subs":false,"_jetpack_newsletter_tier_id":0,"_jetpack_memberships_contains_paywalled_content":false,"_jetpack_memberships_contains_paid_content":false,"footnotes":"","jetpack_publicize_message":"","jetpack_publicize_feature_enabled":true,"jetpack_social_post_already_shared":false,"jetpack_social_options":{"image_generator_settings":{"template":"highway","default_image_id":0,"font":"","enabled":false},"version":2}},"categories":[9],"tags":[],"class_list":["post-664","post","type-post","status-publish","format-standard","hentry","category-ausstellungen"],"views":5696,"jetpack_publicize_connections":[],"jetpack_featured_media_url":"","jetpack_shortlink":"https:\/\/wp.me\/p7hfNR-aI","jetpack-related-posts":[{"id":1092,"url":"https:\/\/blog.sub.uni-hamburg.de\/?p=1092","url_meta":{"origin":664,"position":0},"title":"Krimifestival im LICHTHOF: Ulrich Wickert (3.11.) und Friedrich Ani \/ Frank G\u00f6hre (4.11.)","author":"MG","date":"25-10-08","format":false,"excerpt":"Erleben Sie das Krimifestival in Hamburg im LICHTHOF der Stabi. Zwei Lesungen finden bei uns statt, das Gesamtprogramm und online-Kartenvorverkauf finden Sie hier , telefonische Kartenbestellung bei Buchhandlung Heymann, Tel.: 480 93-0. Eingang zum LICHTHOF der Stabi: Edmund-Siemers-Allee, Ecke Grindelallee. Gehen Sie \u00fcber den roten Teppich! Am Montag, dem 3.11.,um\u2026","rel":"","context":"In &quot;Ausstellungen und Veranstaltungen&quot;","block_context":{"text":"Ausstellungen und Veranstaltungen","link":"https:\/\/blog.sub.uni-hamburg.de\/?cat=9"},"img":{"alt_text":"","src":"","width":0,"height":0},"classes":[]},{"id":668,"url":"https:\/\/blog.sub.uni-hamburg.de\/?p=668","url_meta":{"origin":664,"position":1},"title":"Internationales Krimifestival in Hamburg","author":"UH","date":"15-08-07","format":false,"excerpt":"Vom 6. bis 11. November wird es spannend in Hamburg: Im Literaturhaus findet das erste \u201cInternationale Krimifestival\u201d statt, eine Gemeinschaftsveranstaltung der Buchhandlung Heymann mit dem Hamburger Abendblatt und dem Literaturhaus. In 15 Veranstaltungen wird ein hochkar\u00e4tiges Programm geboten, das zahlreiche Highlights der nationalen und internationalen Krimiszene an die Alster holt.\u2026","rel":"","context":"In &quot;Ausstellungen und Veranstaltungen&quot;","block_context":{"text":"Ausstellungen und Veranstaltungen","link":"https:\/\/blog.sub.uni-hamburg.de\/?cat=9"},"img":{"alt_text":"","src":"","width":0,"height":0},"classes":[]},{"id":18751,"url":"https:\/\/blog.sub.uni-hamburg.de\/?p=18751","url_meta":{"origin":664,"position":2},"title":"Buchpreis HamburgLesen 2015 f\u00fcr &#8220;Vaterjahre&#8221; von Michael Kleeberg","author":"MG","date":"02-11-15","format":false,"excerpt":"Der Buchpreis der Staatsbibliothek HamburgLesen 2015 geht an \u201eVaterjahre\u201c von Michael Kleeberg. Am Freitag, 30.10., fand die feierliche Preisverleihung im Lichthof der Staats- und Universit\u00e4tsbibliothek statt. Im Beisein von Hamburgs zweiter B\u00fcrgermeisterin, Katharina Fegebank, \u00fcberreichte die Direktorin der Staats- und Universit\u00e4tsbibliothek, Prof. Dr. Gabriele Beger, dem Autor Michael Kleeberg die\u2026","rel":"","context":"In &quot;Aktuelles&quot;","block_context":{"text":"Aktuelles","link":"https:\/\/blog.sub.uni-hamburg.de\/?cat=1"},"img":{"alt_text":"Cafe Royal Salonorchester","src":"https:\/\/i0.wp.com\/blog.sub.uni-hamburg.de\/wp-content\/uploads\/2015\/11\/DSC_8746_-150x100.jpg?resize=350%2C200&ssl=1","width":350,"height":200,"srcset":"https:\/\/i0.wp.com\/blog.sub.uni-hamburg.de\/wp-content\/uploads\/2015\/11\/DSC_8746_-150x100.jpg?resize=350%2C200&ssl=1 1x, https:\/\/i0.wp.com\/blog.sub.uni-hamburg.de\/wp-content\/uploads\/2015\/11\/DSC_8746_-150x100.jpg?resize=525%2C300&ssl=1 1.5x, https:\/\/i0.wp.com\/blog.sub.uni-hamburg.de\/wp-content\/uploads\/2015\/11\/DSC_8746_-150x100.jpg?resize=700%2C400&ssl=1 2x, https:\/\/i0.wp.com\/blog.sub.uni-hamburg.de\/wp-content\/uploads\/2015\/11\/DSC_8746_-150x100.jpg?resize=1050%2C600&ssl=1 3x, https:\/\/i0.wp.com\/blog.sub.uni-hamburg.de\/wp-content\/uploads\/2015\/11\/DSC_8746_-150x100.jpg?resize=1400%2C800&ssl=1 4x"},"classes":[]},{"id":42211,"url":"https:\/\/blog.sub.uni-hamburg.de\/?p=42211","url_meta":{"origin":664,"position":3},"title":"Vortrag Katharina Pelosi: Zukunftsmusik \u2013 klangk\u00fcnstlerische Verfahren und Geschichte im \u00f6ffentlichen Raum (14.4.)","author":"Markus Trapp","date":"07-04-26","format":false,"excerpt":"Dienstag, 14.4., 18.30 Uhr, Ossietzky-Forum. \u00d6ffentlicher Vortrag von Audiok\u00fcnstlerin Katharina Pelosi zum Semesterauftakt des Masterstudiengangs Public History Zum Auftakt des Sommersemesters l\u00e4dt der Masterstudiengang Public History der Universit\u00e4t Hamburg am 14. April um 18.30 Uhr zu einem \u00f6ffentlichen Vortrag ins Carl-von-Ossietzky-Forum der Staats- und Universit\u00e4tsbibliothek Hamburg ein. Unter dem Titel\u2026","rel":"","context":"In &quot;Ausstellungen und Veranstaltungen&quot;","block_context":{"text":"Ausstellungen und Veranstaltungen","link":"https:\/\/blog.sub.uni-hamburg.de\/?cat=9"},"img":{"alt_text":"","src":"https:\/\/i0.wp.com\/blog.sub.uni-hamburg.de\/wp-content\/uploads\/2026\/04\/pelosi-plakat-213x300.jpg?resize=350%2C200&ssl=1","width":350,"height":200},"classes":[]},{"id":396,"url":"https:\/\/blog.sub.uni-hamburg.de\/?p=396","url_meta":{"origin":664,"position":4},"title":"Ein Fest im Himmel. Holzschnittkunst von Tita do Rego Silva (26.1.-11.3.2007)","author":"MG","date":"04-01-07","format":false,"excerpt":"Das Ausstellungsjahr der Stabi beginnt bunt! Wir zeigen Werke der Hamburger K\u00fcnstlerin Tita do R\u00eago Silva. Im Zentrum der Ausstellung steht ihr neues Buch \"Ein Fest im Himmel\" - eine brasilianische Legende, von ihr erz\u00e4hlt. Bebildert ist das Buch mit den f\u00fcr sie charakteristischen Fantasie-Wesen, bunten, ausdrucksstarken Figuren in der\u2026","rel":"","context":"In &quot;Ausstellungen und Veranstaltungen&quot;","block_context":{"text":"Ausstellungen und Veranstaltungen","link":"https:\/\/blog.sub.uni-hamburg.de\/?cat=9"},"img":{"alt_text":"","src":"","width":0,"height":0},"classes":[]},{"id":1279,"url":"https:\/\/blog.sub.uni-hamburg.de\/?p=1279","url_meta":{"origin":664,"position":5},"title":"AB UND ZU F\u00c4LLE mit Gogol, Charms und weiteren Autoren \u2013 Ausstellung 29.5.- 5.7. 2009","author":"MG","date":"04-05-09","format":false,"excerpt":"Vladimir Sitnikov studierte Buchgraphik an der Moskauer Kunstakademie und geh\u00f6rte zu der j\u00fcngeren Generation der Moskauer Konzeptualisten. Nach seiner Emigration nach Deutschland im Jahre 1995 entwickelte er seine Buchkunst im Spannungsfeld der Begegnung und Konfrontation mit der postsowjetischen Zeit und der postmodernen Kultur des Westens weiter. Die Ausstellung zeigt seine\u2026","rel":"","context":"In &quot;Ausstellungen und Veranstaltungen&quot;","block_context":{"text":"Ausstellungen und Veranstaltungen","link":"https:\/\/blog.sub.uni-hamburg.de\/?cat=9"},"img":{"alt_text":"","src":"","width":0,"height":0},"classes":[]}],"jetpack_sharing_enabled":true,"_links":{"self":[{"href":"https:\/\/blog.sub.uni-hamburg.de\/index.php?rest_route=\/wp\/v2\/posts\/664","targetHints":{"allow":["GET"]}}],"collection":[{"href":"https:\/\/blog.sub.uni-hamburg.de\/index.php?rest_route=\/wp\/v2\/posts"}],"about":[{"href":"https:\/\/blog.sub.uni-hamburg.de\/index.php?rest_route=\/wp\/v2\/types\/post"}],"author":[{"embeddable":true,"href":"https:\/\/blog.sub.uni-hamburg.de\/index.php?rest_route=\/wp\/v2\/users\/5"}],"replies":[{"embeddable":true,"href":"https:\/\/blog.sub.uni-hamburg.de\/index.php?rest_route=%2Fwp%2Fv2%2Fcomments&post=664"}],"version-history":[{"count":0,"href":"https:\/\/blog.sub.uni-hamburg.de\/index.php?rest_route=\/wp\/v2\/posts\/664\/revisions"}],"wp:attachment":[{"href":"https:\/\/blog.sub.uni-hamburg.de\/index.php?rest_route=%2Fwp%2Fv2%2Fmedia&parent=664"}],"wp:term":[{"taxonomy":"category","embeddable":true,"href":"https:\/\/blog.sub.uni-hamburg.de\/index.php?rest_route=%2Fwp%2Fv2%2Fcategories&post=664"},{"taxonomy":"post_tag","embeddable":true,"href":"https:\/\/blog.sub.uni-hamburg.de\/index.php?rest_route=%2Fwp%2Fv2%2Ftags&post=664"}],"curies":[{"name":"wp","href":"https:\/\/api.w.org\/{rel}","templated":true}]}}