{"id":6463,"date":"2011-12-06T01:34:30","date_gmt":"2011-12-06T00:34:30","guid":{"rendered":"http:\/\/www.sub.uni-hamburg.de\/blog\/?p=6463"},"modified":"2022-02-17T16:48:52","modified_gmt":"2022-02-17T15:48:52","slug":"exponat-des-monats-%e2%80%9eder-mann-im-turm%e2%80%9c-von-karl-lorenz-21-12","status":"publish","type":"post","link":"https:\/\/blog.sub.uni-hamburg.de\/?p=6463","title":{"rendered":"Exponat des Monats: \u201eDer Mann im Turm\u201c von Karl Lorenz (21.12.)"},"content":{"rendered":"<p><a href=\"https:\/\/blog.sub.uni-hamburg.de\/wp-content\/uploads\/2011\/11\/Expo-Dez-_Mann_im_Turm-gr.jpg\"><img loading=\"lazy\" decoding=\"async\" data-attachment-id=\"6464\" data-permalink=\"https:\/\/blog.sub.uni-hamburg.de\/?attachment_id=6464\" data-orig-file=\"https:\/\/blog.sub.uni-hamburg.de\/wp-content\/uploads\/2011\/11\/Expo-Dez-_Mann_im_Turm.jpg\" data-orig-size=\"300,397\" data-comments-opened=\"1\" data-image-meta=\"{&quot;aperture&quot;:&quot;0&quot;,&quot;credit&quot;:&quot;&quot;,&quot;camera&quot;:&quot;&quot;,&quot;caption&quot;:&quot;&quot;,&quot;created_timestamp&quot;:&quot;0&quot;,&quot;copyright&quot;:&quot;&quot;,&quot;focal_length&quot;:&quot;0&quot;,&quot;iso&quot;:&quot;0&quot;,&quot;shutter_speed&quot;:&quot;0&quot;,&quot;title&quot;:&quot;&quot;}\" data-image-title=\"Expo-Dez-_Mann_im_Turm\" data-image-description=\"\" data-image-caption=\"\" data-large-file=\"https:\/\/blog.sub.uni-hamburg.de\/wp-content\/uploads\/2011\/11\/Expo-Dez-_Mann_im_Turm.jpg\" src=\"https:\/\/blog.sub.uni-hamburg.de\/wp-content\/uploads\/2011\/11\/Expo-Dez-_Mann_im_Turm.jpg\" alt=\"\u201eDer Mann im Turm\u201c von Karl Lorenz\" title=\"\u201eDer Mann im Turm\u201c von Karl Lorenz\" width=\"264\" height=\"350\" class=\"alignright size-full wp-image-6464\" srcset=\"https:\/\/blog.sub.uni-hamburg.de\/wp-content\/uploads\/2011\/11\/Expo-Dez-_Mann_im_Turm.jpg 300w, https:\/\/blog.sub.uni-hamburg.de\/wp-content\/uploads\/2011\/11\/Expo-Dez-_Mann_im_Turm-226x300.jpg 226w\" sizes=\"auto, (max-width: 264px) 100vw, 264px\" \/><\/a> <strong> Aus den Sondersammlungen: Exponat des Monats: \u201eDer Mann im Turm\u201c von Karl Lorenz<\/strong><\/p>\n<blockquote><p>Der erste Schnee<br \/>\nNun ist der erste Schnee gefallen,<br \/>\nEs glitzern H\u00e4user, Wald und Flur,<br \/>\nDie Schellen klirren, Peitschen knallen,<br \/>\nO seht: die erste Schlittenspur!<\/p><\/blockquote>\n<p><a href=\"http:\/\/de.wikipedia.org\/wiki\/Karl_Lorenz\">Karl Lorenz<\/a> (1888-1961) brachte diese winterlichen Verse 1914 in seinem ersten Gedichtb\u00e4ndchen heraus, in dem er auch beschreibt, wie er vom Kuhhirten zum Sozialdemokraten und wie er vom entt\u00e4uschten Sozialdemokraten zum parteilosen Dichter wurde. Karl Lorenz, Schriftsteller und K\u00fcnstler, Herausgeber der expressionistischen Zeitschrift \u201eDie Rote Erde\u201c, war wohl Hamburgs bedeutendster Expressionist. Im Jahr 1924 zog er sich zur\u00fcck nach Malente-Gremsm\u00fchlen und gr\u00fcndete die Turm-Presse. <\/p>\n<p>\u201eDer Mann im Turm\u201c steht im Mittelpunkt der letzten Veranstaltung \u201eExponat des Monats\u201c 2011.  Aus unserer Sammlung \u201eSch\u00f6nes Buch\u201c hat die Referentin f\u00fcr Seltene und Alte Drucke, Antje Theise, das gleichnamige Holzschnitt-Bilderbuch ausgew\u00e4hlt, das 1930 in der Turm-Presse entstand.<\/p>\n<p><a href=\"http:\/\/de.wikipedia.org\/wiki\/Karl_Lorenz\"><img loading=\"lazy\" decoding=\"async\" src=\"https:\/\/blog.sub.uni-hamburg.de\/wp-content\/uploads\/2011\/11\/karl-lorenz.jpg\" alt=\"Karl Lorenz, 1914. Foto: Wikipedia\" title=\"Karl Lorenz, 1914. Foto: Wikipedia\" width=\"134\" height=\"200\" style=\"margin-top:0px; padding-top:0px; margin-right: 15px; padding-left:0px; float:left\" \/><\/a> Die Staatsbibliothek besitzt die wohl gr\u00f6\u00dfte Sammlung der Holzschnittwerke des Hamburger K\u00fcnstlers Karl Lorenz. Da in ihr nicht nur die vollendeten Werke des K\u00fcnstlers enthalten sind, sondern auch viele Vorabdrucke und Probeexemplare, dokumentiert sie in \u00e4u\u00dferst lebendiger Vielfalt die Entwicklungsstufen seines Schaffens und besonders seine Experimentierfreudigkeit mit Formen und Farben.<\/p>\n<p><strong>Mittwoch, 21. Dezember 2011, 16.15 Uhr<br \/>\nOrt: Handschriftenlesesaal, 1. Etage, Eingang Lesesaal 1.<\/strong><\/p>\n<p><a href=\"https:\/\/www.sub.uni-hamburg.de\/bibliotheken\/ausstellungen-und-veranstaltungen\/online-ausstellungen\/exponate-des-monats\/expo-des-monats.html\"><img loading=\"lazy\" decoding=\"async\" style=\"float: right; padding-left: 0px; margin-left: 25px; margin-bottom: 15px;\" title=\"Blogreihe der Sondersammlungen: Exponat des Monats\" src=\"https:\/\/blog.sub.uni-hamburg.de\/wp-content\/uploads\/2010\/12\/exponatdm-120.jpg\" alt=\"Sondersammlungen: Exponat des Monats\" width=\"120\" height=\"120\" \/><\/a> Die Sondersammlungen pr\u00e4sentieren immer am dritten Mittwoch des Monats ein originales Sammlungsst\u00fcck im Handschriftenlesesaal. Auf der Stabi-Website werden sie in einer stetig wachsenden <a href=\"https:\/\/www.sub.uni-hamburg.de\/bibliotheken\/ausstellungen-und-veranstaltungen\/online-ausstellungen\/exponate-des-monats\/expo-des-monats.html\">Online-Ausstellung<\/a> pr\u00e4sentiert. Das aktuelle Exponat des Monats Dezember finden Sie hier ausf\u00fchrlich beschrieben: <a href=\"https:\/\/www.sub.uni-hamburg.de\/bibliotheken\/ausstellungen-und-veranstaltungen\/online-ausstellungen\/exponate-des-monats\/dezember-2011.html\">\u201eDer Mann im Turm\u201c von Karl Lorenz<\/a>.<\/p>\n","protected":false},"excerpt":{"rendered":"<p>Aus den Sondersammlungen: Exponat des Monats: \u201eDer Mann im Turm\u201c von Karl Lorenz Der erste Schnee Nun ist der erste Schnee gefallen, Es glitzern H\u00e4user, Wald und Flur, Die Schellen klirren, Peitschen knallen, O seht: die erste Schlittenspur! Karl Lorenz (1888-1961) brachte diese winterlichen Verse 1914 in seinem ersten Gedichtb\u00e4ndchen heraus, in dem er auch [&hellip;]<\/p>\n","protected":false},"author":19,"featured_media":0,"comment_status":"open","ping_status":"open","sticky":false,"template":"","format":"standard","meta":{"jetpack_post_was_ever_published":false,"_jetpack_newsletter_access":"","_jetpack_dont_email_post_to_subs":false,"_jetpack_newsletter_tier_id":0,"_jetpack_memberships_contains_paywalled_content":false,"_jetpack_memberships_contains_paid_content":false,"footnotes":"","jetpack_publicize_message":"","jetpack_publicize_feature_enabled":true,"jetpack_social_post_already_shared":false,"jetpack_social_options":{"image_generator_settings":{"template":"highway","default_image_id":0,"font":"","enabled":false},"version":2}},"categories":[9,13],"tags":[],"class_list":["post-6463","post","type-post","status-publish","format-standard","hentry","category-ausstellungen","category-das-besondere-buch"],"views":8421,"jetpack_publicize_connections":[],"jetpack_featured_media_url":"","jetpack_shortlink":"https:\/\/wp.me\/p7hfNR-1Gf","jetpack-related-posts":[{"id":6407,"url":"https:\/\/blog.sub.uni-hamburg.de\/?p=6407","url_meta":{"origin":6463,"position":0},"title":"24 Enten f\u00fcr die Schedelsche Weltchronik","author":"Markus Trapp","date":"21-11-11","format":false,"excerpt":"Vergangenen Mittwoch war unser Handschriftenleseaal mal wieder bis auf den letzten Platz besetzt. Unsere Veranstaltungsreihe \u00abExponat des Monats\u00bb hat mittlerweile eine treue Fangemeinde. Jeden dritten Mittwoch im Monat stellen unsere Experten aus den Sondersammlungen besondere Werke aus den Schatzkammern der Stabi vor. Jeweils in einem Vortrag vor Ort \u2013 mit\u2026","rel":"","context":"In &quot;Ausstellungen und Veranstaltungen&quot;","block_context":{"text":"Ausstellungen und Veranstaltungen","link":"https:\/\/blog.sub.uni-hamburg.de\/?cat=9"},"img":{"alt_text":"","src":"https:\/\/i0.wp.com\/blog.sub.uni-hamburg.de\/wp-content\/uploads\/2011\/11\/schedel-wchr-161111.jpg?resize=350%2C200&ssl=1","width":350,"height":200},"classes":[]},{"id":5356,"url":"https:\/\/blog.sub.uni-hamburg.de\/?p=5356","url_meta":{"origin":6463,"position":1},"title":"Exponat des Monats: Stammbuch von Paul Langermann (13.7.)","author":"Markus Trapp","date":"01-07-11","format":false,"excerpt":"Exponat des Monats Juli ist das Stammbuch des Hamburger Kaufmanns und Senators Paul Langermann, das dieser von 1614 bis 1617 f\u00fchrte. Den kostbaren Band erwarb die Staats- und Universit\u00e4tsbibliothek 2010. Er enth\u00e4lt zahlreiche handschriftliche Stammbucheintr\u00e4ge und Wappendarstellungen von Freunden und Gef\u00e4hrten Langermanns, dazu eine bunte Sammlung von kostbar kalligraphierten Seiten,\u2026","rel":"","context":"In &quot;Ausstellungen und Veranstaltungen&quot;","block_context":{"text":"Ausstellungen und Veranstaltungen","link":"https:\/\/blog.sub.uni-hamburg.de\/?cat=9"},"img":{"alt_text":"","src":"https:\/\/i0.wp.com\/blog.sub.uni-hamburg.de\/wp-content\/uploads\/2011\/06\/expo-juli11-langermann-deta1.jpg?resize=350%2C200&ssl=1","width":350,"height":200,"srcset":"https:\/\/i0.wp.com\/blog.sub.uni-hamburg.de\/wp-content\/uploads\/2011\/06\/expo-juli11-langermann-deta1.jpg?resize=350%2C200&ssl=1 1x, https:\/\/i0.wp.com\/blog.sub.uni-hamburg.de\/wp-content\/uploads\/2011\/06\/expo-juli11-langermann-deta1.jpg?resize=525%2C300&ssl=1 1.5x"},"classes":[]},{"id":31972,"url":"https:\/\/blog.sub.uni-hamburg.de\/?p=31972","url_meta":{"origin":6463,"position":2},"title":"Neue Digitalisate durch &#8220;Hamburger Kulturgut im Netz&#8221; online","author":"Redaktion","date":"18-10-21","format":false,"excerpt":"Von Nele Leiner. Im Rahmen des an der Stabi angesiedelten Projektes \"Hamburger Kulturgut im Netz\" (HaKiN) konnten wieder weitere B\u00e4nde aus den vielf\u00e4ltigen Best\u00e4nden der wissenschaftlichen Bibliothekslandschaft Hamburgs digital frei verf\u00fcgbar gemacht werden. Seit 2018 werden mit F\u00f6rderung der Stadt Hamburg Best\u00e4nde wissenschaftlicher Bibliotheken in Hamburg digitalisiert. Die Stabi \u00fcbernimmt\u2026","rel":"","context":"In &quot;E-Medien&quot;","block_context":{"text":"E-Medien","link":"https:\/\/blog.sub.uni-hamburg.de\/?cat=11"},"img":{"alt_text":"","src":"https:\/\/i0.wp.com\/blog.sub.uni-hamburg.de\/wp-content\/uploads\/2021\/10\/Stammbuch-kl.jpg?resize=350%2C200&ssl=1","width":350,"height":200,"srcset":"https:\/\/i0.wp.com\/blog.sub.uni-hamburg.de\/wp-content\/uploads\/2021\/10\/Stammbuch-kl.jpg?resize=350%2C200&ssl=1 1x, https:\/\/i0.wp.com\/blog.sub.uni-hamburg.de\/wp-content\/uploads\/2021\/10\/Stammbuch-kl.jpg?resize=525%2C300&ssl=1 1.5x"},"classes":[]},{"id":1673,"url":"https:\/\/blog.sub.uni-hamburg.de\/?p=1673","url_meta":{"origin":6463,"position":3},"title":"Karger vielleicht als wo anders &#8211; Literatur und literarisches Leben in Hamburg 1919-1933 (1.4.-30.5.)","author":"BP","date":"18-03-10","format":false,"excerpt":"Die Ausstellung widmet sich der historischen Literaturtopographie der Hansestadt und behandelt die vielseitige literarische Szene in den 1920er Jahren. Unterschiedliche Richtungen werden vorgestellt, die die \u00e4sthetische und politische Entwicklung der Weimarer Republik widerspiegeln: Expressionismus, gem\u00e4\u00dfigte Avantgarde, niederdeutsche, v\u00f6lkische und sozialistische Literatur. Gezeigt werden Dokumente und Werke so unterschiedlicher Autoren wie\u2026","rel":"","context":"In &quot;Ausstellungen und Veranstaltungen&quot;","block_context":{"text":"Ausstellungen und Veranstaltungen","link":"https:\/\/blog.sub.uni-hamburg.de\/?cat=9"},"img":{"alt_text":"Logo Himmel auf Zeit","src":"https:\/\/i0.wp.com\/blog.sub.uni-hamburg.de\/wp-content\/uploads\/2010\/03\/Logo_HimmelaufZeit_klein.jpg?resize=350%2C200&ssl=1","width":350,"height":200},"classes":[]},{"id":4344,"url":"https:\/\/blog.sub.uni-hamburg.de\/?p=4344","url_meta":{"origin":6463,"position":4},"title":"&#8220;Exponat des Monats&#8221; M\u00e4rz: eine Trauermusik auf Kaiser Karl VII. (16.3.)","author":"MG","date":"01-03-11","format":false,"excerpt":"Aus den Sondersammlungen: Exponat des Monats Hamburgs Klage \u00fcber das Ableben Ihro R\u00f6misch-Kayserlichen Majest\u00e4t Carls des Siebenden Am 14. M\u00e4rz 1745 erklang auf Anordnung des Hamburger Senats in den Vormittagsgottesdiensten aller f\u00fcnf Hauptkirchen eine Trauermusik auf den Tod des am 20. Januar verstorbenen Kaisers Karl VII., Herrscher des Heiligen R\u00f6mischen\u2026","rel":"","context":"In &quot;Ausstellungen und Veranstaltungen&quot;","block_context":{"text":"Ausstellungen und Veranstaltungen","link":"https:\/\/blog.sub.uni-hamburg.de\/?cat=9"},"img":{"alt_text":"Sondersammlungen: Exponat des Monats","src":"https:\/\/i0.wp.com\/blog.sub.uni-hamburg.de\/wp-content\/uploads\/2010\/12\/exponatdm-120.jpg?resize=350%2C200&ssl=1","width":350,"height":200},"classes":[]},{"id":32296,"url":"https:\/\/blog.sub.uni-hamburg.de\/?p=32296","url_meta":{"origin":6463,"position":5},"title":"Stabi restituiert gemeinsam mit der ZB Recht NS-Raubgut an die Friedrich-Ebert-Stiftung","author":"Redaktion","date":"18-11-21","format":false,"excerpt":"Von der Arbeitsstelle Provenienzforschung. Am 17. November 2021 hat die Stabi zusammen mit der Zentralbibliothek Recht \u00fcber 100 B\u00fccher, Briefe und Materialien zu Otto von Bismarck an die Friedrich-Ebert-Stiftung e.V. restituiert. Die Unterzeichnung der Restitutionsvereinbarung und die \u00dcbergabe der Sammlung fanden in Gegenwart einer Vertreterin der FES und einiger geladener\u2026","rel":"","context":"In &quot;Aktuelles&quot;","block_context":{"text":"Aktuelles","link":"https:\/\/blog.sub.uni-hamburg.de\/?cat=1"},"img":{"alt_text":"Stabi-Direktor Prof. Robert Zepf und Regine Schoch von der FES mit der Restitutionsvereinbarung","src":"https:\/\/i0.wp.com\/blog.sub.uni-hamburg.de\/wp-content\/uploads\/2021\/11\/res-fes-IMG-3650.jpg?resize=350%2C200&ssl=1","width":350,"height":200,"srcset":"https:\/\/i0.wp.com\/blog.sub.uni-hamburg.de\/wp-content\/uploads\/2021\/11\/res-fes-IMG-3650.jpg?resize=350%2C200&ssl=1 1x, https:\/\/i0.wp.com\/blog.sub.uni-hamburg.de\/wp-content\/uploads\/2021\/11\/res-fes-IMG-3650.jpg?resize=525%2C300&ssl=1 1.5x"},"classes":[]}],"jetpack_sharing_enabled":true,"_links":{"self":[{"href":"https:\/\/blog.sub.uni-hamburg.de\/index.php?rest_route=\/wp\/v2\/posts\/6463","targetHints":{"allow":["GET"]}}],"collection":[{"href":"https:\/\/blog.sub.uni-hamburg.de\/index.php?rest_route=\/wp\/v2\/posts"}],"about":[{"href":"https:\/\/blog.sub.uni-hamburg.de\/index.php?rest_route=\/wp\/v2\/types\/post"}],"author":[{"embeddable":true,"href":"https:\/\/blog.sub.uni-hamburg.de\/index.php?rest_route=\/wp\/v2\/users\/19"}],"replies":[{"embeddable":true,"href":"https:\/\/blog.sub.uni-hamburg.de\/index.php?rest_route=%2Fwp%2Fv2%2Fcomments&post=6463"}],"version-history":[{"count":16,"href":"https:\/\/blog.sub.uni-hamburg.de\/index.php?rest_route=\/wp\/v2\/posts\/6463\/revisions"}],"predecessor-version":[{"id":32796,"href":"https:\/\/blog.sub.uni-hamburg.de\/index.php?rest_route=\/wp\/v2\/posts\/6463\/revisions\/32796"}],"wp:attachment":[{"href":"https:\/\/blog.sub.uni-hamburg.de\/index.php?rest_route=%2Fwp%2Fv2%2Fmedia&parent=6463"}],"wp:term":[{"taxonomy":"category","embeddable":true,"href":"https:\/\/blog.sub.uni-hamburg.de\/index.php?rest_route=%2Fwp%2Fv2%2Fcategories&post=6463"},{"taxonomy":"post_tag","embeddable":true,"href":"https:\/\/blog.sub.uni-hamburg.de\/index.php?rest_route=%2Fwp%2Fv2%2Ftags&post=6463"}],"curies":[{"name":"wp","href":"https:\/\/api.w.org\/{rel}","templated":true}]}}