{"id":6423,"date":"2011-11-23T20:15:03","date_gmt":"2011-11-23T19:15:03","guid":{"rendered":"http:\/\/www.sub.uni-hamburg.de\/blog\/?p=6423"},"modified":"2016-08-24T17:20:32","modified_gmt":"2016-08-24T15:20:32","slug":"ndr-berichtet-uber-ruckgabe-von-ns-raubgut","status":"publish","type":"post","link":"https:\/\/blog.sub.uni-hamburg.de\/?p=6423","title":{"rendered":"NDR berichtet \u00fcber R\u00fcckgabe von NS-Raubgut"},"content":{"rendered":"<p><a href=\"http:\/\/www.ndr.de\/fernsehen\/sendungen\/hamburg_journal\/media\/hamj14883.html\"><img loading=\"lazy\" decoding=\"async\" src=\"https:\/\/blog.sub.uni-hamburg.de\/wp-content\/uploads\/2011\/11\/nsraub-ndr-11-2011.jpg\" alt=\"\" title=\"Hamburg-Journal, Beitrag vom 23.11.2011: &#039;Die unausleihbaren B\u00fccher&#039;\" width=\"550\" height=\"419\" style=\"float: none;\"  \/><\/a><\/p>\n<blockquote><p>In der Universit\u00e4tsbibliothek Hamburg lagern B\u00fccher, die dort eigentlich nicht hingeh\u00f6ren. Die Gestapo &#8220;schenkte&#8221; dieses &#8220;Raubgut&#8221; vor vielen Jahrzehnten der Bibliothek.<\/p><\/blockquote>\n<p>Im <a href=\"http:\/\/www.ndr.de\/fernsehen\/sendungen\/hamburg_journal\/index.html\">Hamburg Journal<\/a> war gerade eben ein Beitrag von Ralph Baudach \u00fcber das <a href=\"https:\/\/blog.sub.uni-hamburg.de\/?p=6313\">Projekt NS-Raubgut<\/a> zu sehen, das wir Ihnen k\u00fcrzlich hier im Blog vorgestellt hatten. Sie k\u00f6nnen den kurzen Filmbeitrag \u00abDie unausleihbaren B\u00fccher\u00bb (2 Min. 36 Sek.), in dem unser Mitarbeiter, der Historiker Volker Cirsovius-Ratzlaff, Einblick in dieses wichtige Arbeitsgebiet gibt, eine Woche lang in der <a href=\"http:\/\/www.ndr.de\/fernsehen\/sendungen\/hamburg_journal\/media\/hamj14883.html\">NDR-Mediathek<\/a> nachschauen.<\/p>\n","protected":false},"excerpt":{"rendered":"<p>In der Universit\u00e4tsbibliothek Hamburg lagern B\u00fccher, die dort eigentlich nicht hingeh\u00f6ren. Die Gestapo &#8220;schenkte&#8221; dieses &#8220;Raubgut&#8221; vor vielen Jahrzehnten der Bibliothek. Im Hamburg Journal war gerade eben ein Beitrag von Ralph Baudach \u00fcber das Projekt NS-Raubgut zu sehen, das wir Ihnen k\u00fcrzlich hier im Blog vorgestellt hatten. Sie k\u00f6nnen den kurzen Filmbeitrag \u00abDie unausleihbaren B\u00fccher\u00bb [&hellip;]<\/p>\n","protected":false},"author":19,"featured_media":0,"comment_status":"open","ping_status":"open","sticky":false,"template":"","format":"standard","meta":{"jetpack_post_was_ever_published":false,"_jetpack_newsletter_access":"","_jetpack_dont_email_post_to_subs":false,"_jetpack_newsletter_tier_id":0,"_jetpack_memberships_contains_paywalled_content":false,"_jetpack_memberships_contains_paid_content":false,"footnotes":"","jetpack_publicize_message":"","jetpack_publicize_feature_enabled":true,"jetpack_social_post_already_shared":false,"jetpack_social_options":{"image_generator_settings":{"template":"highway","default_image_id":0,"font":"","enabled":false},"version":2}},"categories":[14],"tags":[102],"class_list":["post-6423","post","type-post","status-publish","format-standard","hentry","category-medienecho","tag-nsraubgut"],"views":9745,"jetpack_publicize_connections":[],"jetpack_featured_media_url":"","jetpack_shortlink":"https:\/\/wp.me\/p7hfNR-1FB","jetpack-related-posts":[{"id":31696,"url":"https:\/\/blog.sub.uni-hamburg.de\/?p=31696","url_meta":{"origin":6423,"position":0},"title":"Studentische Hilfskraft f\u00fcr die Arbeitsstelle Provenienzforschung \u2013 NS-Raubgut","author":"Markus Trapp","date":"06-08-21","format":false,"excerpt":"In der Staats- und Universit\u00e4tsbibliothek Hamburg wird zum 01.11.2021 gesucht: Studentische Hilfskraft (20 Std.\/Monat, 10,91\u20ac\/Std.) zur Mitarbeit im Team der Arbeitsstelle Provenienzforschung \u2013 NS-Raubgut. Auf den verschiedensten Wegen, z.B. \u00fcber die Gestapo Hamburg, gelangten in der Zeit von 1933 - 1945 B\u00fccher, aber auch andere Sammlungsobjekte von Verfolgten des Naziregimes\u2026","rel":"","context":"In &quot;Aktuelles&quot;","block_context":{"text":"Aktuelles","link":"https:\/\/blog.sub.uni-hamburg.de\/?cat=1"},"img":{"alt_text":"Logo Stabi Hamburg","src":"https:\/\/i0.wp.com\/blog.sub.uni-hamburg.de\/wp-content\/uploads\/2014\/07\/stabilogo-150.jpg?resize=350%2C200&ssl=1","width":350,"height":200},"classes":[]},{"id":7373,"url":"https:\/\/blog.sub.uni-hamburg.de\/?p=7373","url_meta":{"origin":6423,"position":1},"title":"Ausstellung NS-Raubgut (15.5. &#8211; 1.7.)","author":"Markus Trapp","date":"19-04-12","format":false,"excerpt":"\u201eIm Ganzen sehr erw\u00fcnscht ...\u201c NS-Raubgut in der Staats- und Universit\u00e4tsbibliothek Hamburg Carl von Ossietzky Das NS-Regime entzog in den Jahren 1933 \u2013 1945 B\u00fcrgern und Organisationen aus unterschiedlichen Gr\u00fcnden die Lebensgrundlage. Sie verloren ihr Verm\u00f6gen durch Beschlagnahmungen, Zwangsverk\u00e4ufe oder auf andere Weise, weil ihre Rasse, ihre politische Meinung, ihre\u2026","rel":"","context":"In &quot;Ausstellungen und Veranstaltungen&quot;","block_context":{"text":"Ausstellungen und Veranstaltungen","link":"https:\/\/blog.sub.uni-hamburg.de\/?cat=9"},"img":{"alt_text":"Ausstellung NS-Raubgut (15.5. - 1.7.)","src":"https:\/\/i0.wp.com\/blog.sub.uni-hamburg.de\/wp-content\/uploads\/2012\/03\/12-NSraubgut-plakat350.jpg?resize=350%2C200&ssl=1","width":350,"height":200},"classes":[]},{"id":23201,"url":"https:\/\/blog.sub.uni-hamburg.de\/?p=23201","url_meta":{"origin":6423,"position":2},"title":"\u201eSch\u00e4dlich und unerw\u00fcnscht\u201c \u2013 Verbotene Literatur und NS-Raubgut in der Staats- und Universit\u00e4tsbibliothek Hamburg Carl von Ossietzky (8.09. bis 22.10.)","author":"Markus Trapp","date":"10-08-17","format":false,"excerpt":"Mit dem Beginn der nationalsozialistischen Herrschaft in Deutschland setzte im Fr\u00fchjahr 1933 auch die Zensur von Literatur ein, wenige Wochen danach brannten B\u00fccher; schon vor der \u201eMachtergreifung\u201c waren schwarze Listen vorbereitet worden. Nun wurden Bibliotheken von politisch missliebigen Organisationen beschlagnahmt, Autoren verhaftet und verfolgt, ihre Werke verboten. Viele von ihnen\u2026","rel":"","context":"In &quot;Ausstellungen und Veranstaltungen&quot;","block_context":{"text":"Ausstellungen und Veranstaltungen","link":"https:\/\/blog.sub.uni-hamburg.de\/?cat=9"},"img":{"alt_text":"","src":"https:\/\/i0.wp.com\/blog.sub.uni-hamburg.de\/wp-content\/uploads\/2017\/08\/as-nsraubgut.jpg?resize=350%2C200&ssl=1","width":350,"height":200},"classes":[]},{"id":29702,"url":"https:\/\/blog.sub.uni-hamburg.de\/?p=29702","url_meta":{"origin":6423,"position":3},"title":"Start der zweiten Phase des Projekts \u201eNS-Raubgut in den Sondersammlungen\u201c","author":"Redaktion","date":"29-07-20","format":false,"excerpt":"Von Anneke de Rudder. Gute Neuigkeiten f\u00fcr die Stabi: Das Forschungsprojekt zu NS-Raubgut in den Sondersammlungen der Bibliothek startet am 1. August 2020 in seine zweite Projektphase! Das Deutsche Zentrum Kulturgutverluste hat im Fr\u00fchjahr den Antrag der Bibliothek bewilligt, die Provenienzforschung zu Manuskripten, Portr\u00e4ts, seltenen B\u00fcchern und anderen Sondermaterialien bis\u2026","rel":"","context":"In &quot;Aktuelles&quot;","block_context":{"text":"Aktuelles","link":"https:\/\/blog.sub.uni-hamburg.de\/?cat=1"},"img":{"alt_text":"","src":"https:\/\/i0.wp.com\/blog.sub.uni-hamburg.de\/wp-content\/uploads\/2020\/07\/DZK_Logo_farbe_rand.jpg?resize=350%2C200&ssl=1","width":350,"height":200},"classes":[]},{"id":39950,"url":"https:\/\/blog.sub.uni-hamburg.de\/?p=39950","url_meta":{"origin":6423,"position":4},"title":"Zum Tag der Provenienzforschung 2025: \u201eBemerkenswerte Erwerbungen und Vorg\u00e4nge\u201c &#8211; Zur Suche nach NS-Raubgut in den Sondersammlungen (7.4.)","author":"Markus Trapp","date":"28-03-25","format":false,"excerpt":"Vortrag von Anneke de Rudder, Montag, 7.4., 14 Uhr, Vortragsraum. Im letzten Jahr konnte an der Arbeitsstelle Provenienzforschung \u2013 NS-Raubgut der Staats- und Universit\u00e4tsbibliothek ein gr\u00f6\u00dferes Drittmittel-Projekt abgeschlossen werden: Von 2018 bis 2024 f\u00f6rderte das Deutsche Zentrum Kulturgutverluste unsere Recherchen zu NS-Raubgut in den Sondersammlungen. Aus Anlass des diesj\u00e4hrigen Tages\u2026","rel":"","context":"In &quot;Ausstellungen und Veranstaltungen&quot;","block_context":{"text":"Ausstellungen und Veranstaltungen","link":"https:\/\/blog.sub.uni-hamburg.de\/?cat=9"},"img":{"alt_text":"","src":"https:\/\/i0.wp.com\/blog.sub.uni-hamburg.de\/wp-content\/uploads\/2025\/04\/startfolie-tdpf2025.jpg?resize=350%2C200&ssl=1","width":350,"height":200,"srcset":"https:\/\/i0.wp.com\/blog.sub.uni-hamburg.de\/wp-content\/uploads\/2025\/04\/startfolie-tdpf2025.jpg?resize=350%2C200&ssl=1 1x, https:\/\/i0.wp.com\/blog.sub.uni-hamburg.de\/wp-content\/uploads\/2025\/04\/startfolie-tdpf2025.jpg?resize=525%2C300&ssl=1 1.5x"},"classes":[]},{"id":1343,"url":"https:\/\/blog.sub.uni-hamburg.de\/?p=1343","url_meta":{"origin":6423,"position":5},"title":"Stabi-Ausstellung zu NS-Raubgut jetzt in Hamburgs Staatsarchiv zu sehen","author":"MG","date":"16-07-09","format":false,"excerpt":"Wer die Ausstellung \"Geraubte B\u00fccher - NS-Raubgut in der Staats- und Universit\u00e4tsbibliothek Hamburg Carl von Ossietzky\" verpasst hat, kann sie nun vom 20.7.2009 \u00a0bis zum 28.8.2009 im Eingangsbereich des Staatsarchivs sehen. Die Ausstellung zeigt das Schicksal von Marie May Reiss und ihrer Familie anhand von\u00a0 4 B\u00fcchern, die als sogenanntes\u2026","rel":"","context":"In &quot;Ausstellungen und Veranstaltungen&quot;","block_context":{"text":"Ausstellungen und Veranstaltungen","link":"https:\/\/blog.sub.uni-hamburg.de\/?cat=9"},"img":{"alt_text":"","src":"","width":0,"height":0},"classes":[]}],"jetpack_sharing_enabled":true,"_links":{"self":[{"href":"https:\/\/blog.sub.uni-hamburg.de\/index.php?rest_route=\/wp\/v2\/posts\/6423","targetHints":{"allow":["GET"]}}],"collection":[{"href":"https:\/\/blog.sub.uni-hamburg.de\/index.php?rest_route=\/wp\/v2\/posts"}],"about":[{"href":"https:\/\/blog.sub.uni-hamburg.de\/index.php?rest_route=\/wp\/v2\/types\/post"}],"author":[{"embeddable":true,"href":"https:\/\/blog.sub.uni-hamburg.de\/index.php?rest_route=\/wp\/v2\/users\/19"}],"replies":[{"embeddable":true,"href":"https:\/\/blog.sub.uni-hamburg.de\/index.php?rest_route=%2Fwp%2Fv2%2Fcomments&post=6423"}],"version-history":[{"count":4,"href":"https:\/\/blog.sub.uni-hamburg.de\/index.php?rest_route=\/wp\/v2\/posts\/6423\/revisions"}],"predecessor-version":[{"id":6490,"href":"https:\/\/blog.sub.uni-hamburg.de\/index.php?rest_route=\/wp\/v2\/posts\/6423\/revisions\/6490"}],"wp:attachment":[{"href":"https:\/\/blog.sub.uni-hamburg.de\/index.php?rest_route=%2Fwp%2Fv2%2Fmedia&parent=6423"}],"wp:term":[{"taxonomy":"category","embeddable":true,"href":"https:\/\/blog.sub.uni-hamburg.de\/index.php?rest_route=%2Fwp%2Fv2%2Fcategories&post=6423"},{"taxonomy":"post_tag","embeddable":true,"href":"https:\/\/blog.sub.uni-hamburg.de\/index.php?rest_route=%2Fwp%2Fv2%2Ftags&post=6423"}],"curies":[{"name":"wp","href":"https:\/\/api.w.org\/{rel}","templated":true}]}}