{"id":634,"date":"2007-07-16T22:10:24","date_gmt":"2007-07-16T20:10:24","guid":{"rendered":"http:\/\/www.sub.uni-hamburg.de\/blog\/?p=634"},"modified":"2007-07-16T22:10:24","modified_gmt":"2007-07-16T20:10:24","slug":"adventure-meets-librarian","status":"publish","type":"post","link":"https:\/\/blog.sub.uni-hamburg.de\/?p=634","title":{"rendered":"Adventure meets librarian"},"content":{"rendered":"<p>Ja, da liefen sie wieder: die beiden vorbildlichen Beispiele amerikanischer Filmkunst, die sich nicht scheuen, eine Bibliothekarin und einen Bibliothekar mit den abenteuergesch\u00fcttelten Hauptrollen zu adeln. K\u00fcrzlich im TV &#8220;<a href=\"http:\/\/german.imdb.com\/title\/tt0120616\/\">Die Mumie<\/a>&#8221; (ein wiederkehrendes Sommer-Special? &#8211; bereits im August 2006 erw\u00e4hnten wir sie im <a href=\"https:\/\/blog.sub.uni-hamburg.de\/?p=241\">Weblog<\/a>) und letzten Sonntag just &#8220;<a href=\"http:\/\/german.imdb.com\/title\/tt0412915\/\">The Quest<\/a>&#8221; (zur besten Sendezeit versteht sich!). Und wie schon die Mumie schm\u00fcckt sich auch dieser Film mit einem Zitat, das seinesgleichen sucht:<\/p>\n<p><em>Er: \u201eAch, was wei\u00df ich. Vielleicht bin ich gar nicht so schlau, wie ich dachte!\u201c<br \/>\nDie Heldin ohrfeigt ihn: \u201eNiemand redet so \u00fcber den Bibliothekar. Auch nicht der Bibliothekar selbst.\u201c<br \/>\n<\/em><br \/>\nSch\u00f6n zu wissen, wenn jemand an einen glaubt.<\/p>\n","protected":false},"excerpt":{"rendered":"<p>Ja, da liefen sie wieder: die beiden vorbildlichen Beispiele amerikanischer Filmkunst, die sich nicht scheuen, eine Bibliothekarin und einen Bibliothekar mit den abenteuergesch\u00fcttelten Hauptrollen zu adeln. K\u00fcrzlich im TV &#8220;Die Mumie&#8221; (ein wiederkehrendes Sommer-Special? &#8211; bereits im August 2006 erw\u00e4hnten wir sie im Weblog) und letzten Sonntag just &#8220;The Quest&#8221; (zur besten Sendezeit versteht sich!). [&hellip;]<\/p>\n","protected":false},"author":6,"featured_media":0,"comment_status":"open","ping_status":"open","sticky":false,"template":"","format":"standard","meta":{"jetpack_post_was_ever_published":false,"_jetpack_newsletter_access":"","_jetpack_dont_email_post_to_subs":false,"_jetpack_newsletter_tier_id":0,"_jetpack_memberships_contains_paywalled_content":false,"_jetpack_memberships_contains_paid_content":false,"footnotes":"","jetpack_publicize_message":"","jetpack_publicize_feature_enabled":true,"jetpack_social_post_already_shared":false,"jetpack_social_options":{"image_generator_settings":{"template":"highway","default_image_id":0,"font":"","enabled":false},"version":2}},"categories":[18],"tags":[],"class_list":["post-634","post","type-post","status-publish","format-standard","hentry","category-aufgelesen"],"views":4062,"jetpack_publicize_connections":[],"jetpack_featured_media_url":"","jetpack_shortlink":"https:\/\/wp.me\/p7hfNR-ae","jetpack-related-posts":[{"id":241,"url":"https:\/\/blog.sub.uni-hamburg.de\/?p=241","url_meta":{"origin":634,"position":0},"title":"Wie im wahren Leben","author":"ST","date":"06-09-06","format":false,"excerpt":"Die Stabi zweimal als Schauplatz im TV-Krimi: Stubbe - Von Fall zu Fall. Die Dreharbeiten f\u00fcr Folge 30 + 31 fanden k\u00fcrzlich an 2 Tagen statt - w\u00e4hrend der \u00d6ffnungszeiten und bei vollem Betrieb. Eine echte Bew\u00e4hrungsprobe f\u00fcr MitarbeiterInnen und Bibliothekspublikum, die aber alle mit Gelassenheit bestanden (s.a. Blog vom\u2026","rel":"","context":"In &quot;Aufgelesen&quot;","block_context":{"text":"Aufgelesen","link":"https:\/\/blog.sub.uni-hamburg.de\/?cat=18"},"img":{"alt_text":"","src":"","width":0,"height":0},"classes":[]},{"id":5393,"url":"https:\/\/blog.sub.uni-hamburg.de\/?p=5393","url_meta":{"origin":634,"position":1},"title":"Bibliothekartag 2012 in Hamburg","author":"Markus Trapp","date":"05-07-11","format":false,"excerpt":"http:\/\/www.youtube.com\/embed\/gZS2OvN0mZ0 Bibliotheken sind Tore zur Welt des Wissens. Die Hamburger Bibliotheken laden Sie jetzt schon ein, sich ein Bild des kommenden Bibliothekartages zu machen. Vom 22. - 25. Mai 2012 findet der 101. Bibliothekartag in Hamburg statt. Sehen Sie selbst, was die beteiligten Bibliotheken, die Hansestadt und ihre Menschen zu\u2026","rel":"","context":"In &quot;Aktuelles&quot;","block_context":{"text":"Aktuelles","link":"https:\/\/blog.sub.uni-hamburg.de\/?cat=1"},"img":{"alt_text":"","src":"","width":0,"height":0},"classes":[]},{"id":8056,"url":"https:\/\/blog.sub.uni-hamburg.de\/?p=8056","url_meta":{"origin":634,"position":2},"title":"Bibliothekartag 2012 in Hamburg mit Rekordteilnahme","author":"Markus Trapp","date":"25-05-12","format":false,"excerpt":"Gestern ver\u00f6ffentlichte BIT Online KONGRESS NEWS ein Interview mit unserer Kollegin Ulrike Lang vom Ortskomitee Hamburg, um ein Zwischenfazit zum heute zu Ende gehenden 101. Bibliothekartag in Hamburg zu ziehen: Der Bibliothekartag in Hamburg ist ja nun in vollem Gange, die Massen str\u00f6men durch die Hallen, die Aussteller werden umlagert,\u2026","rel":"","context":"In &quot;Aktuelles&quot;","block_context":{"text":"Aktuelles","link":"https:\/\/blog.sub.uni-hamburg.de\/?cat=1"},"img":{"alt_text":"Bibliothekartag 2012 in Hamburg","src":"https:\/\/i0.wp.com\/blog.sub.uni-hamburg.de\/wp-content\/uploads\/2012\/05\/cch-kl.jpg?resize=350%2C200&ssl=1","width":350,"height":200},"classes":[]},{"id":891,"url":"https:\/\/blog.sub.uni-hamburg.de\/?p=891","url_meta":{"origin":634,"position":3},"title":"Mikrofilmarchiv der deutschsprachigen Presse e.V. : Mitgliederversammlung und Fachtagung in der Stabi (6.\/7.3.2008)","author":"UH","date":"04-03-08","format":false,"excerpt":"Das Mikrofilmarchiv (MFA) veranlasst die Sicherung vor allem von Tageszeitungen durch Mikroverfilmung und bietet den Kauf von Arbeitskopien dieser Mikrofilme an. Das MFA fungiert gleichsam als Clearingstelle f\u00fcr alle Einrichtungen, die Zeitungen oder Zeitschriften verfilmen lassen. Es gibt seit 1999 j\u00e4hrlich die \"Zeitungs-Mikrofilm-Nachrichten\" (Stabi: y\/12229) heraus. Die Gesch\u00e4ftsstelle des MFA\u2026","rel":"","context":"In &quot;Ausstellungen und Veranstaltungen&quot;","block_context":{"text":"Ausstellungen und Veranstaltungen","link":"https:\/\/blog.sub.uni-hamburg.de\/?cat=9"},"img":{"alt_text":"","src":"","width":0,"height":0},"classes":[]},{"id":16943,"url":"https:\/\/blog.sub.uni-hamburg.de\/?p=16943","url_meta":{"origin":634,"position":4},"title":"Susanne Dirkwinkel: Bibliothekarin und Seekartenexpertin","author":"Markus Trapp","date":"12-01-15","format":false,"excerpt":"\u00a0 Ich bin Bibliothekarin, und ich segle. sagt Susanne Dirkwinkel. In der Reihe \u00abWas machen die da?\u00bb stellen Isabel Bogdan und Maximilian Buddenbohm Menschen vor, deren Wirken ihnen im Netz aufgefallen ist und von denen sie wissen m\u00f6chten, was die da machen, wo sie wirken. In der heutigen Folge wird\u2026","rel":"","context":"In &quot;Aufgelesen&quot;","block_context":{"text":"Aufgelesen","link":"https:\/\/blog.sub.uni-hamburg.de\/?cat=18"},"img":{"alt_text":"Foto: Maximilian Buddenbohm, Diplom-Bibliothekar.","src":"https:\/\/i0.wp.com\/blog.sub.uni-hamburg.de\/wp-content\/uploads\/2015\/01\/seekarte-wmdd.jpg?resize=350%2C200&ssl=1","width":350,"height":200,"srcset":"https:\/\/i0.wp.com\/blog.sub.uni-hamburg.de\/wp-content\/uploads\/2015\/01\/seekarte-wmdd.jpg?resize=350%2C200&ssl=1 1x, https:\/\/i0.wp.com\/blog.sub.uni-hamburg.de\/wp-content\/uploads\/2015\/01\/seekarte-wmdd.jpg?resize=525%2C300&ssl=1 1.5x"},"classes":[]},{"id":27281,"url":"https:\/\/blog.sub.uni-hamburg.de\/?p=27281","url_meta":{"origin":634,"position":5},"title":"Stellenausschreibung: Bibliothekar (m\/w\/d) f\u00fcr Daten- und Qualit\u00e4tsmanagement (E9)","author":"Markus Trapp","date":"03-06-19","format":false,"excerpt":"Die Staats- und Universit\u00e4tsbibliothek Hamburg Carl von Ossietzky sucht schnellstm\u00f6glich eine\/n Bibliothekar (m\/w\/d) f\u00fcr Daten- und Qualit\u00e4tsmanagement im Rahmen des DFG-Projektes \"Digitalisierung von historischen Zeitungen des deutschen Sprachraums\" Die Stelle ist: befristet f\u00fcr 31 Monate. Vollzeit auch teilzeitgeeignet. ohne F\u00fchrungsfunktion. Stellennummer: 187932 Die Ausschreibung richtet sich an: Alle Interessierten Entgelt-\/Besoldungsgruppe:\u2026","rel":"","context":"In &quot;Aktuelles&quot;","block_context":{"text":"Aktuelles","link":"https:\/\/blog.sub.uni-hamburg.de\/?cat=1"},"img":{"alt_text":"Logo Stabi Hamburg","src":"https:\/\/i0.wp.com\/blog.sub.uni-hamburg.de\/wp-content\/uploads\/2014\/07\/stabilogo-150.jpg?resize=350%2C200&ssl=1","width":350,"height":200},"classes":[]}],"jetpack_sharing_enabled":true,"_links":{"self":[{"href":"https:\/\/blog.sub.uni-hamburg.de\/index.php?rest_route=\/wp\/v2\/posts\/634","targetHints":{"allow":["GET"]}}],"collection":[{"href":"https:\/\/blog.sub.uni-hamburg.de\/index.php?rest_route=\/wp\/v2\/posts"}],"about":[{"href":"https:\/\/blog.sub.uni-hamburg.de\/index.php?rest_route=\/wp\/v2\/types\/post"}],"author":[{"embeddable":true,"href":"https:\/\/blog.sub.uni-hamburg.de\/index.php?rest_route=\/wp\/v2\/users\/6"}],"replies":[{"embeddable":true,"href":"https:\/\/blog.sub.uni-hamburg.de\/index.php?rest_route=%2Fwp%2Fv2%2Fcomments&post=634"}],"version-history":[{"count":0,"href":"https:\/\/blog.sub.uni-hamburg.de\/index.php?rest_route=\/wp\/v2\/posts\/634\/revisions"}],"wp:attachment":[{"href":"https:\/\/blog.sub.uni-hamburg.de\/index.php?rest_route=%2Fwp%2Fv2%2Fmedia&parent=634"}],"wp:term":[{"taxonomy":"category","embeddable":true,"href":"https:\/\/blog.sub.uni-hamburg.de\/index.php?rest_route=%2Fwp%2Fv2%2Fcategories&post=634"},{"taxonomy":"post_tag","embeddable":true,"href":"https:\/\/blog.sub.uni-hamburg.de\/index.php?rest_route=%2Fwp%2Fv2%2Ftags&post=634"}],"curies":[{"name":"wp","href":"https:\/\/api.w.org\/{rel}","templated":true}]}}