{"id":62,"date":"2006-01-05T09:08:29","date_gmt":"2006-01-05T08:08:29","guid":{"rendered":"http:\/\/beach17.sub.uni-hamburg.de\/blog\/?p=62"},"modified":"2011-08-30T11:55:13","modified_gmt":"2011-08-30T09:55:13","slug":"mozart-und-hamburg","status":"publish","type":"post","link":"https:\/\/blog.sub.uni-hamburg.de\/?p=62","title":{"rendered":"Mozart und Hamburg"},"content":{"rendered":"<p>2006 ist Mozartjahr &#8211; auch bei uns in der Stabi. Unsere Ausstellung zu &#8220;Mozart und Hamburg&#8221; er\u00f6ffnet am 27. Januar und liefert eine Antwort auf die Frage: &#8220;Stammt die Champagner-Arie aus Hamburg?&#8221;<\/p>\n<p><img decoding=\"async\" src=\"http:\/\/www.sub.uni-hamburg.de\/onTEAM\/publish\/informationen\/aktuelles\/mozart.gif\" alt=\"Ausstellungsplakat Mozart\" \/><\/p>\n","protected":false},"excerpt":{"rendered":"<p>2006 ist Mozartjahr &#8211; auch bei uns in der Stabi. Unsere Ausstellung zu &#8220;Mozart und Hamburg&#8221; er\u00f6ffnet am 27. Januar und liefert eine Antwort auf die Frage: &#8220;Stammt die Champagner-Arie aus Hamburg?&#8221;<\/p>\n","protected":false},"author":3,"featured_media":0,"comment_status":"open","ping_status":"closed","sticky":false,"template":"","format":"standard","meta":{"jetpack_post_was_ever_published":false,"_jetpack_newsletter_access":"","_jetpack_dont_email_post_to_subs":false,"_jetpack_newsletter_tier_id":0,"_jetpack_memberships_contains_paywalled_content":false,"_jetpack_memberships_contains_paid_content":false,"footnotes":"","jetpack_publicize_message":"","jetpack_publicize_feature_enabled":true,"jetpack_social_post_already_shared":false,"jetpack_social_options":{"image_generator_settings":{"template":"highway","default_image_id":0,"font":"","enabled":false},"version":2}},"categories":[9],"tags":[],"class_list":["post-62","post","type-post","status-publish","format-standard","hentry","category-ausstellungen"],"views":5159,"jetpack_publicize_connections":[],"jetpack_featured_media_url":"","jetpack_shortlink":"https:\/\/wp.me\/p7hfNR-10","jetpack-related-posts":[{"id":12828,"url":"https:\/\/blog.sub.uni-hamburg.de\/?p=12828","url_meta":{"origin":62,"position":0},"title":"Hamburger Mozartiana &#8211; Pr\u00e4sentation einer besonderen Schenkung (10.10.)","author":"Markus Trapp","date":"04-10-13","format":false,"excerpt":"Der langj\u00e4hrige Direktor eines Hamburger Musikverlags, J\u00fcrgen K\u00f6chel, zugleich passionierter Mozart-Sammler und Vorsitzender der Hamburger Mozart-Gesellschaft, hat einen wesentlichen Teil seiner bedeutenden Mozart-Sammlung, namentlich alle Noten, B\u00fccher, Bilder und Dokumente zum Thema Mozart und Hamburg, darunter zahlreiche Erst- und Fr\u00fchdrucke aus Hamburger Verlagen sowie einige Handschriften, der Staats- und Universit\u00e4tsbibliothek\u2026","rel":"","context":"In &quot;Ausstellungen und Veranstaltungen&quot;","block_context":{"text":"Ausstellungen und Veranstaltungen","link":"https:\/\/blog.sub.uni-hamburg.de\/?cat=9"},"img":{"alt_text":"Hamburger Mozartiana","src":"https:\/\/i0.wp.com\/blog.sub.uni-hamburg.de\/wp-content\/uploads\/2013\/10\/13-Mozartiana.jpg?resize=350%2C200&ssl=1","width":350,"height":200},"classes":[]},{"id":17743,"url":"https:\/\/blog.sub.uni-hamburg.de\/?p=17743","url_meta":{"origin":62,"position":1},"title":"Lichthof-Konzert Bell\u2018arte Salzburg: Mozarts Vorbilder (27.5.)","author":"Markus Trapp","date":"08-05-15","format":false,"excerpt":"Das Konzertprogramm stellt Kompositionen vor, die Wolfgang Amadeus Mozart besonders sch\u00e4tzte und selbst bearbeitete. Den jungen Mozart beeindruckte vor allem die galante Schreibweise der S\u00f6hne Johann Sebastian Bachs. Clavier-Sonaten von Johann Christian Bach arbeitete Mozart zu Konzerten f\u00fcr Cembalo und Streicher um, indem er sie instrumentierte und mit Kadenzen versah.\u2026","rel":"","context":"In &quot;Ausstellungen und Veranstaltungen&quot;","block_context":{"text":"Ausstellungen und Veranstaltungen","link":"https:\/\/blog.sub.uni-hamburg.de\/?cat=9"},"img":{"alt_text":"","src":"https:\/\/i0.wp.com\/blog.sub.uni-hamburg.de\/wp-content\/uploads\/2015\/05\/Plakat-MOZARTs-VORBILDER.jpg?resize=350%2C200&ssl=1","width":350,"height":200},"classes":[]},{"id":75,"url":"https:\/\/blog.sub.uni-hamburg.de\/?p=75","url_meta":{"origin":62,"position":2},"title":"Mozart in der Stabi","author":"AC","date":"02-02-06","format":false,"excerpt":"Unsere p\u00fcnktlich zu dessen 250. Geburtstag er\u00f6ffnete Mozart-Ausstellung erfreut sich gro\u00dfer Beliebtheit. Um die Exponate noch besser kennenzulernen, bieten wir ab sofort immer mittwochs um 17 Uhr eine F\u00fchrung durch die Ausstellung an. Au\u00dferdem kann man an unserer Kasse f\u00fcr 12 Euro einen reich bebilderten Katalog erwerben. Was die Presse\u2026","rel":"","context":"In &quot;Ausstellungen und Veranstaltungen&quot;","block_context":{"text":"Ausstellungen und Veranstaltungen","link":"https:\/\/blog.sub.uni-hamburg.de\/?cat=9"},"img":{"alt_text":"","src":"","width":0,"height":0},"classes":[]},{"id":6820,"url":"https:\/\/blog.sub.uni-hamburg.de\/?p=6820","url_meta":{"origin":62,"position":3},"title":"Neue Aktion: Patenbuch des Monats \u2013 Mozart-Manuskript","author":"Markus Trapp","date":"04-01-12","format":false,"excerpt":"Im Rahmen ihrer Aktion Edlen B\u00fcchern Pate stehen stellt die Stabi ab Januar 2012 unter der Rubrik \u201ePatenbuch des Monats\u201c regelm\u00e4\u00dfig ein interessantes Werk vor, das f\u00fcr seine Restaurierung auf einen Buchpaten wartet. Den Auftakt macht mit dem Mozart-Manuskript f\u00fcr das Schauspielhaus am G\u00e4nsemarkt ein Werk, das stellvertretend f\u00fcr die\u2026","rel":"","context":"In &quot;Sch\u00e4tze der Stabi&quot;","block_context":{"text":"Sch\u00e4tze der Stabi","link":"https:\/\/blog.sub.uni-hamburg.de\/?cat=13"},"img":{"alt_text":"Patenbuch des Monats","src":"https:\/\/i0.wp.com\/blog.sub.uni-hamburg.de\/wp-content\/uploads\/2011\/12\/patenbuch-des-monats-logo.jpg?resize=350%2C200&ssl=1","width":350,"height":200},"classes":[]},{"id":14488,"url":"https:\/\/blog.sub.uni-hamburg.de\/?p=14488","url_meta":{"origin":62,"position":4},"title":"Stabi befl\u00fcgelt:  \u201eKonzert der Fragen\u201c f\u00fcr Violoncello und Klavier (14.5.)","author":"Markus Trapp","date":"07-05-14","format":false,"excerpt":"Dieses Gespr\u00e4chskonzert beantwortet Fragen, die sich angesichts des musikalischen Programms aufdr\u00e4ngen: Bei Beethovens Variationen \u00fcber das Thema \u201eEin M\u00e4dchen oder Weibchen\u201c aus Mozarts Oper \u201eDie Zauberfl\u00f6te\u201c ist es reizvoll zu wissen, wie viel \u201eBeethoven\u201c im er\u00f6ffnenden Mozart-Thema steckt. Bei Schumanns F\u00fcnf St\u00fccken im Volkston fragt man sich: Was hei\u00dft hier\u2026","rel":"","context":"In &quot;Ausstellungen und Veranstaltungen&quot;","block_context":{"text":"Ausstellungen und Veranstaltungen","link":"https:\/\/blog.sub.uni-hamburg.de\/?cat=9"},"img":{"alt_text":"","src":"https:\/\/i0.wp.com\/blog.sub.uni-hamburg.de\/wp-content\/uploads\/2014\/05\/Stabi-befluegelt-Struck.jpg?resize=350%2C200&ssl=1","width":350,"height":200},"classes":[]},{"id":38339,"url":"https:\/\/blog.sub.uni-hamburg.de\/?p=38339","url_meta":{"origin":62,"position":5},"title":"Konzert: &#8220;Sing, unsterbliche Seele!&#8221;. Zum 300. Geburtstag F. G. Klopstocks (5.7.)","author":"Konstantin Ulmer","date":"21-06-24","format":false,"excerpt":"Freitag, 5.7., 19.30 Uhr, Lichthof. Zum 300. Geburtstag Friedrich Gottlieb Klopstocks (1724\u20131803) soll dessen Lebenswerk mit einem Liederabend gew\u00fcrdigt werden. Die Sopranistin Marcia Lemke-Kern geht mit ihrem Klopstock-Programm auf Spurensuche und pr\u00e4sentiert nicht nur die bekannten Klassiker von Schubert und Strauss, sondern auch Werke von Fanny Hensel sowie von der\u2026","rel":"","context":"In &quot;Ausstellungen und Veranstaltungen&quot;","block_context":{"text":"Ausstellungen und Veranstaltungen","link":"https:\/\/blog.sub.uni-hamburg.de\/?cat=9"},"img":{"alt_text":"Marcia Lemke-Kern","src":"https:\/\/i0.wp.com\/blog.sub.uni-hamburg.de\/wp-content\/uploads\/2024\/06\/Marcia-Lemke-Kern-191x300.jpg?resize=350%2C200&ssl=1","width":350,"height":200},"classes":[]}],"jetpack_sharing_enabled":true,"_links":{"self":[{"href":"https:\/\/blog.sub.uni-hamburg.de\/index.php?rest_route=\/wp\/v2\/posts\/62","targetHints":{"allow":["GET"]}}],"collection":[{"href":"https:\/\/blog.sub.uni-hamburg.de\/index.php?rest_route=\/wp\/v2\/posts"}],"about":[{"href":"https:\/\/blog.sub.uni-hamburg.de\/index.php?rest_route=\/wp\/v2\/types\/post"}],"author":[{"embeddable":true,"href":"https:\/\/blog.sub.uni-hamburg.de\/index.php?rest_route=\/wp\/v2\/users\/3"}],"replies":[{"embeddable":true,"href":"https:\/\/blog.sub.uni-hamburg.de\/index.php?rest_route=%2Fwp%2Fv2%2Fcomments&post=62"}],"version-history":[{"count":5,"href":"https:\/\/blog.sub.uni-hamburg.de\/index.php?rest_route=\/wp\/v2\/posts\/62\/revisions"}],"predecessor-version":[{"id":5696,"href":"https:\/\/blog.sub.uni-hamburg.de\/index.php?rest_route=\/wp\/v2\/posts\/62\/revisions\/5696"}],"wp:attachment":[{"href":"https:\/\/blog.sub.uni-hamburg.de\/index.php?rest_route=%2Fwp%2Fv2%2Fmedia&parent=62"}],"wp:term":[{"taxonomy":"category","embeddable":true,"href":"https:\/\/blog.sub.uni-hamburg.de\/index.php?rest_route=%2Fwp%2Fv2%2Fcategories&post=62"},{"taxonomy":"post_tag","embeddable":true,"href":"https:\/\/blog.sub.uni-hamburg.de\/index.php?rest_route=%2Fwp%2Fv2%2Ftags&post=62"}],"curies":[{"name":"wp","href":"https:\/\/api.w.org\/{rel}","templated":true}]}}