{"id":593,"date":"2007-06-22T13:34:57","date_gmt":"2007-06-22T11:34:57","guid":{"rendered":"http:\/\/www.sub.uni-hamburg.de\/blog\/?p=593"},"modified":"2007-06-23T13:24:40","modified_gmt":"2007-06-23T11:24:40","slug":"ein-medizinischer-blick-in-hamburgs-vergangenheit-96-318","status":"publish","type":"post","link":"https:\/\/blog.sub.uni-hamburg.de\/?p=593","title":{"rendered":"Ein medizinischer Blick in Hamburgs Vergangenheit (9.6.-31.8.)"},"content":{"rendered":"<p>Bis 31. August zeigt die <a href=\"http:\/\/www.sub.uni-hamburg.de\/informationen\/sondersammlungen\/arzt.html\">Bibliothek des \u00c4rztlichen Vereins<\/a> in der Galerie im 1. Stock des Stabi-Altbaus B\u00fccher aus ihrem Bestand zu verschiedenen Themen: zur Cholera, zu Hamburger Krankenh\u00e4usern und Medizinisches rund um den Hafen, Kuriosit\u00e4ten sowie in einer eigenen Vitrine die \u201eKupfer-Bibel\u201c von Joh. Jakob Scheuchzer, ein Versuch, Glauben und Wissenschaft unter einen Hut zu bringen. Au\u00dferdem werden Schautafeln zum Schicksal j\u00fcdischer Hamburger \u00c4rzte in der Zeit des Nationalsozialismus pr\u00e4sentiert.<\/p>\n","protected":false},"excerpt":{"rendered":"<p>Bis 31. August zeigt die Bibliothek des \u00c4rztlichen Vereins in der Galerie im 1. Stock des Stabi-Altbaus B\u00fccher aus ihrem Bestand zu verschiedenen Themen: zur Cholera, zu Hamburger Krankenh\u00e4usern und Medizinisches rund um den Hafen, Kuriosit\u00e4ten sowie in einer eigenen Vitrine die \u201eKupfer-Bibel\u201c von Joh. Jakob Scheuchzer, ein Versuch, Glauben und Wissenschaft unter einen Hut [&hellip;]<\/p>\n","protected":false},"author":5,"featured_media":0,"comment_status":"open","ping_status":"open","sticky":false,"template":"","format":"standard","meta":{"jetpack_post_was_ever_published":false,"_jetpack_newsletter_access":"","_jetpack_dont_email_post_to_subs":false,"_jetpack_newsletter_tier_id":0,"_jetpack_memberships_contains_paywalled_content":false,"_jetpack_memberships_contains_paid_content":false,"footnotes":"","jetpack_publicize_message":"","jetpack_publicize_feature_enabled":true,"jetpack_social_post_already_shared":false,"jetpack_social_options":{"image_generator_settings":{"template":"highway","default_image_id":0,"font":"","enabled":false},"version":2}},"categories":[9],"tags":[],"class_list":["post-593","post","type-post","status-publish","format-standard","hentry","category-ausstellungen"],"views":4327,"jetpack_publicize_connections":[],"jetpack_featured_media_url":"","jetpack_shortlink":"https:\/\/wp.me\/p7hfNR-9z","jetpack-related-posts":[{"id":9430,"url":"https:\/\/blog.sub.uni-hamburg.de\/?p=9430","url_meta":{"origin":593,"position":0},"title":"Medizinischer B\u00fccherflohmarkt in \u00c4rztlicher Zentralbibliothek (30.10.)","author":"Markus Trapp","date":"11-10-12","format":false,"excerpt":"Am Dienstag, den 30. Oktober 2012 verkauft die \u00c4rztliche Zentralbibliothek (AeZB) in der Zeit von 9 bis 22 Uhr B\u00fccher aus vielen Fachdisziplinen der Medizin (Spenden und mehrfach vorhandene B\u00fccher) sowie \u00e4ltere Auflagen von Lehrb\u00fcchern zu g\u00fcnstigen Preisen (ab 1 \u20ac). Der Erl\u00f6s aus dem B\u00fccherverkauf kommt vollst\u00e4ndig dem Erwerb\u2026","rel":"","context":"In &quot;Ausstellungen und Veranstaltungen&quot;","block_context":{"text":"Ausstellungen und Veranstaltungen","link":"https:\/\/blog.sub.uni-hamburg.de\/?cat=9"},"img":{"alt_text":"Medizinischer B\u00fccherflohmarkt in \u00c4rztlicher Zentralbibliothek","src":"https:\/\/i0.wp.com\/blog.sub.uni-hamburg.de\/wp-content\/uploads\/2012\/10\/flohmarkt-aerztlichezb.jpg?resize=350%2C200&ssl=1","width":350,"height":200},"classes":[]},{"id":6035,"url":"https:\/\/blog.sub.uni-hamburg.de\/?p=6035","url_meta":{"origin":593,"position":1},"title":"Medizinischer B\u00fccherflohmarkt in der \u00c4rztlichen Zentralbibliothek (29.10.)","author":"Markus Trapp","date":"04-10-11","format":false,"excerpt":"Im Artikel Zur Nacht des Wissens: Stabi pr\u00e4sentiert \u201cHamburg im Netz\u201d haben wir Sie ja schon \u00fcber die Aktivit\u00e4ten der Stabi informiert. Doch auch die Fachbibliotheken beteiligen sich an diesem Aktionstag: Am Samstag, den 29. Oktober 2011 verkauft die \u00c4rztliche Zentralbibliothek (AeZB) im Rahmen der Nacht des Wissens in der\u2026","rel":"","context":"In &quot;Ausstellungen und Veranstaltungen&quot;","block_context":{"text":"Ausstellungen und Veranstaltungen","link":"https:\/\/blog.sub.uni-hamburg.de\/?cat=9"},"img":{"alt_text":"Medizinischer B\u00fccherflohmarkt in der \u00c4rztlichen Zentralbibliothek","src":"https:\/\/i0.wp.com\/blog.sub.uni-hamburg.de\/wp-content\/uploads\/2011\/10\/medflohmarkt-2011.jpg?resize=350%2C200&ssl=1","width":350,"height":200},"classes":[]},{"id":399,"url":"https:\/\/blog.sub.uni-hamburg.de\/?p=399","url_meta":{"origin":593,"position":2},"title":"Lesung &#8220;Tote schweigen nicht&#8221; am 16.2.2007","author":"MG","date":"04-01-07","format":false,"excerpt":"Verpassen Sie nicht diese Lesung: Tote schweigen nicht \u2013 eine Veranstaltung zu Fiktion und Alltag der Gerichtsmedizin. Renate Kampmann liest aus ihren Krimis um die Hamburger Rechtsmedizinerin Dr. Leonie Simon. Prof. Klaus P\u00fcschel (Institut f\u00fcr Rechtsmedizin, UKE) referiert und diskutiert \u00fcber Dichtung und Wahrheit in der Darstellung der Gerichtsmedizin in\u2026","rel":"","context":"In &quot;Ausstellungen und Veranstaltungen&quot;","block_context":{"text":"Ausstellungen und Veranstaltungen","link":"https:\/\/blog.sub.uni-hamburg.de\/?cat=9"},"img":{"alt_text":"","src":"","width":0,"height":0},"classes":[]},{"id":1198,"url":"https:\/\/blog.sub.uni-hamburg.de\/?p=1198","url_meta":{"origin":593,"position":3},"title":"Krimilesung des \u00c4rztlichen Vereins in der Stabi (10.2., 19 Uhr)","author":"MG","date":"04-02-09","format":false,"excerpt":"Opfern eine Stimme geben - Krimilesung und rechtsmedizinische Hintergr\u00fcnde mit Siegfried Lindhorst, Leiter der Mordkommission Itzehoe und Krimiautor, sowie Dr. Christian Braun, Rechtsmediziner am UKE Dienstag, 10. Februar 19 Uhr im Vortragsraum der Stabi Die Lesung in der Reihe \"Die Blaue Stunde\" findet zugunsten des F\u00f6rdervereins der Bibliothek des \u00c4rztlichen\u2026","rel":"","context":"In &quot;Ausstellungen und Veranstaltungen&quot;","block_context":{"text":"Ausstellungen und Veranstaltungen","link":"https:\/\/blog.sub.uni-hamburg.de\/?cat=9"},"img":{"alt_text":"","src":"https:\/\/i0.wp.com\/blog.sub.uni-hamburg.de\/wp-content\/uploads\/2009\/02\/plakat_krimlesung_2009_blog.jpg?resize=350%2C200&ssl=1","width":350,"height":200,"srcset":"https:\/\/i0.wp.com\/blog.sub.uni-hamburg.de\/wp-content\/uploads\/2009\/02\/plakat_krimlesung_2009_blog.jpg?resize=350%2C200&ssl=1 1x, https:\/\/i0.wp.com\/blog.sub.uni-hamburg.de\/wp-content\/uploads\/2009\/02\/plakat_krimlesung_2009_blog.jpg?resize=525%2C300&ssl=1 1.5x, https:\/\/i0.wp.com\/blog.sub.uni-hamburg.de\/wp-content\/uploads\/2009\/02\/plakat_krimlesung_2009_blog.jpg?resize=700%2C400&ssl=1 2x"},"classes":[]},{"id":19534,"url":"https:\/\/blog.sub.uni-hamburg.de\/?p=19534","url_meta":{"origin":593,"position":4},"title":"Jubil\u00e4umsausstellung: 200 Jahre Bibliothek des \u00c4rztlichen Vereins (18.2.-31.5.)","author":"MG","date":"05-02-16","format":false,"excerpt":"Information mit Tradition Die\u00a0Ausstellung portr\u00e4tiert die Bibliothek des \u00c4rztlichen Vereins, eine Abteilung der \u00c4rztekammer Hamburg. Wissenswertes aus Geschichte und Gegenwart sowie Rarit\u00e4ten und Spezialit\u00e4ten aus den Best\u00e4nden werden auf 12 Postern gezeigt. Die\u00a0Bibliothek des \u00c4rztlichen Vereins wurde am 2. Januar 1816 gegr\u00fcndet und ist die \u00e4lteste medizinische Bibliothek in Hamburg.\u2026","rel":"","context":"In &quot;Ausstellungen und Veranstaltungen&quot;","block_context":{"text":"Ausstellungen und Veranstaltungen","link":"https:\/\/blog.sub.uni-hamburg.de\/?cat=9"},"img":{"alt_text":"","src":"https:\/\/i0.wp.com\/blog.sub.uni-hamburg.de\/wp-content\/uploads\/2016\/02\/16-Plakat-BAEV.jpg?resize=350%2C200&ssl=1","width":350,"height":200},"classes":[]},{"id":1454,"url":"https:\/\/blog.sub.uni-hamburg.de\/?p=1454","url_meta":{"origin":593,"position":5},"title":"Open-Access-Woche: Open Access \u2013 f\u00fcr bessere Krankenversorgung in der Dritten Welt","author":"Isabella Meinecke","date":"21-10-09","format":false,"excerpt":"Viele Gr\u00fcnde sprechen f\u00fcr Open Access (OA), vor allem in der Medizin. Der freie Zugang zu Forschungsergebnissen aus den medizinischen Bereichen hat eine bedeutende gesellschaftliche Dimension, da es um die optimale medizinische Versorgung von Patienten weltweit geht. W\u00e4hrend Wissenschaftler in den Industriel\u00e4ndern meist in Institutionen arbeiten, die sich Abonnements von\u2026","rel":"","context":"In &quot;Open Access&quot;","block_context":{"text":"Open Access","link":"https:\/\/blog.sub.uni-hamburg.de\/?cat=20"},"img":{"alt_text":"gms_logo.png","src":"https:\/\/i0.wp.com\/blog.sub.uni-hamburg.de\/wp-content\/uploads\/2009\/10\/gms_logo.png?resize=350%2C200&ssl=1","width":350,"height":200},"classes":[]}],"jetpack_sharing_enabled":true,"_links":{"self":[{"href":"https:\/\/blog.sub.uni-hamburg.de\/index.php?rest_route=\/wp\/v2\/posts\/593","targetHints":{"allow":["GET"]}}],"collection":[{"href":"https:\/\/blog.sub.uni-hamburg.de\/index.php?rest_route=\/wp\/v2\/posts"}],"about":[{"href":"https:\/\/blog.sub.uni-hamburg.de\/index.php?rest_route=\/wp\/v2\/types\/post"}],"author":[{"embeddable":true,"href":"https:\/\/blog.sub.uni-hamburg.de\/index.php?rest_route=\/wp\/v2\/users\/5"}],"replies":[{"embeddable":true,"href":"https:\/\/blog.sub.uni-hamburg.de\/index.php?rest_route=%2Fwp%2Fv2%2Fcomments&post=593"}],"version-history":[{"count":0,"href":"https:\/\/blog.sub.uni-hamburg.de\/index.php?rest_route=\/wp\/v2\/posts\/593\/revisions"}],"wp:attachment":[{"href":"https:\/\/blog.sub.uni-hamburg.de\/index.php?rest_route=%2Fwp%2Fv2%2Fmedia&parent=593"}],"wp:term":[{"taxonomy":"category","embeddable":true,"href":"https:\/\/blog.sub.uni-hamburg.de\/index.php?rest_route=%2Fwp%2Fv2%2Fcategories&post=593"},{"taxonomy":"post_tag","embeddable":true,"href":"https:\/\/blog.sub.uni-hamburg.de\/index.php?rest_route=%2Fwp%2Fv2%2Ftags&post=593"}],"curies":[{"name":"wp","href":"https:\/\/api.w.org\/{rel}","templated":true}]}}