{"id":552,"date":"2007-05-21T17:07:48","date_gmt":"2007-05-21T15:07:48","guid":{"rendered":"http:\/\/www.sub.uni-hamburg.de\/blog\/?p=552"},"modified":"2007-05-21T17:51:21","modified_gmt":"2007-05-21T15:51:21","slug":"das-falsche-rot-der-rose-lesung-von-jens-johler-am-24mai","status":"publish","type":"post","link":"https:\/\/blog.sub.uni-hamburg.de\/?p=552","title":{"rendered":"&#8220;Das falsche Rot der Rose&#8221;: Lesung von Jens Johler am 24.Mai"},"content":{"rendered":"<p><img decoding=\"async\" align=\"left\" title=\"Jens Jehler\" id=\"image551\" alt=\"Jens Jehler\" src=\"https:\/\/blog.sub.uni-hamburg.de\/wp-content\/uploads\/2007\/05\/jehler.jpg\" \/>Jens Johler ist am 24. Mai um 16 Uhr zu Gast in der <a href=\"http:\/\/www.informatik.uni-hamburg.de\/bib\">Informatik-Bibliothek<\/a> und liest aus dem beunruhigenden Thriller <a href=\"https:\/\/hhas21.rrz.uni-hamburg.de\/DB=1\/SET=1\/TTL=1\/CMD?ACT=SRCHA&#038;IKT=1016&#038;SRT=YOP&#038;TRM=johler+rose\">&#8220;Das falsche Rot der Rose&#8221;<\/a> von Jens Johler und Christian Stahl.<\/p>\n<p>200.000 Globalisierungsgegner sind ins kanadische Toronto gekommen, um gegen eine internationale Konferenz zu demonstrieren. Zu der sich sich die bedeutendsten Politiker der Welt versammelt haben. Dann geschieht das Unfa\u00dfbare &#8211; ein Attentat.<\/p>\n<p>Ein spannendes und beunruhigendes Buch, in dem Fakten und Fiktionen um Nanotechnologie und Neurowissenschaften bedrohlich vernetzt sind.<\/p>\n","protected":false},"excerpt":{"rendered":"<p>Jens Johler ist am 24. Mai um 16 Uhr zu Gast in der Informatik-Bibliothek und liest aus dem beunruhigenden Thriller &#8220;Das falsche Rot der Rose&#8221; von Jens Johler und Christian Stahl. 200.000 Globalisierungsgegner sind ins kanadische Toronto gekommen, um gegen eine internationale Konferenz zu demonstrieren. Zu der sich sich die bedeutendsten Politiker der Welt versammelt [&hellip;]<\/p>\n","protected":false},"author":3,"featured_media":0,"comment_status":"open","ping_status":"open","sticky":false,"template":"","format":"standard","meta":{"jetpack_post_was_ever_published":false,"_jetpack_newsletter_access":"","_jetpack_dont_email_post_to_subs":false,"_jetpack_newsletter_tier_id":0,"_jetpack_memberships_contains_paywalled_content":false,"_jetpack_memberships_contains_paid_content":false,"footnotes":"","jetpack_publicize_message":"","jetpack_publicize_feature_enabled":true,"jetpack_social_post_already_shared":false,"jetpack_social_options":{"image_generator_settings":{"template":"highway","default_image_id":0,"font":"","enabled":false},"version":2}},"categories":[9,15],"tags":[],"class_list":["post-552","post","type-post","status-publish","format-standard","hentry","category-ausstellungen","category-fachbibliotheken"],"views":4703,"jetpack_publicize_connections":[],"jetpack_featured_media_url":"","jetpack_shortlink":"https:\/\/wp.me\/p7hfNR-8U","jetpack-related-posts":[{"id":1300,"url":"https:\/\/blog.sub.uni-hamburg.de\/?p=1300","url_meta":{"origin":552,"position":0},"title":"Open Uni 2009: Jens Johler liest aus &#8220;Kritik der m\u00f6rderischen Vernunft&#8221; (13.06.2009, 16 Uhr)","author":"AC","date":"02-06-09","format":false,"excerpt":"Im Rahmen der Open Uni 2009 liest Jens Johler am 13. Juni um 16 Uhr Ausz\u00fcge aus seinem Buch \"Kritik der m\u00f6rderischen Vernunft\". Ort: Wolf-Walter-Lesesaal in der Bibliothek des Department Chemie, Martin-Luther-King-Platz 6. Der Eintritt ist frei! In Jens Johlers Roman \"Kritik der m\u00f6rderischen Vernunft\" geht es um Hirnforschung, Willensfreiheit\u2026","rel":"","context":"In &quot;Ausstellungen und Veranstaltungen&quot;","block_context":{"text":"Ausstellungen und Veranstaltungen","link":"https:\/\/blog.sub.uni-hamburg.de\/?cat=9"},"img":{"alt_text":"","src":"","width":0,"height":0},"classes":[]},{"id":10786,"url":"https:\/\/blog.sub.uni-hamburg.de\/?p=10786","url_meta":{"origin":552,"position":1},"title":"Hamburger Klopstock-Ausgabe Briefe XII Gesamtregister","author":"Markus Trapp","date":"08-01-13","format":false,"excerpt":"Der neue Band der \u201eHamburger Klopstock-Ausgabe\u201c, die seit 1962 an der Staats- und Universit\u00e4tsbibliothek Hamburg erarbeitet wird und im Verlag Walter de Gruyter erscheint, bildet den Abschluss der Abteilung \u201eBriefe\u201c. Er enth\u00e4lt als Gesamtregister f\u00fcr die bereits erschienenen B\u00e4nde I-XI das Namen- und Sachregister sowie \u2013 separat \u2013 das Register\u2026","rel":"","context":"In &quot;Aktuelles&quot;","block_context":{"text":"Aktuelles","link":"https:\/\/blog.sub.uni-hamburg.de\/?cat=1"},"img":{"alt_text":"klopstock-briefe","src":"https:\/\/i0.wp.com\/blog.sub.uni-hamburg.de\/wp-content\/uploads\/2013\/01\/klopstock-briefe.jpg?resize=350%2C200&ssl=1","width":350,"height":200},"classes":[]},{"id":1865,"url":"https:\/\/blog.sub.uni-hamburg.de\/?p=1865","url_meta":{"origin":552,"position":2},"title":"Lesung mit Tilman Jens: \u201eVATERMORD\u201c (18. 5.)","author":"MG","date":"04-05-10","format":false,"excerpt":"Einf\u00fchrung: Hellmuth Karasek, Moderation: Paul Kersten F\u00fcr sein erfolgreiches Buch \u00bbDemenz\u00ab hat Tilman Jens heftig Pr\u00fcgel, H\u00e4me und wirre Anschuldigungen in den deutschen Feuilletons einstecken m\u00fcssen. Er habe seinen Vater, Walter Jens, \u00bbvorgef\u00fchrt\u00ab, \u00bbeinen Wehrlosen vom Sockel gest\u00fcrzt\u00ab und \u00bbliterarischen Vatermord\u00ab begangen. Vatermord ist ein besonders perfides Verbrechen, die wahrheitswidrige\u2026","rel":"","context":"In &quot;Ausstellungen und Veranstaltungen&quot;","block_context":{"text":"Ausstellungen und Veranstaltungen","link":"https:\/\/blog.sub.uni-hamburg.de\/?cat=9"},"img":{"alt_text":"","src":"","width":0,"height":0},"classes":[]},{"id":1120,"url":"https:\/\/blog.sub.uni-hamburg.de\/?p=1120","url_meta":{"origin":552,"position":3},"title":"Oskar Sala &#8211; Die vergangene Zukunft des Klanges (Film am 24.11.2008)","author":"AC","date":"18-11-08","format":false,"excerpt":"Wollten Sie schon immer wissen, wie die Vogelschreie in Alfred Hitchcocks Film \"Die V\u00f6gel\" entstanden sind? Am Montag, den 24.November 2008, k\u00f6nnen Sie mehr dar\u00fcber erfahren. Wir zeigen in der Informatik-Bibliothek, Vogt-K\u00f6lln-Str. 30, \u00a0von 12-14 Uhr den Film: Oskar Sala - Die vergangene Zukunft des Klanges. Oskar Sala entwickelte in\u2026","rel":"","context":"In &quot;Ausstellungen und Veranstaltungen&quot;","block_context":{"text":"Ausstellungen und Veranstaltungen","link":"https:\/\/blog.sub.uni-hamburg.de\/?cat=9"},"img":{"alt_text":"","src":"","width":0,"height":0},"classes":[]},{"id":9489,"url":"https:\/\/blog.sub.uni-hamburg.de\/?p=9489","url_meta":{"origin":552,"position":4},"title":"Fortbildung Politikwissenschaft 2013","author":"JWS","date":"24-10-12","format":false,"excerpt":"Am 24. und 25.1 2013 findet in der SUB Hamburg mit Unterst\u00fctzung der VDB-Kommission f\u00fcr Fachreferatsarbeit eine Fortbildung f\u00fcr Fachreferentinnen und Fachreferenten der Politikwissenschaft und angrenzender F\u00e4cher statt. Dabei steht am ersten Tag das SSG Politikwissenschaft. Friedensforschung und seine Dienste sowie die \u00a0Umstrukturierung des DFG-F\u00f6rderprogramms \u201e\u00dcberregionale Literaturversorgung\u201c im Zentrum des\u2026","rel":"","context":"In &quot;Ausstellungen und Veranstaltungen&quot;","block_context":{"text":"Ausstellungen und Veranstaltungen","link":"https:\/\/blog.sub.uni-hamburg.de\/?cat=9"},"img":{"alt_text":"","src":"","width":0,"height":0},"classes":[]},{"id":4076,"url":"https:\/\/blog.sub.uni-hamburg.de\/?p=4076","url_meta":{"origin":552,"position":5},"title":"Studentische Hilfskraft gesucht f\u00fcr Web-Recherchen","author":"MG","date":"04-01-11","format":false,"excerpt":"Die Stabi erweitert das Fachportal www.vifapol.de um die Bereiche Verwaltungs- und Kommunalwissenschaften. Dabei wird auch die Linksammlung des Portals erg\u00e4nzt. F\u00fcr die Erschlie\u00dfung von Webseiten und zur Unterst\u00fctzung des Projektteams suchen wir zum 1.2.2011 eine studentische Hilfskraft f\u00fcr 40 Stunden pro Monat. Voraussetzungen sind Begeisterung f\u00fcr Recherche im Netz und\u2026","rel":"","context":"In &quot;Aktuelles&quot;","block_context":{"text":"Aktuelles","link":"https:\/\/blog.sub.uni-hamburg.de\/?cat=1"},"img":{"alt_text":"","src":"","width":0,"height":0},"classes":[]}],"jetpack_sharing_enabled":true,"_links":{"self":[{"href":"https:\/\/blog.sub.uni-hamburg.de\/index.php?rest_route=\/wp\/v2\/posts\/552","targetHints":{"allow":["GET"]}}],"collection":[{"href":"https:\/\/blog.sub.uni-hamburg.de\/index.php?rest_route=\/wp\/v2\/posts"}],"about":[{"href":"https:\/\/blog.sub.uni-hamburg.de\/index.php?rest_route=\/wp\/v2\/types\/post"}],"author":[{"embeddable":true,"href":"https:\/\/blog.sub.uni-hamburg.de\/index.php?rest_route=\/wp\/v2\/users\/3"}],"replies":[{"embeddable":true,"href":"https:\/\/blog.sub.uni-hamburg.de\/index.php?rest_route=%2Fwp%2Fv2%2Fcomments&post=552"}],"version-history":[{"count":0,"href":"https:\/\/blog.sub.uni-hamburg.de\/index.php?rest_route=\/wp\/v2\/posts\/552\/revisions"}],"wp:attachment":[{"href":"https:\/\/blog.sub.uni-hamburg.de\/index.php?rest_route=%2Fwp%2Fv2%2Fmedia&parent=552"}],"wp:term":[{"taxonomy":"category","embeddable":true,"href":"https:\/\/blog.sub.uni-hamburg.de\/index.php?rest_route=%2Fwp%2Fv2%2Fcategories&post=552"},{"taxonomy":"post_tag","embeddable":true,"href":"https:\/\/blog.sub.uni-hamburg.de\/index.php?rest_route=%2Fwp%2Fv2%2Ftags&post=552"}],"curies":[{"name":"wp","href":"https:\/\/api.w.org\/{rel}","templated":true}]}}