{"id":522,"date":"2007-04-17T17:03:19","date_gmt":"2007-04-17T15:03:19","guid":{"rendered":"http:\/\/www.sub.uni-hamburg.de\/blog\/?p=522"},"modified":"2007-04-25T16:07:19","modified_gmt":"2007-04-25T14:07:19","slug":"die-kunst-eines-computerpioniers-konrad-zuse-als-maler-234-%e2%80%93-1472007","status":"publish","type":"post","link":"https:\/\/blog.sub.uni-hamburg.de\/?p=522","title":{"rendered":"Die Kunst eines Computerpioniers: Konrad Zuse als Maler (23.4. \u2013 14.7.2007)"},"content":{"rendered":"<p><img decoding=\"async\" align=\"left\" alt=\"Zuse als Maler\" id=\"image529\" title=\"Zuse als Maler\" src=\"https:\/\/blog.sub.uni-hamburg.de\/wp-content\/uploads\/2007\/04\/Zuse3.jpg\" \/><a href=\"https:\/\/hhas21.rrz.uni-hamburg.de\/DB=1\/SET=1\/TTL=1\/CMD?ACT=SRCHA&#038;IKT=1004&#038;SRT=YOP&#038;TRM=zuse%2C+konrad%3F\">Prof. Dr. Konrad Zuse<\/a>, der Erfinder des Computers und erste Ehrendoktor der Hamburger Informatik war auch ein K\u00fcnstler. Ein doppelter Autodidakt mit erstaunlichen Leistungen in der Informatik und der Kunst! \u00dcber 500 Bilder \/ Gem\u00e4lde sind von ihm bekannt. Sie stammen aus unterschiedlichen Lebensphasen. Ein umfassender \u00dcberblick wird im Sommersemester 2007 in der <a href=\"http:\/\/www.informatik.uni-hamburg.de\/bib\/\">Informatik-Bibliothek<\/a> zu sehen sein.<br \/>\nDie Ausstellung wird am 23. April im Konrad-Zuse-H\u00f6rsaal des Departments Informatik um 17 Uhr c.t. mit einem Einf\u00fchrungsvortrag von Prof. Dr. Horst Oberquelle er\u00f6ffnet und erkl\u00e4rt.<\/p>\n","protected":false},"excerpt":{"rendered":"<p>Prof. Dr. Konrad Zuse, der Erfinder des Computers und erste Ehrendoktor der Hamburger Informatik war auch ein K\u00fcnstler. Ein doppelter Autodidakt mit erstaunlichen Leistungen in der Informatik und der Kunst! \u00dcber 500 Bilder \/ Gem\u00e4lde sind von ihm bekannt. Sie stammen aus unterschiedlichen Lebensphasen. Ein umfassender \u00dcberblick wird im Sommersemester 2007 in der Informatik-Bibliothek zu [&hellip;]<\/p>\n","protected":false},"author":3,"featured_media":0,"comment_status":"open","ping_status":"open","sticky":false,"template":"","format":"standard","meta":{"jetpack_post_was_ever_published":false,"_jetpack_newsletter_access":"","_jetpack_dont_email_post_to_subs":false,"_jetpack_newsletter_tier_id":0,"_jetpack_memberships_contains_paywalled_content":false,"_jetpack_memberships_contains_paid_content":false,"footnotes":"","jetpack_publicize_message":"","jetpack_publicize_feature_enabled":true,"jetpack_social_post_already_shared":false,"jetpack_social_options":{"image_generator_settings":{"template":"highway","default_image_id":0,"font":"","enabled":false},"version":2}},"categories":[9,15],"tags":[],"class_list":["post-522","post","type-post","status-publish","format-standard","hentry","category-ausstellungen","category-fachbibliotheken"],"views":7336,"jetpack_publicize_connections":[],"jetpack_featured_media_url":"","jetpack_shortlink":"https:\/\/wp.me\/p7hfNR-8q","jetpack-related-posts":[{"id":936,"url":"https:\/\/blog.sub.uni-hamburg.de\/?p=936","url_meta":{"origin":522,"position":0},"title":"Zum Tode von Prof. em. Dr. h.c. mult. Joseph Weizenbaum (*8.1.1923, \u20205.3.2008)","author":"AC","date":"18-04-08","format":false,"excerpt":"Bis Ende Mai werden in der Informatik-Bibliothek ausgew\u00e4hlte Schriften von und \u00fcber Joseph Weizenbaum ausgestellt. Dar\u00fcber hinaus wird das Dialog-Programm ELIZA auf einem alten Apple-Rechner pr\u00e4sentiert und kann ausprobiert werden. Joseph Weizenbaum hat die Hamburger Informatik seit der Gr\u00fcndung im Jahre 1971 begleitet: als Mensch, mit seinen Fachbeitr\u00e4gen und mit\u2026","rel":"","context":"In &quot;Aktuelles&quot;","block_context":{"text":"Aktuelles","link":"https:\/\/blog.sub.uni-hamburg.de\/?cat=1"},"img":{"alt_text":"","src":"","width":0,"height":0},"classes":[]},{"id":414,"url":"https:\/\/blog.sub.uni-hamburg.de\/?p=414","url_meta":{"origin":522,"position":1},"title":"SoundVision : Interaktive Installation in der Informatik-Bibliothek, jetzt verl\u00e4ngert bis zum 2.2.2007","author":"AC","date":"19-01-07","format":false,"excerpt":"SoundVision ist eine interaktive und kooperative audiovisuelle Installation, bestehend aus verteilten Eingabestationen und einem \"GesamtTonBild\", von Steffi Beckhaus, Tanja D\u00f6ring, Thorsten Juckel und Roland Schr\u00f6der-Kroll. Die Installation ist vom 18.-2.2.2007 in der Fachbibliothek Informatik zu sehen. Das \"GesamtTonBild\", und damit der Raumklang, entsteht durch viele einzelne TonBilder, die an den\u2026","rel":"","context":"In &quot;Ausstellungen und Veranstaltungen&quot;","block_context":{"text":"Ausstellungen und Veranstaltungen","link":"https:\/\/blog.sub.uni-hamburg.de\/?cat=9"},"img":{"alt_text":"","src":"","width":0,"height":0},"classes":[]},{"id":444,"url":"https:\/\/blog.sub.uni-hamburg.de\/?p=444","url_meta":{"origin":522,"position":2},"title":"Fotoausstellung \u00fcber Rum\u00e4nien in der Informatik-Bibliothek (9.2.-31.3.2007)","author":"AC","date":"07-02-07","format":false,"excerpt":"Mit einer Fl\u00e4che von 237.500 km2 ist Rum\u00e4nien das zw\u00f6lftgr\u00f6\u00dfte Land Europas und entspricht damit 66% der Fl\u00e4che Deutschlands. Abgesehen von politischen und \u00f6konomischen Schlagzeilen, ist jedoch \u00fcber das Land zwischen den Karpaten und dem schwarzen Meer wenig bekannt. Die aktuelle Fotoausstellung m\u00f6chte Rum\u00e4nien mit seinen Natur- und Kultursehensw\u00fcrdigkeiten, von\u2026","rel":"","context":"In &quot;Ausstellungen und Veranstaltungen&quot;","block_context":{"text":"Ausstellungen und Veranstaltungen","link":"https:\/\/blog.sub.uni-hamburg.de\/?cat=9"},"img":{"alt_text":"","src":"","width":0,"height":0},"classes":[]},{"id":209,"url":"https:\/\/blog.sub.uni-hamburg.de\/?p=209","url_meta":{"origin":522,"position":3},"title":"Fotoausstellung im Informatikum: Naturpark St. Ellingen","author":"AC","date":"17-07-06","format":false,"excerpt":"Fotografien von Wolfgang Menzel \u00dcber ein Jahr hinweg hat Prof. Wolfgang Menzel vom Department Informatik die Entwicklung der Natur auf dem Gel\u00e4nde des Informatikums in Stellingen, dem \"Naturpark St. Ellingen\", mit der Kamera verfolgt und einige Motive in einer kleinen Ausstellung zusammengestellt, die in der Bibliothek des Departments Informatik zu\u2026","rel":"","context":"In &quot;Ausstellungen und Veranstaltungen&quot;","block_context":{"text":"Ausstellungen und Veranstaltungen","link":"https:\/\/blog.sub.uni-hamburg.de\/?cat=9"},"img":{"alt_text":"","src":"","width":0,"height":0},"classes":[]},{"id":3648,"url":"https:\/\/blog.sub.uni-hamburg.de\/?p=3648","url_meta":{"origin":522,"position":4},"title":"Autorenlesung in der Informatik-Bibliothek: Gewissensbisse: Ethische Probleme der Informatik (18.11.)","author":"Markus Trapp","date":"10-11-10","format":false,"excerpt":"Selbstverst\u00e4ndlich ist ein Fachgebiet wie die Informatik auch mit Fragen der Ethik konfrontiert. Ein Autorenkollektiv, bestehend aus Debora Weber-Wulff, Christina Class, Wolfgang Coy, Constanze Kurz, David Zellh\u00f6fer, ist angetreten, ein Lehrwerk zu verfassen, das Dozenten aus der Informatik Fallbeispiele an die Hand gibt, um diese wichtige gesellschaftspolitische Frage mit in\u2026","rel":"","context":"In &quot;Ausstellungen und Veranstaltungen&quot;","block_context":{"text":"Ausstellungen und Veranstaltungen","link":"https:\/\/blog.sub.uni-hamburg.de\/?cat=9"},"img":{"alt_text":"Gewissensbisse : ethische Probleme der Informatik","src":"https:\/\/i0.wp.com\/blog.sub.uni-hamburg.de\/wp-content\/uploads\/2010\/11\/ts1221g.jpg?resize=350%2C200&ssl=1","width":350,"height":200},"classes":[]},{"id":28665,"url":"https:\/\/blog.sub.uni-hamburg.de\/?p=28665","url_meta":{"origin":522,"position":5},"title":"Vom Urknall, dunkler Materie und Gravitationswellen (25.2.)","author":"Markus Trapp","date":"06-02-20","format":false,"excerpt":"Forschung am Exzellenz-Cluster \u00abQuantum Universe\u00bb Eine Veranstaltung der Universit\u00e4ts-Gesellschaft Hamburg 25. Februar 2020, 18.30 Uhr Vortragsraum (1. Etage) Die Universit\u00e4t Hamburg erhielt 2018 im Rahmen der Exzellenzstrategie den Zuschlag f\u00fcr gleich vier Exzellenzcluster \u2013 eines davon ist \u00abQuantum Universe\u00bb. Welche Bedeutung dieses Cluster f\u00fcr die Universit\u00e4t Hamburg hat, erl\u00e4utert in\u2026","rel":"","context":"In &quot;Ausstellungen und Veranstaltungen&quot;","block_context":{"text":"Ausstellungen und Veranstaltungen","link":"https:\/\/blog.sub.uni-hamburg.de\/?cat=9"},"img":{"alt_text":"","src":"https:\/\/i0.wp.com\/blog.sub.uni-hamburg.de\/wp-content\/uploads\/2020\/02\/uniges-urknall-kl.jpg?resize=350%2C200&ssl=1","width":350,"height":200},"classes":[]}],"jetpack_sharing_enabled":true,"_links":{"self":[{"href":"https:\/\/blog.sub.uni-hamburg.de\/index.php?rest_route=\/wp\/v2\/posts\/522","targetHints":{"allow":["GET"]}}],"collection":[{"href":"https:\/\/blog.sub.uni-hamburg.de\/index.php?rest_route=\/wp\/v2\/posts"}],"about":[{"href":"https:\/\/blog.sub.uni-hamburg.de\/index.php?rest_route=\/wp\/v2\/types\/post"}],"author":[{"embeddable":true,"href":"https:\/\/blog.sub.uni-hamburg.de\/index.php?rest_route=\/wp\/v2\/users\/3"}],"replies":[{"embeddable":true,"href":"https:\/\/blog.sub.uni-hamburg.de\/index.php?rest_route=%2Fwp%2Fv2%2Fcomments&post=522"}],"version-history":[{"count":0,"href":"https:\/\/blog.sub.uni-hamburg.de\/index.php?rest_route=\/wp\/v2\/posts\/522\/revisions"}],"wp:attachment":[{"href":"https:\/\/blog.sub.uni-hamburg.de\/index.php?rest_route=%2Fwp%2Fv2%2Fmedia&parent=522"}],"wp:term":[{"taxonomy":"category","embeddable":true,"href":"https:\/\/blog.sub.uni-hamburg.de\/index.php?rest_route=%2Fwp%2Fv2%2Fcategories&post=522"},{"taxonomy":"post_tag","embeddable":true,"href":"https:\/\/blog.sub.uni-hamburg.de\/index.php?rest_route=%2Fwp%2Fv2%2Ftags&post=522"}],"curies":[{"name":"wp","href":"https:\/\/api.w.org\/{rel}","templated":true}]}}