{"id":514,"date":"2007-04-10T16:43:46","date_gmt":"2007-04-10T14:43:46","guid":{"rendered":"http:\/\/www.sub.uni-hamburg.de\/blog\/?p=514"},"modified":"2007-04-11T09:24:46","modified_gmt":"2007-04-11T07:24:46","slug":"2-nacht-des-wissens-programm-der-stabi","status":"publish","type":"post","link":"https:\/\/blog.sub.uni-hamburg.de\/?p=514","title":{"rendered":"2. Nacht des Wissens &#8211; Programm der Stabi"},"content":{"rendered":"<p>Willkommen in der Staats- und Universit\u00e4tsbibliothek!<\/p>\n<p>Die Stabi nimmt an der 2. Nacht des Wissens am 9. Juni teil \u2013 und l\u00e4dt alle Wissenshungrigen der Stadt zu sich ein. Das bunte Programm spiegelt die vielen Funktionen der Bibliothek wider \u2013 als Universit\u00e4tsbibliothek, wissenschaftliche Allgemeinbibliothek, Landesbibliothek und lebendige Kulturinstitution Hamburgs.<br \/>\nAuch die im Altbau der Stabi untergebrachte Bibliothek des \u00c4rztlichen Vereins bietet Veranstaltungen an.<br \/>\nZum Gesamtprogramm kommen Sie <a href=\"http:\/\/www.nachtdeswissens.de\/\">hier<\/a>. Vorverkauf bei allen bekannten Vorverkaufsstellen (zzgl. Geb\u00fchren), online <a href=\"http:\/\/www.eventim.de\">hier<\/a> oder unter 01805-570000 (14 Cent\/Minute): Tickets 7 Euro (Oberstufenticket 5 Euro) im Vorverkauf, Abendkasse 10\/8 Euro. Kinder und Jugendliche unter 16 Jahren haben freien Eintritt.<br \/>\nDie 2. Nacht des Wissens wird gef\u00f6rdert durch die Nordmetall-Stiftung.<\/p>\n<p><strong>Das Stabi-Programm<\/strong>:<\/p>\n<p><em>Im Bauch des Wissensspeichers: F\u00fchrung hinter die Kulissen<br \/>\n<\/em>17, 18, 19, 20, 21 und 22 Uhr<\/p>\n<p><em>Der kurze Weg zum Wissen: Bibliotheksf\u00fchrung<\/em><br \/>\n17:30, 18:30, 19:30, 20:30, 21:30, 22:30 Uhr<\/p>\n<p><em>Stabi exzellent: Virtuelle Fachbibliothek von cibera bis ViFaPol<\/em><br \/>\nInfo-Stand ab 17 Uhr<\/p>\n<p><em>Blick in die Restaurierungswerkstatt und Buchbinderei<\/em><br \/>\nPr\u00e4sentation und Aktion ab 17 Uhr<\/p>\n<p><em>Hamburg zu verkaufen: B\u00fccherst\u00e4nde der Heinrich Heine Buchhandlung und Hamburger Antiquariate<\/em><br \/>\nVerkauf ab 17 Uhr<\/p>\n<p><em>\u201eErlesen: Die Sondersammlungen der Staats- und Universit\u00e4tsbibliothek<\/em>\u201c<br \/>\nAusstellung ab 17 Uhr<\/p>\n<p><em>Ausstellung: \u201eErlesen: Die Sondersammlungen der Staats- und Universit\u00e4tsbibliothek\u201c<\/em><br \/>\nAusstellungser\u00f6ffnung 17 Uhr<\/p>\n<p><em>Ist Google klug genug? Suche im Netz der wissenschaftlichen Informationen<\/em><br \/>\nVortrag 19 Uhr<\/p>\n<p><em>Von der Tontafel zum digitalen zum digitalen Volltext: Ein Gang durch die Sammlungsgeschichte der Staats- und Universit\u00e4tsbibliothek<\/em><br \/>\nVortrag 20:30 Uhr<\/p>\n<p><em>So klingt die Stabi: Vertonungen Hamburger Dichter (Dehmel, Liliencron, Heine, Borchert) und Werke Hamburger Komponisten<br \/>\n<\/em>Konzert 22 Uhr<\/p>\n<p><em>Nichts bleibt analog: Scannen und Aufbereiten in der Medienwerkstatt<\/em><br \/>\nDemonstration 18 und 21 Uhr<\/p>\n<p><em>Stadt, Land, Waterkant: Literatur aus und \u00fcber Hamburg<\/em><br \/>\nPr\u00e4sentation 19 und 21 Uhr<\/p>\n<p><em>Kinderf\u00fchrung: Der Schatz im Turm<br \/>\n<\/em>19 bis 20 Uhr<\/p>\n<p><em>F\u00fchrung durch die Ausstellung \u201eErlesen: Die Sondersammlungen der Staats- und Universit\u00e4tsbibliothek\u201c<br \/>\n<\/em>19 und 22 Uhr<br \/>\n<strong>\u00a0<\/strong><\/p>\n<p><strong>Das Programm der Bibliothek des \u00c4rztlichen Vereins:<\/strong><\/p>\n<p><em>Aus 600 Jahren Medizingeschichte &#8211; F\u00fchrung durch die Bibliothek des \u00c4rztlichen Vereins<br \/>\n<\/em>17:30, 20, 22 Uhr<\/p>\n<p><em>Verkauf von antiquarischen medizinischen B\u00fcchern<br \/>\n<\/em>Verkaufsstand von 17 bis 24 Uhr<\/p>\n<p><em>\u201eEin medizinischer Blick in Hamburgs Vergangenheit\u201c<br \/>\n<\/em>Ausstellung von 17 bis 24 Uhr<\/p>\n<p><em>Die \u201eVorher-Nachher-Schau\u201c \u2013 Der F\u00f6rderverein der Bibliothek des \u00c4rztlichen Vereins pr\u00e4sentiert erste Erfolge<\/em><br \/>\nInfo-Stand von 17 bis 24 Uhr<\/p>\n","protected":false},"excerpt":{"rendered":"<p>Willkommen in der Staats- und Universit\u00e4tsbibliothek! Die Stabi nimmt an der 2. Nacht des Wissens am 9. Juni teil \u2013 und l\u00e4dt alle Wissenshungrigen der Stadt zu sich ein. Das bunte Programm spiegelt die vielen Funktionen der Bibliothek wider \u2013 als Universit\u00e4tsbibliothek, wissenschaftliche Allgemeinbibliothek, Landesbibliothek und lebendige Kulturinstitution Hamburgs. Auch die im Altbau der Stabi [&hellip;]<\/p>\n","protected":false},"author":5,"featured_media":0,"comment_status":"open","ping_status":"open","sticky":false,"template":"","format":"standard","meta":{"jetpack_post_was_ever_published":false,"_jetpack_newsletter_access":"","_jetpack_dont_email_post_to_subs":false,"_jetpack_newsletter_tier_id":0,"_jetpack_memberships_contains_paywalled_content":false,"_jetpack_memberships_contains_paid_content":false,"footnotes":"","jetpack_publicize_message":"","jetpack_publicize_feature_enabled":true,"jetpack_social_post_already_shared":false,"jetpack_social_options":{"image_generator_settings":{"template":"highway","default_image_id":0,"font":"","enabled":false},"version":2}},"categories":[9],"tags":[],"class_list":["post-514","post","type-post","status-publish","format-standard","hentry","category-ausstellungen"],"views":5934,"jetpack_publicize_connections":[],"jetpack_featured_media_url":"","jetpack_shortlink":"https:\/\/wp.me\/p7hfNR-8i","jetpack-related-posts":[{"id":8902,"url":"https:\/\/blog.sub.uni-hamburg.de\/?p=8902","url_meta":{"origin":514,"position":0},"title":"Konzert \u201eHamburg Barock 2012&#8243;: Hamburger Hochzeitsmusik (30.09.)","author":"Markus Trapp","date":"06-09-12","format":false,"excerpt":"Der Landesmusikrat veranstaltet in Kooperation mit der Staats- und Universit\u00e4tsbibliothek ein Konzert mit Hamburger Musik des 17. und 18. Jahrhunderts. Kompositionen von Johann Schop, Reinhard Keiser, Christoph Graupner, Georg Philipp Telemann u.a. werden vom \u201eEnsemble Hamburg Barock\u201c vorgetragen, das aus Dozenten und Professoren des Konservatoriums und der Musikhochschule besteht. F\u00fcr\u2026","rel":"","context":"In &quot;Ausstellungen und Veranstaltungen&quot;","block_context":{"text":"Ausstellungen und Veranstaltungen","link":"https:\/\/blog.sub.uni-hamburg.de\/?cat=9"},"img":{"alt_text":"Hamburger Hochzeitsmusik, Abschlusskonzert 'Hamburg Barock 2012'","src":"https:\/\/i0.wp.com\/blog.sub.uni-hamburg.de\/wp-content\/uploads\/2012\/08\/hamburger-hochzeitsmusik.jpg?resize=350%2C200&ssl=1","width":350,"height":200},"classes":[]},{"id":3134,"url":"https:\/\/blog.sub.uni-hamburg.de\/?p=3134","url_meta":{"origin":514,"position":1},"title":"Benefizlesung mit Arno Surminski (14. Oktober 2010)","author":"MG","date":"30-09-10","format":false,"excerpt":"Zugunsten der Bibliothek des \u00c4rztlichen Vereins liest Arno Surminski aus seinem gerade erschienenen Buch \u201eWinter \u00b445 oder die Frauen von Palmnicken\u201c sowie aus einigen Kurzgeschichten. Im Mittelpunkt des Romans stehen vier j\u00fcdische junge Frauen, die aus dem Ghetto von Lodz in Konzentrationslager deportiert werden. Ihr Leidensweg m\u00fcndet in den Todesmarsch\u2026","rel":"","context":"In &quot;Ausstellungen und Veranstaltungen&quot;","block_context":{"text":"Ausstellungen und Veranstaltungen","link":"https:\/\/blog.sub.uni-hamburg.de\/?cat=9"},"img":{"alt_text":"Arno Surminski","src":"https:\/\/i0.wp.com\/blog.sub.uni-hamburg.de\/wp-content\/uploads\/2010\/09\/10-Arno-Surminski.jpg?resize=350%2C200&ssl=1","width":350,"height":200},"classes":[]},{"id":39515,"url":"https:\/\/blog.sub.uni-hamburg.de\/?p=39515","url_meta":{"origin":514,"position":2},"title":"Lesung: \u201eM\u00f6chte die Witwe angesprochen werden, platziert sie auf dem Grab die Gie\u00dfkanne mit dem Ausguss nach vorne\u201c mit Sa\u0161a Stani\u0161i\u0107 (28.1.)","author":"Markus Trapp","date":"07-01-25","format":false,"excerpt":"Dienstag, 28.1., 19 Uhr, Lichthof im Altbau der Stabi. - Die Lesung ist ausverkauft! - Was w\u00e4re, wenn man nicht diese eine Entscheidung getroffen h\u00e4tte, sondern diese ganz andere? Was w\u00e4re, h\u00e4tte man der Erwartung getrotzt? Und: w\u00e4re es nicht sch\u00f6n, k\u00f6nnte man ein Leben probeweise erfahren, bevor man es\u2026","rel":"","context":"In &quot;Ausstellungen und Veranstaltungen&quot;","block_context":{"text":"Ausstellungen und Veranstaltungen","link":"https:\/\/blog.sub.uni-hamburg.de\/?cat=9"},"img":{"alt_text":"Sa\u0161a Stani\u0161i\u0107, Foto: Magnus Terhorst","src":"https:\/\/i0.wp.com\/blog.sub.uni-hamburg.de\/wp-content\/uploads\/2025\/01\/sasa-stanisic_Magnus-Terhorst.jpg?resize=350%2C200&ssl=1","width":350,"height":200},"classes":[]},{"id":6160,"url":"https:\/\/blog.sub.uni-hamburg.de\/?p=6160","url_meta":{"origin":514,"position":3},"title":"Stabi bis Mitternacht ge\u00f6ffnet: zur &#8220;Nacht des Wissens&#8221; am 29. Oktober","author":"MG","date":"21-10-11","format":false,"excerpt":"Am Sonnabend, dem 29. Oktober, bleibt die Staats- und Universit\u00e4tsbibliothek bis 24 Uhr ge\u00f6ffnet! Die Stabi nimmt Teil an der \"Nacht des Wissens 2011\" und bietet neben F\u00fchrungen ein ganzes F\u00fcllhorn von digitalen Hamburg-Angeboten. Schauen Sie selbst und probieren Sie aus. Au\u00dferdem gibt es F\u00fchrungen hinter die Kulissen der Bibliothek.\u2026","rel":"","context":"In &quot;Aktuelles&quot;","block_context":{"text":"Aktuelles","link":"https:\/\/blog.sub.uni-hamburg.de\/?cat=1"},"img":{"alt_text":"","src":"","width":0,"height":0},"classes":[]},{"id":1303,"url":"https:\/\/blog.sub.uni-hamburg.de\/?p=1303","url_meta":{"origin":514,"position":4},"title":"MISSION AMERIKA &#8211; Weltmacht am Wendepunkt &#8211; Kornblum und Kronzucker analysieren Obamas Kurs (16.6.)","author":"MG","date":"05-06-09","format":false,"excerpt":"Dienstag, 16. Juni, 20.00 Uhr Lichthof im Altbau der Staats- und Universit\u00e4tsbibliothek Eingang Edmund-Siemers-Allee \/ Ecke Grindelallee 100 Tage Barack Obama: Zwei kompetente Stimmen zeigen auf, welchen Weg Amerika mit seinem 44. Pr\u00e4sidenten eingeschlagen hat \u2013 eine Zeitenwende, der sich auch die L\u00e4nder, die mit den USA in politischen und\u2026","rel":"","context":"In &quot;Ausstellungen und Veranstaltungen&quot;","block_context":{"text":"Ausstellungen und Veranstaltungen","link":"https:\/\/blog.sub.uni-hamburg.de\/?cat=9"},"img":{"alt_text":"","src":"","width":0,"height":0},"classes":[]},{"id":39883,"url":"https:\/\/blog.sub.uni-hamburg.de\/?p=39883","url_meta":{"origin":514,"position":5},"title":"Nacht der Bibliotheken in der Stabi Hamburg (4.4.)","author":"Markus Trapp","date":"21-03-25","format":false,"excerpt":"Freitag, 4.4., Staats- und Universit\u00e4tsbibliothek Hamburg. Unter dem Motto \u201eWissen. Teilen. Entdecken.\u201c wird am 4. April in ganz Deutschland die \u201eNacht der Bibliotheken\u201c gefeiert. An diesem Abend erwartet Interessierte ein abwechslungsreiches Programm mit Vortr\u00e4gen, F\u00fchrungen und Workshops. Auch die Staats- und Universit\u00e4tsbibliothek Hamburg l\u00e4dt herzlich ein und bietet ein umfangreiches\u2026","rel":"","context":"In &quot;Ausstellungen und Veranstaltungen&quot;","block_context":{"text":"Ausstellungen und Veranstaltungen","link":"https:\/\/blog.sub.uni-hamburg.de\/?cat=9"},"img":{"alt_text":"Plakat Nacht der Bibliotheken","src":"https:\/\/i0.wp.com\/blog.sub.uni-hamburg.de\/wp-content\/uploads\/2025\/03\/Nacht_der_Bibliotheken_2025.jpg?resize=350%2C200&ssl=1","width":350,"height":200},"classes":[]}],"jetpack_sharing_enabled":true,"_links":{"self":[{"href":"https:\/\/blog.sub.uni-hamburg.de\/index.php?rest_route=\/wp\/v2\/posts\/514","targetHints":{"allow":["GET"]}}],"collection":[{"href":"https:\/\/blog.sub.uni-hamburg.de\/index.php?rest_route=\/wp\/v2\/posts"}],"about":[{"href":"https:\/\/blog.sub.uni-hamburg.de\/index.php?rest_route=\/wp\/v2\/types\/post"}],"author":[{"embeddable":true,"href":"https:\/\/blog.sub.uni-hamburg.de\/index.php?rest_route=\/wp\/v2\/users\/5"}],"replies":[{"embeddable":true,"href":"https:\/\/blog.sub.uni-hamburg.de\/index.php?rest_route=%2Fwp%2Fv2%2Fcomments&post=514"}],"version-history":[{"count":0,"href":"https:\/\/blog.sub.uni-hamburg.de\/index.php?rest_route=\/wp\/v2\/posts\/514\/revisions"}],"wp:attachment":[{"href":"https:\/\/blog.sub.uni-hamburg.de\/index.php?rest_route=%2Fwp%2Fv2%2Fmedia&parent=514"}],"wp:term":[{"taxonomy":"category","embeddable":true,"href":"https:\/\/blog.sub.uni-hamburg.de\/index.php?rest_route=%2Fwp%2Fv2%2Fcategories&post=514"},{"taxonomy":"post_tag","embeddable":true,"href":"https:\/\/blog.sub.uni-hamburg.de\/index.php?rest_route=%2Fwp%2Fv2%2Ftags&post=514"}],"curies":[{"name":"wp","href":"https:\/\/api.w.org\/{rel}","templated":true}]}}