{"id":475,"date":"2007-03-14T10:17:44","date_gmt":"2007-03-14T09:17:44","guid":{"rendered":"http:\/\/www.sub.uni-hamburg.de\/blog\/?p=475"},"modified":"2011-08-30T09:40:05","modified_gmt":"2011-08-30T07:40:05","slug":"ausstellung-zu-hamburg-ohne-worte","status":"publish","type":"post","link":"https:\/\/blog.sub.uni-hamburg.de\/?p=475","title":{"rendered":"Ausstellung zu &#8220;Hamburg ohne Worte&#8221;"},"content":{"rendered":"<p><img decoding=\"async\" align=\"left\" title=\"Logo der Spendenkampagne \" id=\"image254\" alt=\"Logo der Spendenkampagne \" src=\"https:\/\/blog.sub.uni-hamburg.de\/wp-content\/uploads\/2006\/08\/hhow_klein.jpg\" \/>Die Spendenkampagne \u201eHamburg ohne Worte\u201c, begonnen im September 2006, hat der Staats- und Universit\u00e4tsbibliothek Hamburg gro\u00dfe Anerkennung, einen erheblichen Finanzierungsschub f\u00fcr systematische Ents\u00e4uerungsma\u00dfnahmen und die Unterst\u00fctzung der Hamburger B\u00fcrgerschaft f\u00fcr das S\u00e4urefra\u00df-Problem aller Hamburger Bibliotheken und Archive eingebracht.<br \/>\n<span \/>Mit der Aktion ist die Rettung der HH-Sammlungen in den Bereich des M\u00f6glichen ger\u00fcckt. Beenden wird die Bibliothek sie mit einer Finissage-Ausstellung rund um Papierzerfall, Gegenma\u00dfnahmen und die \u00f6ffentliche Debatte. Ausf\u00fchrliche Informationen finden Sie <a href=\"https:\/\/www.sub.uni-\nhamburg.de\/typo3conf\/ext\/dam\/mod_file\/fileadmin\/redaktion\/Presse_und_Oeffe\nntlichkeitsarb eit\/hhow2007.pdf\">hier<\/a> (PDF).<br \/>\nZur Ausstellungser\u00f6ffnung <strong><span \/><\/strong><br \/>\n<strong>am Freitag, dem 30. M\u00e4rz 2007, um 19 Uhr im Ausstellungsraum<br \/>\n<\/strong>sind alle Interessierten eingeladen.<\/p>\n<p>Die Schirmherrin der Spendenaktion, Kultursenatorin Prof. Dr. Karin v. Welck, spricht ein Gru\u00dfwort, die Direktorin der Bibliothek, Prof. Dr. Gabriele Beger, gibt einen \u00dcberblick \u00fcber die Kampagne und ihre Erfolge. Und die Firma Neschen f\u00fchrt auf ihrer kleinen Konservierungsmaschine C 500 Massenkonservierung vor.<\/p>\n<p>\u00dcber Spenden freuen wir uns weiterhin! Hier kommen Sie zur <a href=\"http:\/\/www.hamburg-ohne-worte.de\/\">Spenden-Website.<\/a><br \/>\n<span \/><\/p>\n","protected":false},"excerpt":{"rendered":"<p>Die Spendenkampagne \u201eHamburg ohne Worte\u201c, begonnen im September 2006, hat der Staats- und Universit\u00e4tsbibliothek Hamburg gro\u00dfe Anerkennung, einen erheblichen Finanzierungsschub f\u00fcr systematische Ents\u00e4uerungsma\u00dfnahmen und die Unterst\u00fctzung der Hamburger B\u00fcrgerschaft f\u00fcr das S\u00e4urefra\u00df-Problem aller Hamburger Bibliotheken und Archive eingebracht. Mit der Aktion ist die Rettung der HH-Sammlungen in den Bereich des M\u00f6glichen ger\u00fcckt. Beenden wird die [&hellip;]<\/p>\n","protected":false},"author":5,"featured_media":0,"comment_status":"open","ping_status":"open","sticky":false,"template":"","format":"standard","meta":{"jetpack_post_was_ever_published":false,"_jetpack_newsletter_access":"","_jetpack_dont_email_post_to_subs":false,"_jetpack_newsletter_tier_id":0,"_jetpack_memberships_contains_paywalled_content":false,"_jetpack_memberships_contains_paid_content":false,"footnotes":"","jetpack_publicize_message":"","jetpack_publicize_feature_enabled":true,"jetpack_social_post_already_shared":false,"jetpack_social_options":{"image_generator_settings":{"template":"highway","default_image_id":0,"font":"","enabled":false},"version":2}},"categories":[9],"tags":[],"class_list":["post-475","post","type-post","status-publish","format-standard","hentry","category-ausstellungen"],"views":4190,"jetpack_publicize_connections":[],"jetpack_featured_media_url":"","jetpack_shortlink":"https:\/\/wp.me\/p7hfNR-7F","jetpack-related-posts":[{"id":34162,"url":"https:\/\/blog.sub.uni-hamburg.de\/?p=34162","url_meta":{"origin":475,"position":0},"title":"Kirche, Klerus, Kodizes. Zu mittelalterlichen und fr\u00fchneuzeitlichen Handschriften aus der Hamburger Katharinenkirche (5.10.-15.12.)","author":"Markus Trapp","date":"14-09-22","format":false,"excerpt":"5. Oktober \u2013 15. Dezember. Habent sua fata libelli \u2013 B\u00fccher haben ihre eigenen Schicksale! Dieses Sprichwort aus einem antiken Lehrgedicht trifft in besonderem Ma\u00dfe auf eine Reihe einzigartiger handgeschriebener St\u00fccke zu, die die Staats- und Universit\u00e4tsbibliothek Hamburg bewahrt, erforscht und digitalisiert. Die Ausstellung Kirche, Klerus, Kodizes, die Handschriften aus\u2026","rel":"","context":"In &quot;Ausstellungen und Veranstaltungen&quot;","block_context":{"text":"Ausstellungen und Veranstaltungen","link":"https:\/\/blog.sub.uni-hamburg.de\/?cat=9"},"img":{"alt_text":"Kirche, Klerus, Kodizes","src":"https:\/\/i0.wp.com\/blog.sub.uni-hamburg.de\/wp-content\/uploads\/2022\/09\/kirche-klerus-kodizes.jpg?resize=350%2C200&ssl=1","width":350,"height":200},"classes":[]},{"id":739,"url":"https:\/\/blog.sub.uni-hamburg.de\/?p=739","url_meta":{"origin":475,"position":1},"title":"B\u00dcCHER ALS KUNST von Clemens-Tobias Lange (13.1.-6.3.)","author":"Markus Trapp","date":"14-12-15","format":false,"excerpt":"Clemens-Tobias Lange ist \"ein Gestalter herausragender K\u00fcnstlerb\u00fccher...[Seine] Buchkunstwerke zeichnen sich durch subtile typographische Gestaltung, reiche, originelle und zugleich sensible Materialit\u00e4t sowie durch sorgsame Auswahl hochrangiger alter wie zeitgen\u00f6ssischer Texte aus\" (aus der Begr\u00fcndung f\u00fcr den Antiquaria Preis f\u00fcr Buchkultur, 2012). Clemens-Tobias Lange: \"Durch das \u00c4u\u00dfere, das Buch, muss sich das\u2026","rel":"","context":"In &quot;Ausstellungen und Veranstaltungen&quot;","block_context":{"text":"Ausstellungen und Veranstaltungen","link":"https:\/\/blog.sub.uni-hamburg.de\/?cat=9"},"img":{"alt_text":"","src":"https:\/\/i0.wp.com\/blog.sub.uni-hamburg.de\/wp-content\/uploads\/2015\/12\/ctl-gplus.jpg?resize=350%2C200&ssl=1","width":350,"height":200,"srcset":"https:\/\/i0.wp.com\/blog.sub.uni-hamburg.de\/wp-content\/uploads\/2015\/12\/ctl-gplus.jpg?resize=350%2C200&ssl=1 1x, https:\/\/i0.wp.com\/blog.sub.uni-hamburg.de\/wp-content\/uploads\/2015\/12\/ctl-gplus.jpg?resize=525%2C300&ssl=1 1.5x"},"classes":[]},{"id":39731,"url":"https:\/\/blog.sub.uni-hamburg.de\/?p=39731","url_meta":{"origin":475,"position":2},"title":"Cr\u00f3nicas de Indias in Originalausgaben der Linga-Bibliothek und ihre postkolonialen Lekt\u00fcren im FID Romanistik (11.-16.3.)","author":"Markus Trapp","date":"24-02-25","format":false,"excerpt":"11. M\u00e4rz bis 16. M\u00e4rz, Ausstellungsraum. Die Linga-Bibliothek f\u00fcr Lateinamerika-Forschung pr\u00e4sentiert anl\u00e4sslich des 24. Deutschen Hispanistiktags, der unter dem Motto \u201eTransfer und Hybridisierung\u201c parallel an der Universit\u00e4t Hamburg stattfindet, einige ihrer Sch\u00e4tze aus dem 16. Jahrhundert. Die ausgestellten Chroniken zeigen zeitgen\u00f6ssische Blicke der verschiedenen Beteiligten auf die \u201eBegegnung zweier Welten\u201c.\u2026","rel":"","context":"In &quot;Ausstellungen und Veranstaltungen&quot;","block_context":{"text":"Ausstellungen und Veranstaltungen","link":"https:\/\/blog.sub.uni-hamburg.de\/?cat=9"},"img":{"alt_text":"Plakat der Ausstellung 'Cr\u00f3nicas de Indias - Originale und Kontexte'","src":"https:\/\/i0.wp.com\/blog.sub.uni-hamburg.de\/wp-content\/uploads\/2025\/02\/cronicas-poster.jpg?resize=350%2C200&ssl=1","width":350,"height":200},"classes":[]},{"id":17505,"url":"https:\/\/blog.sub.uni-hamburg.de\/?p=17505","url_meta":{"origin":475,"position":3},"title":"Der &#8220;Wandsbecker Bothe\u201d: Claudius, Klopstock &#038; Konsorten (5.5.-15.8.)","author":"HS","date":"15-04-15","format":false,"excerpt":"Im Jubil\u00e4umsjahr von Matthias Claudius \u2013 dem Jahr seines 275. Geburtstags und des 200. Todestags \u2013 zeigt die Bibliothek der Helmut-Schmidt-Universit\u00e4t die Ausstellung Der \u2018Wandsbecker Bothe': Claudius, Klopstock & Konsorten. Claudius besitzt bis heute gro\u00dfe Popularit\u00e4t als Poet, der das ber\u00fchmte \u201eAbendlied\u201c dichtete. Dass Claudius mit dem \u201eWandsbecker Bothen\u201c dar\u00fcber\u2026","rel":"","context":"In &quot;Aktuelles&quot;","block_context":{"text":"Aktuelles","link":"https:\/\/blog.sub.uni-hamburg.de\/?cat=1"},"img":{"alt_text":"Quelle: Homepage der Bibliothek der Helmut-Schmidt-Universit\u00e4t","src":"https:\/\/i0.wp.com\/blog.sub.uni-hamburg.de\/wp-content\/uploads\/2015\/04\/hsu-claudius-Ausstellung-Bild-2-300x207.jpg?resize=350%2C200&ssl=1","width":350,"height":200},"classes":[]},{"id":36134,"url":"https:\/\/blog.sub.uni-hamburg.de\/?p=36134","url_meta":{"origin":475,"position":4},"title":"Ausstellung: Hamburgs Schriftsch\u00e4tze. Neue Fragen an alte Manuskripte (5.7.-2.10.)","author":"Markus Trapp","date":"20-06-23","format":false,"excerpt":"Eine 4000 Jahre alte Quittung f\u00fcr Mehl, in Keilschrift in Ton geschrieben; ein vollst\u00e4ndiger Koran, nur wenige Zentimeter gro\u00df; ein hektisch \u00fcberarbeitetes Soufflierbuch, das im Mittelpunkt eines ber\u00fcchtigten Theaterskandals stand: Schriftartefakte begegnen uns in unz\u00e4hligen Formen, und jedes besitzt seine eigene Geschichte. Um diese Geschichten zu ergr\u00fcnden, erforschen Wissenschaftlerinnen und\u2026","rel":"","context":"In &quot;Ausstellungen und Veranstaltungen&quot;","block_context":{"text":"Ausstellungen und Veranstaltungen","link":"https:\/\/blog.sub.uni-hamburg.de\/?cat=9"},"img":{"alt_text":"Hamburgs Schriftsch\u00e4tze. Neue Fragen an alte Manuskripte","src":"https:\/\/i0.wp.com\/blog.sub.uni-hamburg.de\/wp-content\/uploads\/2023\/06\/CSMC-Plakat.jpg?resize=350%2C200&ssl=1","width":350,"height":200},"classes":[]},{"id":31235,"url":"https:\/\/blog.sub.uni-hamburg.de\/?p=31235","url_meta":{"origin":475,"position":5},"title":"Ausstellung &#8220;Dissonanzen. Wolfgang Borchert (1921-1947)&#8221;","author":"Markus Trapp","date":"10-05-21","format":false,"excerpt":"Im 100. Geburtsjahr Wolfgang Borcherts hat die Hamburger Staats- und Universit\u00e4tsbibliothek ein besonderes Geschenk geschn\u00fcrt: Am Dienstag, den 11. Mai 2021 um 17 Uhr er\u00f6ffnet im Hauptgeb\u00e4ude der Bibliothek die \u201eBorchert-Box\u201c, ein Glaskasten mit zwei R\u00e4umen, in denen die neue Dauerausstellung zu Leben und Werk des ber\u00fchmten Autors mit dem\u2026","rel":"","context":"In &quot;Ausstellungen und Veranstaltungen&quot;","block_context":{"text":"Ausstellungen und Veranstaltungen","link":"https:\/\/blog.sub.uni-hamburg.de\/?cat=9"},"img":{"alt_text":"Borchert-Box: Ausstellung ","src":"https:\/\/i0.wp.com\/blog.sub.uni-hamburg.de\/wp-content\/uploads\/2021\/04\/borchert-box-pfeife.jpg?resize=350%2C200&ssl=1","width":350,"height":200},"classes":[]}],"jetpack_sharing_enabled":true,"_links":{"self":[{"href":"https:\/\/blog.sub.uni-hamburg.de\/index.php?rest_route=\/wp\/v2\/posts\/475","targetHints":{"allow":["GET"]}}],"collection":[{"href":"https:\/\/blog.sub.uni-hamburg.de\/index.php?rest_route=\/wp\/v2\/posts"}],"about":[{"href":"https:\/\/blog.sub.uni-hamburg.de\/index.php?rest_route=\/wp\/v2\/types\/post"}],"author":[{"embeddable":true,"href":"https:\/\/blog.sub.uni-hamburg.de\/index.php?rest_route=\/wp\/v2\/users\/5"}],"replies":[{"embeddable":true,"href":"https:\/\/blog.sub.uni-hamburg.de\/index.php?rest_route=%2Fwp%2Fv2%2Fcomments&post=475"}],"version-history":[{"count":1,"href":"https:\/\/blog.sub.uni-hamburg.de\/index.php?rest_route=\/wp\/v2\/posts\/475\/revisions"}],"predecessor-version":[{"id":5699,"href":"https:\/\/blog.sub.uni-hamburg.de\/index.php?rest_route=\/wp\/v2\/posts\/475\/revisions\/5699"}],"wp:attachment":[{"href":"https:\/\/blog.sub.uni-hamburg.de\/index.php?rest_route=%2Fwp%2Fv2%2Fmedia&parent=475"}],"wp:term":[{"taxonomy":"category","embeddable":true,"href":"https:\/\/blog.sub.uni-hamburg.de\/index.php?rest_route=%2Fwp%2Fv2%2Fcategories&post=475"},{"taxonomy":"post_tag","embeddable":true,"href":"https:\/\/blog.sub.uni-hamburg.de\/index.php?rest_route=%2Fwp%2Fv2%2Ftags&post=475"}],"curies":[{"name":"wp","href":"https:\/\/api.w.org\/{rel}","templated":true}]}}