{"id":471,"date":"2007-03-02T11:28:53","date_gmt":"2007-03-02T10:28:53","guid":{"rendered":"http:\/\/www.sub.uni-hamburg.de\/blog\/?p=471"},"modified":"2007-04-02T10:41:04","modified_gmt":"2007-04-02T09:41:04","slug":"ausstellung-homosexuellen-verfolgung-fuhrungen","status":"publish","type":"post","link":"https:\/\/blog.sub.uni-hamburg.de\/?p=471","title":{"rendered":"Ausstellung &#8220;Homosexuellen-Verfolgung&#8221;: F\u00fchrungen"},"content":{"rendered":"<p>Die Er\u00f6ffnung der Ausstellung &#8220;Homosexuellen-Verfolgung in Hamburg&#8221; am 1. M\u00e4rz hatte so viele G\u00e4ste, dass der Vortragssaal sie nicht alle fassen konnte &#8211; und die Medien haben breit berichtet. Aufgrund dieser enormen Resonanz bieten wir jetzt 3 F\u00fchrungen durch die Ausstellung im Informationszentrum der Stabi (1. Stock) an:<\/p>\n<p>So., 11. M\u00e4rz 2007, 15 Uhr<br \/>\nUlf Bollmann und Bernhard Rosenkranz von der Initiative <a href=\"http:\/\/www.hamburg-auf-anderen-wegen.de\/stolpersteine\/\">&#8220;Gemeinsam gegen das Vergessen &#8211; Stolpersteine f\u00fcr homosexuelle NS-Opfer&#8221; <\/a>f\u00fchren durch die Ausstellung.<\/p>\n<p>Do., 15. M\u00e4rz 2007, 19 Uhr<br \/>\nBernhard Rosenkranz f\u00fchrt durch die Ausstellung. Schwerpunktthemen sind die Situation in der NS-Zeit und aktuelle Ergebnisse aus der Stolperstein-Forschung in Hamburg.<\/p>\n<p>Fr., 23. M\u00e4rz 2007, 19 Uhr<br \/>\nDr. Gottfried Lorenz f\u00fchrt durch die Ausstellung. Schwerpunktthema wird die Situation homosexueller M\u00e4nner nach 1945 sein.<\/p>\n<p><strong>Die Ausstellung wird aufgrund der gro\u00dfen Resonanz verl\u00e4ngert bis zum 19. Mai 2007<\/strong><\/p>\n<p><strong>Zusatzf\u00fchrungen:<\/strong><\/p>\n<p>Di, 27.3.2007, 14.30<br \/>\nBernhard Rosenkranz f\u00fchrt durch die Ausstellung: von der NS-Zeit bis 1969<\/p>\n<p>Mittwoch, 4.4.2007, 20 Uhr<br \/>\nBernhard Rosenkranz f\u00fchrt durch die Ausstellung: von der NS-Zeit bis 1969<\/p>\n<p>Do., 5.4.2007, 19 Uhr<br \/>\nBernhard Rosenkranz f\u00fchrt durch die Ausstellung: von der NS-Zeit bis 1969<\/p>\n<p>Mittwoch, 25.4., 19 Uhr<br \/>\nDr. Gottfried Lorenz f\u00fchrt durch die Ausstellung. Schwerpunktthema wird die Situation homosexueller M\u00e4nner nach 1945 sein.<\/p>\n<p>Dienstag, 15. Mai, 19 Uhr<br \/>\nDr. Gottfried Lorenz f\u00fchrt durch die Ausstellung. Schwerpunktthema wird die Situation homosexueller M\u00e4nner nach 1945 sein.<\/p>\n<p>Das Buch zur Ausstellung von Bernhard Rosenkranz und Gottfried Lorenz &#8220;Hamburg auf anderen Wegen. Die Geschichte des schwulen Lebens in der Hansestadt&#8221; ist <a href=\"https:\/\/hhas21.rrz.uni-hamburg.de\/DB=1\/SET=2\/TTL=1\/CMD?ACT=SRCHA&#038;IKT=1016&#038;SRT=YOP&#038;TRM=hamburg+auf+anderen+wegen+rosenkranz\">in der Stabi 2x vorhanden<\/a>.<\/p>\n","protected":false},"excerpt":{"rendered":"<p>Die Er\u00f6ffnung der Ausstellung &#8220;Homosexuellen-Verfolgung in Hamburg&#8221; am 1. M\u00e4rz hatte so viele G\u00e4ste, dass der Vortragssaal sie nicht alle fassen konnte &#8211; und die Medien haben breit berichtet. Aufgrund dieser enormen Resonanz bieten wir jetzt 3 F\u00fchrungen durch die Ausstellung im Informationszentrum der Stabi (1. Stock) an: So., 11. M\u00e4rz 2007, 15 Uhr Ulf [&hellip;]<\/p>\n","protected":false},"author":5,"featured_media":0,"comment_status":"open","ping_status":"open","sticky":false,"template":"","format":"standard","meta":{"jetpack_post_was_ever_published":false,"_jetpack_newsletter_access":"","_jetpack_dont_email_post_to_subs":false,"_jetpack_newsletter_tier_id":0,"_jetpack_memberships_contains_paywalled_content":false,"_jetpack_memberships_contains_paid_content":false,"footnotes":"","jetpack_publicize_message":"","jetpack_publicize_feature_enabled":true,"jetpack_social_post_already_shared":false,"jetpack_social_options":{"image_generator_settings":{"template":"highway","default_image_id":0,"font":"","enabled":false},"version":2}},"categories":[9],"tags":[],"class_list":["post-471","post","type-post","status-publish","format-standard","hentry","category-ausstellungen"],"views":8337,"jetpack_publicize_connections":[],"jetpack_featured_media_url":"","jetpack_shortlink":"https:\/\/wp.me\/p7hfNR-7B","jetpack-related-posts":[{"id":443,"url":"https:\/\/blog.sub.uni-hamburg.de\/?p=443","url_meta":{"origin":471,"position":0},"title":"Homosexuellen-Verfolgung in Hamburg (2.3.-7.4.2007, verl\u00e4ngert bis 19.5.!)","author":"MG","date":"07-02-07","format":false,"excerpt":"Erstmals ist in Hamburg eine Ausstellung \u00fcber die Homosexuellen-Verfolgung in der Hansestadt zu sehen. Die Schau im Informationszentrum der Bibliothek (1. Stock) bietet einen \u00dcberblick \u00fcber die Auswirkungen der nationalsozialistischen Homosexuellenverfolgung und gew\u00e4hrt Einblicke in individuelle Schicksale. Ein Beispiel ist der dreizehnte HSV-Pr\u00e4sident Emil Martens, der dreimal wegen seiner sexuellen\u2026","rel":"","context":"In &quot;Ausstellungen und Veranstaltungen&quot;","block_context":{"text":"Ausstellungen und Veranstaltungen","link":"https:\/\/blog.sub.uni-hamburg.de\/?cat=9"},"img":{"alt_text":"","src":"","width":0,"height":0},"classes":[]},{"id":1726,"url":"https:\/\/blog.sub.uni-hamburg.de\/?p=1726","url_meta":{"origin":471,"position":1},"title":"Auf Leben und Tod. Stolpersteine in Altona &#8211; eine biographische Spurensuche (Ausstellung 14.4.-2.6.2010)","author":"MG","date":"08-04-10","format":false,"excerpt":"Die Ausstellung des Stadtteilarchivs Ottensen \"Auf Leben und Tod\" wird im Informationszentrum der Stabi in der ersten Etage gezeigt. In Altona erinnern \u00fcber 160 \u201eStolpersteine\u201c des K\u00fcnstlers Gunter Demnig an Opfer des Nationalsozialismus. Die Ausstellung geht den biographischen Spuren von zwanzig Altonaern und Altonaerinnen nach, die unter nationalsozialistischer Herrschaft ermordet\u2026","rel":"","context":"In &quot;Ausstellungen und Veranstaltungen&quot;","block_context":{"text":"Ausstellungen und Veranstaltungen","link":"https:\/\/blog.sub.uni-hamburg.de\/?cat=9"},"img":{"alt_text":"","src":"https:\/\/i0.wp.com\/blog.sub.uni-hamburg.de\/wp-content\/uploads\/2010\/04\/10-Stolperstein-Pl.jpg?resize=350%2C200&ssl=1","width":350,"height":200,"srcset":"https:\/\/i0.wp.com\/blog.sub.uni-hamburg.de\/wp-content\/uploads\/2010\/04\/10-Stolperstein-Pl.jpg?resize=350%2C200&ssl=1 1x, https:\/\/i0.wp.com\/blog.sub.uni-hamburg.de\/wp-content\/uploads\/2010\/04\/10-Stolperstein-Pl.jpg?resize=525%2C300&ssl=1 1.5x, https:\/\/i0.wp.com\/blog.sub.uni-hamburg.de\/wp-content\/uploads\/2010\/04\/10-Stolperstein-Pl.jpg?resize=700%2C400&ssl=1 2x"},"classes":[]},{"id":228,"url":"https:\/\/blog.sub.uni-hamburg.de\/?p=228","url_meta":{"origin":471,"position":2},"title":"CSD und dann?","author":"DL","date":"03-08-06","format":false,"excerpt":"Am 5.8. ist ja Christopher Street Day in Hamburg. Wie w\u00e4re es da mit ein bisschen Lekt\u00fcre zu den schwulen Metropolen der Welt: San Francisco (Kaiser: The gay metropolis 1940-1996, Signatur: A 2000\/3409), London (Kaplan: Sodom on the Thames, A 2005\/13471, oder Houlbrook: Queer London, A 2006\/297), nat\u00fcrlich auch Berlin\u2026","rel":"","context":"In &quot;Aufgelesen&quot;","block_context":{"text":"Aufgelesen","link":"https:\/\/blog.sub.uni-hamburg.de\/?cat=18"},"img":{"alt_text":"","src":"","width":0,"height":0},"classes":[]},{"id":1237,"url":"https:\/\/blog.sub.uni-hamburg.de\/?p=1237","url_meta":{"origin":471,"position":3},"title":"Tagung und Ausstellung zu dem Hamburger Musiktheoretiker Johann Mattheson (26.3.-17.5.09)","author":"MG","date":"06-03-09","format":false,"excerpt":"Mit Johann Mattheson (1681\u20131764) als Publizist, \u00dcbersetzer, Philosoph, Diplomat, Musiktheoretiker und Komponist besch\u00e4ftigt sich die Tagung \"Johann Mattheson als Vermittler und Initiator. Wissenstransfer und Etablierung neuer Diskurse in der ersten H\u00e4lfte des 18. Jahrhunderts\" vom 26. bis 28. M\u00e4rz 2009 in der Staats- und Universit\u00e4tsbibliothek Hamburg. 25 Referenten aus sechs\u2026","rel":"","context":"In &quot;Ausstellungen und Veranstaltungen&quot;","block_context":{"text":"Ausstellungen und Veranstaltungen","link":"https:\/\/blog.sub.uni-hamburg.de\/?cat=9"},"img":{"alt_text":"","src":"","width":0,"height":0},"classes":[]},{"id":24434,"url":"https:\/\/blog.sub.uni-hamburg.de\/?p=24434","url_meta":{"origin":471,"position":4},"title":"Brigitte Nolden \u2013 La prima idea (15.3.-19.5.)","author":"Markus Trapp","date":"01-03-18","format":false,"excerpt":"Schulhefte, Skizzenb\u00fccher, Grafik-B\u00fccher, Radierungen, Zeichnungen, kleine Gem\u00e4lde, Plastiken, Werkkataloge. 1957 \u2013 2017. Die eng mit Hamburg verbundene K\u00fcnstlerin Brigitte Nolden schaut zur\u00fcck auf ihr Lebenswerk und zeigt vom 15. M\u00e4rz bis 19. Mai 2018 ihre Arbeiten von der ersten Idee, \u201eLa Prima Idea\u201c, den anf\u00e4nglichen Skizzen im Geheimheft \u00fcber Bildserien\u2026","rel":"","context":"In &quot;Ausstellungen und Veranstaltungen&quot;","block_context":{"text":"Ausstellungen und Veranstaltungen","link":"https:\/\/blog.sub.uni-hamburg.de\/?cat=9"},"img":{"alt_text":"Peloponnes-Skizzenbuch, 2007","src":"https:\/\/i0.wp.com\/blog.sub.uni-hamburg.de\/wp-content\/uploads\/2018\/03\/Peloponnes-Skizzenbuch-2007-150x63.jpg?resize=350%2C200&ssl=1","width":350,"height":200,"srcset":"https:\/\/i0.wp.com\/blog.sub.uni-hamburg.de\/wp-content\/uploads\/2018\/03\/Peloponnes-Skizzenbuch-2007-150x63.jpg?resize=350%2C200&ssl=1 1x, https:\/\/i0.wp.com\/blog.sub.uni-hamburg.de\/wp-content\/uploads\/2018\/03\/Peloponnes-Skizzenbuch-2007-150x63.jpg?resize=525%2C300&ssl=1 1.5x, https:\/\/i0.wp.com\/blog.sub.uni-hamburg.de\/wp-content\/uploads\/2018\/03\/Peloponnes-Skizzenbuch-2007-150x63.jpg?resize=700%2C400&ssl=1 2x, https:\/\/i0.wp.com\/blog.sub.uni-hamburg.de\/wp-content\/uploads\/2018\/03\/Peloponnes-Skizzenbuch-2007-150x63.jpg?resize=1050%2C600&ssl=1 3x, https:\/\/i0.wp.com\/blog.sub.uni-hamburg.de\/wp-content\/uploads\/2018\/03\/Peloponnes-Skizzenbuch-2007-150x63.jpg?resize=1400%2C800&ssl=1 4x"},"classes":[]},{"id":41062,"url":"https:\/\/blog.sub.uni-hamburg.de\/?p=41062","url_meta":{"origin":471,"position":5},"title":"Grindel leuchtet (9.11.)","author":"Markus Trapp","date":"23-10-25","format":false,"excerpt":"Sonntag, 9. November 2025, 17 Uhr, Treffpunkt: Foyer der Stabi. Gemeinsames Erinnern und Entz\u00fcnden von Kerzen an den Stolpersteinen der Staats- und Universit\u00e4tsbibliothek im Rahmen von \u201eGrindel leuchtet\u201c, einer j\u00e4hrlichen, zivilgesellschaftlichen Initiative in Gedenken an die Novemberpogrome im Hamburger Grindelviertel. Eine Veranstaltung der Arbeitsstelle Provenienzforschung der Stabi Hamburg und der\u2026","rel":"","context":"In &quot;Ausstellungen und Veranstaltungen&quot;","block_context":{"text":"Ausstellungen und Veranstaltungen","link":"https:\/\/blog.sub.uni-hamburg.de\/?cat=9"},"img":{"alt_text":"Stolpersteine vor der Stabi Hamburg","src":"https:\/\/i0.wp.com\/blog.sub.uni-hamburg.de\/wp-content\/uploads\/2024\/10\/grindelleuchtet-225x300.jpg?resize=350%2C200&ssl=1","width":350,"height":200},"classes":[]}],"jetpack_sharing_enabled":true,"_links":{"self":[{"href":"https:\/\/blog.sub.uni-hamburg.de\/index.php?rest_route=\/wp\/v2\/posts\/471","targetHints":{"allow":["GET"]}}],"collection":[{"href":"https:\/\/blog.sub.uni-hamburg.de\/index.php?rest_route=\/wp\/v2\/posts"}],"about":[{"href":"https:\/\/blog.sub.uni-hamburg.de\/index.php?rest_route=\/wp\/v2\/types\/post"}],"author":[{"embeddable":true,"href":"https:\/\/blog.sub.uni-hamburg.de\/index.php?rest_route=\/wp\/v2\/users\/5"}],"replies":[{"embeddable":true,"href":"https:\/\/blog.sub.uni-hamburg.de\/index.php?rest_route=%2Fwp%2Fv2%2Fcomments&post=471"}],"version-history":[{"count":0,"href":"https:\/\/blog.sub.uni-hamburg.de\/index.php?rest_route=\/wp\/v2\/posts\/471\/revisions"}],"wp:attachment":[{"href":"https:\/\/blog.sub.uni-hamburg.de\/index.php?rest_route=%2Fwp%2Fv2%2Fmedia&parent=471"}],"wp:term":[{"taxonomy":"category","embeddable":true,"href":"https:\/\/blog.sub.uni-hamburg.de\/index.php?rest_route=%2Fwp%2Fv2%2Fcategories&post=471"},{"taxonomy":"post_tag","embeddable":true,"href":"https:\/\/blog.sub.uni-hamburg.de\/index.php?rest_route=%2Fwp%2Fv2%2Ftags&post=471"}],"curies":[{"name":"wp","href":"https:\/\/api.w.org\/{rel}","templated":true}]}}