{"id":42498,"date":"2026-04-29T08:00:33","date_gmt":"2026-04-29T06:00:33","guid":{"rendered":"https:\/\/blog.sub.uni-hamburg.de\/?p=42498"},"modified":"2026-04-28T17:13:16","modified_gmt":"2026-04-28T15:13:16","slug":"das-zollenspieker-faehrhaus-800-jahre-hamburger-geschichte-an-der-elbe-joachim-mohr-13-5","status":"publish","type":"post","link":"https:\/\/blog.sub.uni-hamburg.de\/?p=42498","title":{"rendered":"Das Zollenspieker F\u00e4hrhaus \u2013 800 Jahre Hamburger Geschichte an der Elbe &#8211; Joachim Mohr (13.5.)"},"content":{"rendered":"<p><strong>Mittwoch, 13.5., 18 Uhr, Vortragsraum.<\/strong><\/p>\n<p><a href=\"https:\/\/www.zollenspieker-faehrhaus.de\/zollenspieker-faehrhaus-das-buch\/\"><img loading=\"lazy\" decoding=\"async\" data-attachment-id=\"42499\" data-permalink=\"https:\/\/blog.sub.uni-hamburg.de\/?attachment_id=42499\" data-orig-file=\"https:\/\/blog.sub.uni-hamburg.de\/wp-content\/uploads\/2026\/04\/zollenspieker-gr.jpg\" data-orig-size=\"700,302\" data-comments-opened=\"1\" data-image-meta=\"{&quot;aperture&quot;:&quot;0&quot;,&quot;credit&quot;:&quot;&quot;,&quot;camera&quot;:&quot;&quot;,&quot;caption&quot;:&quot;&quot;,&quot;created_timestamp&quot;:&quot;0&quot;,&quot;copyright&quot;:&quot;&quot;,&quot;focal_length&quot;:&quot;0&quot;,&quot;iso&quot;:&quot;0&quot;,&quot;shutter_speed&quot;:&quot;0&quot;,&quot;title&quot;:&quot;&quot;,&quot;orientation&quot;:&quot;0&quot;}\" data-image-title=\"zollenspieker-gr\" data-image-description=\"\" data-image-caption=\"\" data-large-file=\"https:\/\/blog.sub.uni-hamburg.de\/wp-content\/uploads\/2026\/04\/zollenspieker-gr.jpg\" src=\"https:\/\/blog.sub.uni-hamburg.de\/wp-content\/uploads\/2026\/04\/zollenspieker-gr.jpg\" alt=\"Das Zollenspieker F\u00e4hrhaus \u2013 800 Jahre Hamburger Geschichte an der Elbe\" title=\"Das Zollenspieker F\u00e4hrhaus \u2013 800 Jahre Hamburger Geschichte an der Elbe\" width=\"700\" height=\"302\" class=\"aligncenter size-full wp-image-42499\" srcset=\"https:\/\/blog.sub.uni-hamburg.de\/wp-content\/uploads\/2026\/04\/zollenspieker-gr.jpg 700w, https:\/\/blog.sub.uni-hamburg.de\/wp-content\/uploads\/2026\/04\/zollenspieker-gr-300x129.jpg 300w, https:\/\/blog.sub.uni-hamburg.de\/wp-content\/uploads\/2026\/04\/zollenspieker-gr-150x65.jpg 150w\" sizes=\"auto, (max-width: 700px) 100vw, 700px\" \/><\/a><\/p>\n<p>Als F\u00e4hrstelle und als Ausflugsziel an der Elbe ist der Zollenspieker vielen Hamburger:innen gut bekannt. Joachim Mohr hat die Geschichte der Zoll- und F\u00e4hrstelle wie auch die des F\u00e4hrhauses recherchiert und in einem Buch beschrieben. In seinem Vortrag wird er uns diese wichtige historische St\u00e4tte in den Vierlanden im Kontext der Stadt- und Regionalgeschichte nahebringen.<br \/>\n<!--more--><\/p>\n<p>Joachim Mohr war von 1993 bis 2021 Redakteur beim SPIEGEL. Er hat zahlreiche B\u00fccher herausgegeben und mehrere verfasst. Sein <a href=\"https:\/\/www.zollenspieker-faehrhaus.de\/zollenspieker-faehrhaus-das-buch\/\">Buch \u00fcber den Zollenspieker<\/a> erschien 2025 im Hummerstein Verlag in Seedorf.<\/p>\n<p>Eine Veranstaltung des <a href=\"https:\/\/www.vfhg.de\/\">Vereins f\u00fcr Hamburgische Geschichte<\/a> in Kooperation mit der Staats- und Universit\u00e4tsbibliothek Hamburg. Der Eintritt ist frei.<\/p>\n","protected":false},"excerpt":{"rendered":"<p>Mittwoch, 13.5., 18 Uhr, Vortragsraum. Als F\u00e4hrstelle und als Ausflugsziel an der Elbe ist der Zollenspieker vielen Hamburger:innen gut bekannt. Joachim Mohr hat die Geschichte der Zoll- und F\u00e4hrstelle wie auch die des F\u00e4hrhauses recherchiert und in einem Buch beschrieben. In seinem Vortrag wird er uns diese wichtige historische St\u00e4tte in den Vierlanden im Kontext [&hellip;]<\/p>\n","protected":false},"author":19,"featured_media":0,"comment_status":"open","ping_status":"open","sticky":false,"template":"","format":"standard","meta":{"jetpack_post_was_ever_published":false,"_jetpack_newsletter_access":"","_jetpack_dont_email_post_to_subs":false,"_jetpack_newsletter_tier_id":0,"_jetpack_memberships_contains_paywalled_content":false,"_jetpack_memberships_contains_paid_content":false,"footnotes":"","jetpack_publicize_message":"","jetpack_publicize_feature_enabled":true,"jetpack_social_post_already_shared":true,"jetpack_social_options":{"image_generator_settings":{"template":"highway","default_image_id":0,"font":"","enabled":false},"version":2}},"categories":[9],"tags":[],"class_list":["post-42498","post","type-post","status-publish","format-standard","hentry","category-ausstellungen"],"views":196,"jetpack_publicize_connections":[],"jetpack_featured_media_url":"","jetpack_shortlink":"https:\/\/wp.me\/p7hfNR-b3s","jetpack-related-posts":[{"id":3452,"url":"https:\/\/blog.sub.uni-hamburg.de\/?p=3452","url_meta":{"origin":42498,"position":0},"title":"Vortrag: Dr. Klaus-Joachim Lorenzen-Schmidt: Archivsch\u00e4tze und Archivalienschutz. (3.11.2010)","author":"BP","date":"01-11-10","format":false,"excerpt":"Archive dienen der Verwahrung der wichtigsten schriftlichen \u00dcberlieferungen unserer Gesellschaft, weshalb besondere Achtsamkeit gegen\u00fcber der Gefahr von Verlust geboten ist. Mit dem Bau von Archivzweckgeb\u00e4uden seit dem Anfang des 20. Jahrhunderts konnten Sicherungsma\u00dfnahmen, z. B. bei Brandgefahr, bereits konstruktiv bedacht werden. Wenig oder keinen hinreichenden Schutz boten und bieten diese\u2026","rel":"","context":"In &quot;Ausstellungen und Veranstaltungen&quot;","block_context":{"text":"Ausstellungen und Veranstaltungen","link":"https:\/\/blog.sub.uni-hamburg.de\/?cat=9"},"img":{"alt_text":"","src":"","width":0,"height":0},"classes":[]},{"id":41329,"url":"https:\/\/blog.sub.uni-hamburg.de\/?p=41329","url_meta":{"origin":42498,"position":1},"title":"Vortrag: Bis hierhin und nicht weiter!? Grenzen in der Geschichte (3.12.)","author":"Markus Trapp","date":"19-11-25","format":false,"excerpt":"Mittwoch, 3.12., 18 Uhr, Vortragsraum. 6.720 Sch\u00fcler:innen haben sich mit 2.289 Beitr\u00e4gen am Geschichtswettbewerb des Bundespr\u00e4sidenten 2024\/25 zum Thema \u201eGrenzen in der Geschichte\u201c beteiligt. Es war die erfolgreichste Runde seit drei\u00dfig Jahren. Einige Hamburger Landessieger:innen des diesj\u00e4hrigen Wettbewerbs geben uns Einblicke in ihre Forschungsergebnisse. Moderiert wird der Abend von Dr.\u2026","rel":"","context":"In &quot;Ausstellungen und Veranstaltungen&quot;","block_context":{"text":"Ausstellungen und Veranstaltungen","link":"https:\/\/blog.sub.uni-hamburg.de\/?cat=9"},"img":{"alt_text":"Joachim Wendt","src":"https:\/\/i0.wp.com\/blog.sub.uni-hamburg.de\/wp-content\/uploads\/2025\/11\/Wendt_Joachim-300x300.jpg?resize=350%2C200&ssl=1","width":350,"height":200},"classes":[]},{"id":6433,"url":"https:\/\/blog.sub.uni-hamburg.de\/?p=6433","url_meta":{"origin":42498,"position":2},"title":"Hamburg nach dem Krieg \u2013 mit fremden Augen. Zwei wieder entdeckte Filme. (7.12.)","author":"Markus Trapp","date":"28-11-11","format":false,"excerpt":"Hamburg nach dem Krieg \u2013 mit fremden Augen. Zwei wieder entdeckte Filme aus Schweden und den USA. Vorgestellt von Dr. Joachim Paschen und Carsten Stern \u201eLicht und Schatten \u00fcber Hamburg\u201c, eine Produktion von Svensk Kulturfilm, stammt aus dem Jahre 1948 und ist ungew\u00f6hnlicherweise in Farbe: Er dokumentiert eine Reise schwedischer\u2026","rel":"","context":"In &quot;Ausstellungen und Veranstaltungen&quot;","block_context":{"text":"Ausstellungen und Veranstaltungen","link":"https:\/\/blog.sub.uni-hamburg.de\/?cat=9"},"img":{"alt_text":"Film- und Fernsehmuseum e.V.","src":"https:\/\/i0.wp.com\/blog.sub.uni-hamburg.de\/wp-content\/uploads\/2011\/11\/filmufernsehmuseumhh.jpg?resize=350%2C200&ssl=1","width":350,"height":200},"classes":[]},{"id":1371,"url":"https:\/\/blog.sub.uni-hamburg.de\/?p=1371","url_meta":{"origin":42498,"position":3},"title":"Neue Publikation im Stabi-Verlag: Die Ordnung der Natur","author":"Isabella Meinecke","date":"31-08-09","format":false,"excerpt":"Alle Publikationen von Hamburg University Press, dem Stabi-Verlag, sind online frei verf\u00fcgbar (so genannter Open Access). Den vorliegenden Titel k\u00f6nnen Sie zus\u00e4tzlich im Print direkt beim Verlag bestellen oder \u00fcber den Buchhandel erwerben. Die Ordnung der Natur Herausgegeben von Rainer Hering (Ver\u00f6ffentlichungen des Landesarchivs Schleswig-Holstein Band 96) Interessieren Sie sich\u2026","rel":"","context":"In &quot;Hamburg University Press&quot;","block_context":{"text":"Hamburg University Press","link":"https:\/\/blog.sub.uni-hamburg.de\/?cat=19"},"img":{"alt_text":"","src":"","width":0,"height":0},"classes":[]},{"id":20151,"url":"https:\/\/blog.sub.uni-hamburg.de\/?p=20151","url_meta":{"origin":42498,"position":4},"title":"Ein Haus und seine Gesellschaft \u2013 das Patriotische Geb\u00e4ude 1842-2015 (25.5.)","author":"Markus Trapp","date":"17-05-16","format":false,"excerpt":"Dr. J\u00f6rg Schilling: Ein Haus und seine Gesellschaft \u2013 das Patriotische Geb\u00e4ude 1842-2015 Joachim Reinig: Bewahren und Ver\u00e4ndern: Der Umgang mit einem Denkmal Das Haus der Patriotischen Gesellschaft von 1765 an der Trostbr\u00fccke ist eines der bedeutendsten Baudenkm\u00e4ler Hamburgs. Auf dem Platz des beim Gro\u00dfen Brand 1842 gesprengten Rathauses entwarf\u2026","rel":"","context":"In &quot;Ausstellungen und Veranstaltungen&quot;","block_context":{"text":"Ausstellungen und Veranstaltungen","link":"https:\/\/blog.sub.uni-hamburg.de\/?cat=9"},"img":{"alt_text":"","src":"https:\/\/i0.wp.com\/blog.sub.uni-hamburg.de\/wp-content\/uploads\/2016\/05\/Patriotisches-Gebaeude.jpg?resize=350%2C200&ssl=1","width":350,"height":200,"srcset":"https:\/\/i0.wp.com\/blog.sub.uni-hamburg.de\/wp-content\/uploads\/2016\/05\/Patriotisches-Gebaeude.jpg?resize=350%2C200&ssl=1 1x, https:\/\/i0.wp.com\/blog.sub.uni-hamburg.de\/wp-content\/uploads\/2016\/05\/Patriotisches-Gebaeude.jpg?resize=525%2C300&ssl=1 1.5x"},"classes":[]},{"id":12125,"url":"https:\/\/blog.sub.uni-hamburg.de\/?p=12125","url_meta":{"origin":42498,"position":5},"title":"Andocken. Hamburgs Kulturgeschichte 1848 bis 1933 (19.6.)","author":"Markus Trapp","date":"11-06-13","format":false,"excerpt":"Eine Buchpr\u00e4sentation des Forschungsverbunds f\u00fcr die Kulturgeschichte Hamburgs. Dirk Hempel und Ingrid Schr\u00f6der, die beiden Herausgeber, werden den Band IV der 'Beitr\u00e4ge zur hamburgischen Geschichte' pers\u00f6nlich vorstellen. Franklin Kopitzsch wird in seinem Vortrag die Beitr\u00e4ge zu \"Hamburgs Kulturgeschichte\" in eine umfassendere Betrachtung \u00fcber die Metropolregion Hamburgs und ihrer Geschichte einordnen\u2026","rel":"","context":"In &quot;Aktuelles&quot;","block_context":{"text":"Aktuelles","link":"https:\/\/blog.sub.uni-hamburg.de\/?cat=1"},"img":{"alt_text":"","src":"https:\/\/i0.wp.com\/blog.sub.uni-hamburg.de\/wp-content\/uploads\/2013\/06\/andocken.jpg?resize=350%2C200&ssl=1","width":350,"height":200},"classes":[]}],"jetpack_sharing_enabled":true,"_links":{"self":[{"href":"https:\/\/blog.sub.uni-hamburg.de\/index.php?rest_route=\/wp\/v2\/posts\/42498","targetHints":{"allow":["GET"]}}],"collection":[{"href":"https:\/\/blog.sub.uni-hamburg.de\/index.php?rest_route=\/wp\/v2\/posts"}],"about":[{"href":"https:\/\/blog.sub.uni-hamburg.de\/index.php?rest_route=\/wp\/v2\/types\/post"}],"author":[{"embeddable":true,"href":"https:\/\/blog.sub.uni-hamburg.de\/index.php?rest_route=\/wp\/v2\/users\/19"}],"replies":[{"embeddable":true,"href":"https:\/\/blog.sub.uni-hamburg.de\/index.php?rest_route=%2Fwp%2Fv2%2Fcomments&post=42498"}],"version-history":[{"count":2,"href":"https:\/\/blog.sub.uni-hamburg.de\/index.php?rest_route=\/wp\/v2\/posts\/42498\/revisions"}],"predecessor-version":[{"id":42501,"href":"https:\/\/blog.sub.uni-hamburg.de\/index.php?rest_route=\/wp\/v2\/posts\/42498\/revisions\/42501"}],"wp:attachment":[{"href":"https:\/\/blog.sub.uni-hamburg.de\/index.php?rest_route=%2Fwp%2Fv2%2Fmedia&parent=42498"}],"wp:term":[{"taxonomy":"category","embeddable":true,"href":"https:\/\/blog.sub.uni-hamburg.de\/index.php?rest_route=%2Fwp%2Fv2%2Fcategories&post=42498"},{"taxonomy":"post_tag","embeddable":true,"href":"https:\/\/blog.sub.uni-hamburg.de\/index.php?rest_route=%2Fwp%2Fv2%2Ftags&post=42498"}],"curies":[{"name":"wp","href":"https:\/\/api.w.org\/{rel}","templated":true}]}}