{"id":42493,"date":"2026-04-28T10:56:49","date_gmt":"2026-04-28T08:56:49","guid":{"rendered":"https:\/\/blog.sub.uni-hamburg.de\/?p=42493"},"modified":"2026-04-28T10:56:49","modified_gmt":"2026-04-28T08:56:49","slug":"chorkonzert-wake-me-up-spring-9-5","status":"publish","type":"post","link":"https:\/\/blog.sub.uni-hamburg.de\/?p=42493","title":{"rendered":"Chorkonzert: \u201eWake Me Up, Spring!\u201c (9.5.)"},"content":{"rendered":"<p><strong>Samstag, 9.5., 19 Uhr, Lichthof.<\/strong><\/p>\n<p><a href=\"https:\/\/blog.sub.uni-hamburg.de\/wp-content\/uploads\/2026\/04\/260227_Wake_Me_UP-1920w.jpg\"><img loading=\"lazy\" decoding=\"async\" data-attachment-id=\"42495\" data-permalink=\"https:\/\/blog.sub.uni-hamburg.de\/?attachment_id=42495\" data-orig-file=\"https:\/\/blog.sub.uni-hamburg.de\/wp-content\/uploads\/2026\/04\/260227_Wake_Me_UP-1920w-kl.jpg\" data-orig-size=\"700,450\" data-comments-opened=\"1\" data-image-meta=\"{&quot;aperture&quot;:&quot;0&quot;,&quot;credit&quot;:&quot;&quot;,&quot;camera&quot;:&quot;&quot;,&quot;caption&quot;:&quot;&quot;,&quot;created_timestamp&quot;:&quot;0&quot;,&quot;copyright&quot;:&quot;&quot;,&quot;focal_length&quot;:&quot;0&quot;,&quot;iso&quot;:&quot;0&quot;,&quot;shutter_speed&quot;:&quot;0&quot;,&quot;title&quot;:&quot;&quot;,&quot;orientation&quot;:&quot;0&quot;}\" data-image-title=\"260227_Wake_Me_UP-1920w-kl\" data-image-description=\"\" data-image-caption=\"\" data-large-file=\"https:\/\/blog.sub.uni-hamburg.de\/wp-content\/uploads\/2026\/04\/260227_Wake_Me_UP-1920w-kl.jpg\" src=\"https:\/\/blog.sub.uni-hamburg.de\/wp-content\/uploads\/2026\/04\/260227_Wake_Me_UP-1920w-kl.jpg\" alt=\"Chorkonzert: 'Wake Me Up, Spring!'\" title=\"Chorkonzert: 'Wake Me Up, Spring!'\" width=\"700\" height=\"450\" class=\"aligncenter size-full wp-image-42495\" srcset=\"https:\/\/blog.sub.uni-hamburg.de\/wp-content\/uploads\/2026\/04\/260227_Wake_Me_UP-1920w-kl.jpg 700w, https:\/\/blog.sub.uni-hamburg.de\/wp-content\/uploads\/2026\/04\/260227_Wake_Me_UP-1920w-kl-300x193.jpg 300w, https:\/\/blog.sub.uni-hamburg.de\/wp-content\/uploads\/2026\/04\/260227_Wake_Me_UP-1920w-kl-150x96.jpg 150w\" sizes=\"auto, (max-width: 700px) 100vw, 700px\" \/><\/a><\/p>\n<p>Der preisgekr\u00f6nte Hamburger Chor <a href=\"https:\/\/www.home-chor.com\/\">HOME<\/a> begeistert unter der Leitung von Vera Langer und Ram\u00f3n Lazzaroni mit seinem ganz eigenen, warmen Sound und pr\u00e4sentiert Ausz\u00fcge aus dem neuen Programm \u201eElements\u201c. Flankiert wird der Abend von Local Vocal aus Aarhus \u2013 D\u00e4nemarks Pop-A-Cappella-Export mit \u00fcber 8 Millionen YouTube-Views. Mit technischer Perfektion bringt das Ensemble den modernen \u201eDanish Sound\u201c direkt auf die B\u00fchne. Zwei Ch\u00f6re, zwei Nationen: Pop-Chormusik auf h\u00f6chstem Niveau.<\/p>\n<p>Eintritt: 22 \u20ac\/ 18 \u20ac. Tickets unter: <a href=\"https:\/\/www.eventbrite.de\/e\/home-local-vocal-fruhlingskonzert-tickets-1984177826291?aff=oddtdtcreator\">www.eventbrite.de<\/a><\/p>\n","protected":false},"excerpt":{"rendered":"<p>Samstag, 9.5., 19 Uhr, Lichthof. Der preisgekr\u00f6nte Hamburger Chor HOME begeistert unter der Leitung von Vera Langer und Ram\u00f3n Lazzaroni mit seinem ganz eigenen, warmen Sound und pr\u00e4sentiert Ausz\u00fcge aus dem neuen Programm \u201eElements\u201c. Flankiert wird der Abend von Local Vocal aus Aarhus \u2013 D\u00e4nemarks Pop-A-Cappella-Export mit \u00fcber 8 Millionen YouTube-Views. Mit technischer Perfektion bringt [&hellip;]<\/p>\n","protected":false},"author":19,"featured_media":0,"comment_status":"open","ping_status":"open","sticky":false,"template":"","format":"standard","meta":{"jetpack_post_was_ever_published":false,"_jetpack_newsletter_access":"","_jetpack_dont_email_post_to_subs":false,"_jetpack_newsletter_tier_id":0,"_jetpack_memberships_contains_paywalled_content":false,"_jetpack_memberships_contains_paid_content":false,"footnotes":"","jetpack_publicize_message":"","jetpack_publicize_feature_enabled":true,"jetpack_social_post_already_shared":true,"jetpack_social_options":{"image_generator_settings":{"template":"highway","default_image_id":0,"font":"","enabled":false},"version":2}},"categories":[9],"tags":[],"class_list":["post-42493","post","type-post","status-publish","format-standard","hentry","category-ausstellungen"],"views":144,"jetpack_publicize_connections":[],"jetpack_featured_media_url":"","jetpack_shortlink":"https:\/\/wp.me\/p7hfNR-b3n","jetpack-related-posts":[{"id":25078,"url":"https:\/\/blog.sub.uni-hamburg.de\/?p=25078","url_meta":{"origin":42493,"position":0},"title":"Konzert UKE-Studierendenchor (15.6.)","author":"Markus Trapp","date":"01-06-18","format":false,"excerpt":"Bereits das dritte Mal gestalten der Studierendenchor des Universit\u00e4tsklinikums Hamburg-Eppendorf und das Saxophon-Quintett QWAIN ein gemeinsames Konzert! Die Bandbesetzung mit Sopran-, Alt-, Tenor- sowie Baritonsaxophon bietet ein seltenes Klangerlebnis und hat h\u00f6renswerte und farbenfrohe St\u00fccke aus dem Bereich Swing, Pop, Musical und Klassik zusammengestellt. Der Studierendenchor umfasst mittlerweile knapp 30\u2026","rel":"","context":"In &quot;Ausstellungen und Veranstaltungen&quot;","block_context":{"text":"Ausstellungen und Veranstaltungen","link":"https:\/\/blog.sub.uni-hamburg.de\/?cat=9"},"img":{"alt_text":"UKE-Studierendenchor","src":"https:\/\/i0.wp.com\/blog.sub.uni-hamburg.de\/wp-content\/uploads\/2018\/06\/18-06-15-ukestudierendenchor-flyer.jpg?resize=350%2C200&ssl=1","width":350,"height":200,"srcset":"https:\/\/i0.wp.com\/blog.sub.uni-hamburg.de\/wp-content\/uploads\/2018\/06\/18-06-15-ukestudierendenchor-flyer.jpg?resize=350%2C200&ssl=1 1x, https:\/\/i0.wp.com\/blog.sub.uni-hamburg.de\/wp-content\/uploads\/2018\/06\/18-06-15-ukestudierendenchor-flyer.jpg?resize=525%2C300&ssl=1 1.5x"},"classes":[]},{"id":25134,"url":"https:\/\/blog.sub.uni-hamburg.de\/?p=25134","url_meta":{"origin":42493,"position":1},"title":"Alumni-Chor Universit\u00e4t Hamburg: Love &#038; Spirit (29.6.)","author":"Markus Trapp","date":"14-06-18","format":false,"excerpt":"Alte Madrigale und neue Motetten \u2013 Musik aus Renaissance und Gegenwart. \u201eLasst uns singen, unseren Kummer vergessen\u201c, hei\u00dft es im historischen Tanzlied Tourdion. Von Weltlichem wie Liebe, Freude, Tr\u00e4nen, geh\u00f6rnten Ehem\u00e4nnern oder gutem Wein erz\u00e4hlen die Madrigale aus der Renaissance, u.a. von Lasso, Tomkins und Monteverdi. In seinem Sommerkonzert 2018\u2026","rel":"","context":"In &quot;Ausstellungen und Veranstaltungen&quot;","block_context":{"text":"Ausstellungen und Veranstaltungen","link":"https:\/\/blog.sub.uni-hamburg.de\/?cat=9"},"img":{"alt_text":"","src":"https:\/\/i0.wp.com\/blog.sub.uni-hamburg.de\/wp-content\/uploads\/2018\/06\/DEE819D3-C5AC-48D3-9746-98A840729C0B-e1528990052753.jpeg?resize=350%2C200&ssl=1","width":350,"height":200,"srcset":"https:\/\/i0.wp.com\/blog.sub.uni-hamburg.de\/wp-content\/uploads\/2018\/06\/DEE819D3-C5AC-48D3-9746-98A840729C0B-e1528990052753.jpeg?resize=350%2C200&ssl=1 1x, https:\/\/i0.wp.com\/blog.sub.uni-hamburg.de\/wp-content\/uploads\/2018\/06\/DEE819D3-C5AC-48D3-9746-98A840729C0B-e1528990052753.jpeg?resize=525%2C300&ssl=1 1.5x"},"classes":[]},{"id":23756,"url":"https:\/\/blog.sub.uni-hamburg.de\/?p=23756","url_meta":{"origin":42493,"position":2},"title":"vokalformat 8: INCANTATIONS \u2013 musikalische Schwebezust\u00e4nde f\u00fcr 8 Stimmen (18.11.)","author":"Markus Trapp","date":"06-11-17","format":false,"excerpt":"Werke von Sch\u00fctz, Bach, Buchenberg, Gjeilo u.a. Mit INCANTATIONS tritt das Ensemble vokalformat 8, dessen S\u00e4nger*innen aus renommierten Ch\u00f6ren stammen, bundesweit auf. In dem au\u00dfergew\u00f6hnlichen Vokalmusik-Programm werden neben hochklassigem Gesang auch schwingende Weingl\u00e4ser, Stampfen, Rufen und Fl\u00fcstern zu h\u00f6ren sein. Das achtk\u00f6pfige Ensemble l\u00e4sst Kl\u00e4nge aus allen Himmelsrichtungen auf das\u2026","rel":"","context":"In &quot;Ausstellungen und Veranstaltungen&quot;","block_context":{"text":"Ausstellungen und Veranstaltungen","link":"https:\/\/blog.sub.uni-hamburg.de\/?cat=9"},"img":{"alt_text":"vokalformat 8","src":"https:\/\/i0.wp.com\/blog.sub.uni-hamburg.de\/wp-content\/uploads\/2017\/11\/vokalformat8.jpg?resize=350%2C200&ssl=1","width":350,"height":200},"classes":[]},{"id":15826,"url":"https:\/\/blog.sub.uni-hamburg.de\/?p=15826","url_meta":{"origin":42493,"position":3},"title":"Chorkonzert: Feuer &#8211; Liebe &#8211; Weisheit (24.9.)","author":"Markus Trapp","date":"17-09-14","format":false,"excerpt":"Der Chor des Hamburger Konservatoriums f\u00fchrt am 24.\u00a0September im Lichthof der Staatsbibliothek ein Konzert auf. Madrigale, Chansons und Lieder f\u00fcr Chor a cappella; Fantasien und T\u00e4nze f\u00fcr Gitarre von Monteverdi, Dowland, Lauridsen, Hindemith, Kukuck u.a. Claudio Monteverdi, der Komponist an der Wende zwischen Renaissance und Barock, forderte: \u201eDas Wort ist\u2026","rel":"","context":"In &quot;Ausstellungen und Veranstaltungen&quot;","block_context":{"text":"Ausstellungen und Veranstaltungen","link":"https:\/\/blog.sub.uni-hamburg.de\/?cat=9"},"img":{"alt_text":"","src":"https:\/\/i0.wp.com\/blog.sub.uni-hamburg.de\/wp-content\/uploads\/2014\/09\/hamburger-konservatorium.jpg?resize=350%2C200&ssl=1","width":350,"height":200},"classes":[]},{"id":17967,"url":"https:\/\/blog.sub.uni-hamburg.de\/?p=17967","url_meta":{"origin":42493,"position":4},"title":"Lichthof-Konzert: Von Liebe, Lust und Leidenschaft (15.7.)","author":"Markus Trapp","date":"25-06-15","format":false,"excerpt":"Von Liebe, Lust und Leidenschaft - Eine musikalische Reise durch Europa Ein Programm voller Liebe in all ihren unterschiedlichen Facetten erwartet Sie beim Sommerkonzert des Alumni-Chors der Universit\u00e4t Hamburg. Was f\u00fchlen Verliebte? Welche Pr\u00fcfungen m\u00fcssen Paare bestehen? Wie geht es nach der Heirat weiter? Wie schmerzvoll kann unerwiderte Liebe und\u2026","rel":"","context":"In &quot;Ausstellungen und Veranstaltungen&quot;","block_context":{"text":"Ausstellungen und Veranstaltungen","link":"https:\/\/blog.sub.uni-hamburg.de\/?cat=9"},"img":{"alt_text":"","src":"https:\/\/i0.wp.com\/blog.sub.uni-hamburg.de\/wp-content\/uploads\/2015\/06\/Alumni-Chor.jpg?resize=350%2C200&ssl=1","width":350,"height":200,"srcset":"https:\/\/i0.wp.com\/blog.sub.uni-hamburg.de\/wp-content\/uploads\/2015\/06\/Alumni-Chor.jpg?resize=350%2C200&ssl=1 1x, https:\/\/i0.wp.com\/blog.sub.uni-hamburg.de\/wp-content\/uploads\/2015\/06\/Alumni-Chor.jpg?resize=525%2C300&ssl=1 1.5x"},"classes":[]},{"id":36047,"url":"https:\/\/blog.sub.uni-hamburg.de\/?p=36047","url_meta":{"origin":42493,"position":5},"title":"Chorkonzert: Klangformat Hamburg (23.6.)","author":"Markus Trapp","date":"08-06-23","format":false,"excerpt":"Freitag, 23.6., 19.30 Uhr, Lichthof. H\u00f6rst Du nicht die B\u00e4ume rauschen? Ein Chorkonzert mit Werken von Felix Mendelssohn-Bartholdy, Fanny Hensel, Edward Elgar und Thomas Morley. Klangformat Hamburg pr\u00e4sentiert unter der Leitung von Benjamin Wilbrandt ein Acapella-Chorprogramm mit Werken von Felix Mendelssohn-Bartholdy, Fanny Hensel, Edward Elgar und Thomas Morley. Es wird\u2026","rel":"","context":"In &quot;Ausstellungen und Veranstaltungen&quot;","block_context":{"text":"Ausstellungen und Veranstaltungen","link":"https:\/\/blog.sub.uni-hamburg.de\/?cat=9"},"img":{"alt_text":"","src":"https:\/\/i0.wp.com\/blog.sub.uni-hamburg.de\/wp-content\/uploads\/2023\/06\/klangformat.jpg?resize=350%2C200&ssl=1","width":350,"height":200,"srcset":"https:\/\/i0.wp.com\/blog.sub.uni-hamburg.de\/wp-content\/uploads\/2023\/06\/klangformat.jpg?resize=350%2C200&ssl=1 1x, https:\/\/i0.wp.com\/blog.sub.uni-hamburg.de\/wp-content\/uploads\/2023\/06\/klangformat.jpg?resize=525%2C300&ssl=1 1.5x"},"classes":[]}],"jetpack_sharing_enabled":true,"_links":{"self":[{"href":"https:\/\/blog.sub.uni-hamburg.de\/index.php?rest_route=\/wp\/v2\/posts\/42493","targetHints":{"allow":["GET"]}}],"collection":[{"href":"https:\/\/blog.sub.uni-hamburg.de\/index.php?rest_route=\/wp\/v2\/posts"}],"about":[{"href":"https:\/\/blog.sub.uni-hamburg.de\/index.php?rest_route=\/wp\/v2\/types\/post"}],"author":[{"embeddable":true,"href":"https:\/\/blog.sub.uni-hamburg.de\/index.php?rest_route=\/wp\/v2\/users\/19"}],"replies":[{"embeddable":true,"href":"https:\/\/blog.sub.uni-hamburg.de\/index.php?rest_route=%2Fwp%2Fv2%2Fcomments&post=42493"}],"version-history":[{"count":2,"href":"https:\/\/blog.sub.uni-hamburg.de\/index.php?rest_route=\/wp\/v2\/posts\/42493\/revisions"}],"predecessor-version":[{"id":42497,"href":"https:\/\/blog.sub.uni-hamburg.de\/index.php?rest_route=\/wp\/v2\/posts\/42493\/revisions\/42497"}],"wp:attachment":[{"href":"https:\/\/blog.sub.uni-hamburg.de\/index.php?rest_route=%2Fwp%2Fv2%2Fmedia&parent=42493"}],"wp:term":[{"taxonomy":"category","embeddable":true,"href":"https:\/\/blog.sub.uni-hamburg.de\/index.php?rest_route=%2Fwp%2Fv2%2Fcategories&post=42493"},{"taxonomy":"post_tag","embeddable":true,"href":"https:\/\/blog.sub.uni-hamburg.de\/index.php?rest_route=%2Fwp%2Fv2%2Ftags&post=42493"}],"curies":[{"name":"wp","href":"https:\/\/api.w.org\/{rel}","templated":true}]}}