{"id":42331,"date":"2026-04-14T11:15:56","date_gmt":"2026-04-14T09:15:56","guid":{"rendered":"https:\/\/blog.sub.uni-hamburg.de\/?p=42331"},"modified":"2026-04-28T09:45:48","modified_gmt":"2026-04-28T07:45:48","slug":"thementage-klimawandel-der-kommunikation-wie-wir-reden-wenn-es-ernst-wird-22-24-4","status":"publish","type":"post","link":"https:\/\/blog.sub.uni-hamburg.de\/?p=42331","title":{"rendered":"Thementage: Klimawandel der Kommunikation \u2013 Wie wir reden, wenn es ernst wird? (22.-24.4.)"},"content":{"rendered":"<p><strong>Mittwoch, 22.4. bis Freitag, 24.4., jeweils ganzt\u00e4gig, Beginn: Mi. 22.4., 9:15 Uhr, Ossietzky-Forum.<\/strong><\/p>\n<p><a href=\"https:\/\/mediendigital.info\/\"><img loading=\"lazy\" decoding=\"async\" data-attachment-id=\"42333\" data-permalink=\"https:\/\/blog.sub.uni-hamburg.de\/?attachment_id=42333\" data-orig-file=\"https:\/\/blog.sub.uni-hamburg.de\/wp-content\/uploads\/2026\/04\/klimawandel-kommunikation-2026.jpg\" data-orig-size=\"700,302\" data-comments-opened=\"1\" data-image-meta=\"{&quot;aperture&quot;:&quot;0&quot;,&quot;credit&quot;:&quot;&quot;,&quot;camera&quot;:&quot;&quot;,&quot;caption&quot;:&quot;&quot;,&quot;created_timestamp&quot;:&quot;0&quot;,&quot;copyright&quot;:&quot;&quot;,&quot;focal_length&quot;:&quot;0&quot;,&quot;iso&quot;:&quot;0&quot;,&quot;shutter_speed&quot;:&quot;0&quot;,&quot;title&quot;:&quot;&quot;,&quot;orientation&quot;:&quot;0&quot;}\" data-image-title=\"klimawandel-kommunikation-2026\" data-image-description=\"\" data-image-caption=\"\" data-large-file=\"https:\/\/blog.sub.uni-hamburg.de\/wp-content\/uploads\/2026\/04\/klimawandel-kommunikation-2026.jpg\" src=\"https:\/\/blog.sub.uni-hamburg.de\/wp-content\/uploads\/2026\/04\/klimawandel-kommunikation-2026.jpg\" alt=\"\" width=\"700\" height=\"302\" class=\"aligncenter size-full wp-image-42333\" srcset=\"https:\/\/blog.sub.uni-hamburg.de\/wp-content\/uploads\/2026\/04\/klimawandel-kommunikation-2026.jpg 700w, https:\/\/blog.sub.uni-hamburg.de\/wp-content\/uploads\/2026\/04\/klimawandel-kommunikation-2026-300x129.jpg 300w, https:\/\/blog.sub.uni-hamburg.de\/wp-content\/uploads\/2026\/04\/klimawandel-kommunikation-2026-150x65.jpg 150w\" sizes=\"auto, (max-width: 700px) 100vw, 700px\" \/><\/a><\/p>\n<p>Globale Krisen wie der Klimawandel sind kommunikative Herausforderungen. Wie sprechen wir verst\u00e4ndlich und wirksam \u00fcber die Erderw\u00e4rmung? Und wie k\u00f6nnen Medien aufgeheizte Debatten wieder abk\u00fchlen?<\/p>\n<p>Bei den Thementagen Digitale Medien des Institut f\u00fcr Kultur- und Medienmanagement der HfMT Hamburg kommen Wissenschaftler:innen und Journalist:innen drei Tage lang ins Gespr\u00e4ch. In Vortr\u00e4gen und Workshops geht es darum, wie gelungene Kommunikation Orientierung f\u00fcr eine ungewisse Zukunft bieten kann.<br \/>\nWeitere Informationen und das komplette Programm finden Sie hier: <a href=\"https:\/\/mediendigital.info\/\">https:\/\/mediendigital.info\/ <\/a><\/p>\n","protected":false},"excerpt":{"rendered":"<p>Mittwoch, 22.4. bis Freitag, 24.4., jeweils ganzt\u00e4gig, Beginn: Mi. 22.4., 9:15 Uhr, Ossietzky-Forum. Globale Krisen wie der Klimawandel sind kommunikative Herausforderungen. Wie sprechen wir verst\u00e4ndlich und wirksam \u00fcber die Erderw\u00e4rmung? Und wie k\u00f6nnen Medien aufgeheizte Debatten wieder abk\u00fchlen? Bei den Thementagen Digitale Medien des Institut f\u00fcr Kultur- und Medienmanagement der HfMT Hamburg kommen Wissenschaftler:innen und [&hellip;]<\/p>\n","protected":false},"author":19,"featured_media":0,"comment_status":"open","ping_status":"open","sticky":false,"template":"","format":"standard","meta":{"jetpack_post_was_ever_published":false,"_jetpack_newsletter_access":"","_jetpack_dont_email_post_to_subs":false,"_jetpack_newsletter_tier_id":0,"_jetpack_memberships_contains_paywalled_content":false,"_jetpack_memberships_contains_paid_content":false,"footnotes":"","jetpack_publicize_message":"","jetpack_publicize_feature_enabled":true,"jetpack_social_post_already_shared":true,"jetpack_social_options":{"image_generator_settings":{"template":"highway","default_image_id":0,"font":"","enabled":false},"version":2}},"categories":[9],"tags":[],"class_list":["post-42331","post","type-post","status-publish","format-standard","hentry","category-ausstellungen"],"views":262,"jetpack_publicize_connections":[],"jetpack_featured_media_url":"","jetpack_shortlink":"https:\/\/wp.me\/p7hfNR-b0L","jetpack-related-posts":[{"id":18044,"url":"https:\/\/blog.sub.uni-hamburg.de\/?p=18044","url_meta":{"origin":42331,"position":0},"title":"Dokumentenserver Klimawandel: neues Angebot aus Hamburg","author":"Isabella Meinecke","date":"13-07-15","format":false,"excerpt":"Funktioniert der K\u00fcstenschutz in Zeiten des Klimawandels? Wie \u00e4ndert sich das Klima in den n\u00e4chsten Jahrzehnten? Hat der Klimawandel auch Auswirkungen auf die Hamburger Wirtschaft? Antworten auf diese Fragen, aber auch weitergehende Informationen finden Interessierte auf dem neuen Dokumentenserver Klimawandel. Das Online-Archiv b\u00fcndelt erstmals Materialien aus Verbundprojekten: Berichte, Bildungsmaterialien, Filme,\u00a0Flyer\u2026","rel":"","context":"In &quot;Aktuelles&quot;","block_context":{"text":"Aktuelles","link":"https:\/\/blog.sub.uni-hamburg.de\/?cat=1"},"img":{"alt_text":"https:\/\/www.flickr.com\/photos\/andreas-kollmorgen\/","src":"https:\/\/i0.wp.com\/blog.sub.uni-hamburg.de\/wp-content\/uploads\/2015\/07\/hochwasser-ausschnitt.jpg?resize=350%2C200&ssl=1","width":350,"height":200},"classes":[]},{"id":9946,"url":"https:\/\/blog.sub.uni-hamburg.de\/?p=9946","url_meta":{"origin":42331,"position":1},"title":"Kalte Sonne, hei\u00dfe Luft &#8211; ist der Klimawandel nur ein M\u00e4rchen? (4.12.)","author":"Markus Trapp","date":"22-11-12","format":false,"excerpt":"Ein Abend mit Fritz Vahrenholt Dienstag, 4.12.12, 19 h, Vortragsraum (1. Etage) Eigentlich scheint alles klar: Eine gro\u00dfe Allianz aus Weltklimarat, dem politischen Establishment und \u00f6kologisch bewegten Gutmenschen ist sich einig - der Klimawandel findet statt und der Mensch ist schuld. Doch dann kommt er und stellt alles in Frage:\u2026","rel":"","context":"In &quot;Ausstellungen und Veranstaltungen&quot;","block_context":{"text":"Ausstellungen und Veranstaltungen","link":"https:\/\/blog.sub.uni-hamburg.de\/?cat=9"},"img":{"alt_text":"Friedrich-Naumann-Stiftung f\u00fcr die Freiheit","src":"https:\/\/i0.wp.com\/blog.sub.uni-hamburg.de\/wp-content\/uploads\/2011\/11\/naumann-stiftung.jpg?resize=350%2C200&ssl=1","width":350,"height":200},"classes":[]},{"id":16121,"url":"https:\/\/blog.sub.uni-hamburg.de\/?p=16121","url_meta":{"origin":42331,"position":2},"title":"Der Kollaps der Klassischen Maya (30.10.)","author":"Markus Trapp","date":"13-10-14","format":false,"excerpt":"Eine gute Nachricht f\u00fcr alle Interessenten der Kultur und Geschichte Mesoamerikas: Auch im Wintersemester werden die sehr beliebten Veranstaltungen der Ringvorlesung Mesoamerika fortgef\u00fchrt. Den Auftakt bildet am Donnerstag, den 30. Oktober 2014, um 18:15 Uhr der Vortrag Der Kollaps der Klassischen Maya \u2013 Zusammenbruch der politischen Institutionen statt Klimawandel und\u2026","rel":"","context":"In &quot;Ausstellungen und Veranstaltungen&quot;","block_context":{"text":"Ausstellungen und Veranstaltungen","link":"https:\/\/blog.sub.uni-hamburg.de\/?cat=9"},"img":{"alt_text":"Palast in Palenque, Chiapas, Mexiko","src":"https:\/\/i0.wp.com\/blog.sub.uni-hamburg.de\/wp-content\/uploads\/2014\/10\/palenque-chiapas-det.jpg?resize=350%2C200&ssl=1","width":350,"height":200},"classes":[]},{"id":36027,"url":"https:\/\/blog.sub.uni-hamburg.de\/?p=36027","url_meta":{"origin":42331,"position":3},"title":"Thementag New Work@UHH im Dialog (14.6.)","author":"Markus Trapp","date":"06-06-23","format":false,"excerpt":"Die Universit\u00e4t Hamburg l\u00e4dt Forschende und Lehrende der Universit\u00e4t am Mittwoch, den 14. Juni von 8.30 - 16 Uhr zu einer spannenden Veranstaltung in den Lichthof der Stabi Hamburg ein. Entdecken Sie Ihre zuk\u00fcnftige Arbeitswelt bei New Work@UHH im Dialog! Wir laden Sie herzlich ein, an unserem Thementag New Work@UHH\u2026","rel":"","context":"In &quot;Ausstellungen und Veranstaltungen&quot;","block_context":{"text":"Ausstellungen und Veranstaltungen","link":"https:\/\/blog.sub.uni-hamburg.de\/?cat=9"},"img":{"alt_text":"","src":"https:\/\/i0.wp.com\/blog.sub.uni-hamburg.de\/wp-content\/uploads\/2023\/06\/newwork-lichthof-14-06-23.jpg?resize=350%2C200&ssl=1","width":350,"height":200,"srcset":"https:\/\/i0.wp.com\/blog.sub.uni-hamburg.de\/wp-content\/uploads\/2023\/06\/newwork-lichthof-14-06-23.jpg?resize=350%2C200&ssl=1 1x, https:\/\/i0.wp.com\/blog.sub.uni-hamburg.de\/wp-content\/uploads\/2023\/06\/newwork-lichthof-14-06-23.jpg?resize=525%2C300&ssl=1 1.5x"},"classes":[]},{"id":340,"url":"https:\/\/blog.sub.uni-hamburg.de\/?p=340","url_meta":{"origin":42331,"position":4},"title":"Stern-Report zu Folgen der globalen Erw\u00e4rmung online zug\u00e4nglich","author":"AC","date":"15-11-06","format":false,"excerpt":"Der Stern-Report - sein offizieller Titel lautet Stern Review on the Economics of Climate Change - ist als Preprint verf\u00fcgbar. Die Wikipedia schreibt dar\u00fcber: Der Stern-Report (englisch Stern Review on the Economics of Climate Change) ist ein am 30. Oktober 2006 ver\u00f6ffentlichter Bericht des ehemaligen Weltbank- Chef\u00f6konomen Nicholas Stern im\u2026","rel":"","context":"In &quot;E-Medien&quot;","block_context":{"text":"E-Medien","link":"https:\/\/blog.sub.uni-hamburg.de\/?cat=11"},"img":{"alt_text":"","src":"","width":0,"height":0},"classes":[]},{"id":38176,"url":"https:\/\/blog.sub.uni-hamburg.de\/?p=38176","url_meta":{"origin":42331,"position":5},"title":"Buchvorstellung: Klimahandel  (11.6.)","author":"Markus Trapp","date":"23-05-24","format":false,"excerpt":"Dienstag, 11.6., 19 Uhr, Vortragsraum. Seit \u00fcber einem halben Jahrhundert wissen wir um die erschreckenden Auswirkungen von Umweltzerst\u00f6rung und Klimawandel. Zwar h\u00e4ufen sich internationale Umwelt- und Klimakonferenzen, doch warum handeln wir nicht konsequent gegen die verheerenden Bedrohungen? In seinem neuen Buch wendet sich Mojib Latif der Frage zu, warum unsere\u2026","rel":"","context":"In &quot;Ausstellungen und Veranstaltungen&quot;","block_context":{"text":"Ausstellungen und Veranstaltungen","link":"https:\/\/blog.sub.uni-hamburg.de\/?cat=9"},"img":{"alt_text":"Klimahandel","src":"https:\/\/i0.wp.com\/blog.sub.uni-hamburg.de\/wp-content\/uploads\/2024\/05\/klimahandel.jpg?resize=350%2C200&ssl=1","width":350,"height":200},"classes":[]}],"jetpack_sharing_enabled":true,"_links":{"self":[{"href":"https:\/\/blog.sub.uni-hamburg.de\/index.php?rest_route=\/wp\/v2\/posts\/42331","targetHints":{"allow":["GET"]}}],"collection":[{"href":"https:\/\/blog.sub.uni-hamburg.de\/index.php?rest_route=\/wp\/v2\/posts"}],"about":[{"href":"https:\/\/blog.sub.uni-hamburg.de\/index.php?rest_route=\/wp\/v2\/types\/post"}],"author":[{"embeddable":true,"href":"https:\/\/blog.sub.uni-hamburg.de\/index.php?rest_route=\/wp\/v2\/users\/19"}],"replies":[{"embeddable":true,"href":"https:\/\/blog.sub.uni-hamburg.de\/index.php?rest_route=%2Fwp%2Fv2%2Fcomments&post=42331"}],"version-history":[{"count":2,"href":"https:\/\/blog.sub.uni-hamburg.de\/index.php?rest_route=\/wp\/v2\/posts\/42331\/revisions"}],"predecessor-version":[{"id":42334,"href":"https:\/\/blog.sub.uni-hamburg.de\/index.php?rest_route=\/wp\/v2\/posts\/42331\/revisions\/42334"}],"wp:attachment":[{"href":"https:\/\/blog.sub.uni-hamburg.de\/index.php?rest_route=%2Fwp%2Fv2%2Fmedia&parent=42331"}],"wp:term":[{"taxonomy":"category","embeddable":true,"href":"https:\/\/blog.sub.uni-hamburg.de\/index.php?rest_route=%2Fwp%2Fv2%2Fcategories&post=42331"},{"taxonomy":"post_tag","embeddable":true,"href":"https:\/\/blog.sub.uni-hamburg.de\/index.php?rest_route=%2Fwp%2Fv2%2Ftags&post=42331"}],"curies":[{"name":"wp","href":"https:\/\/api.w.org\/{rel}","templated":true}]}}