{"id":422,"date":"2007-01-26T14:38:18","date_gmt":"2007-01-26T13:38:18","guid":{"rendered":"http:\/\/www.sub.uni-hamburg.de\/blog\/?p=422"},"modified":"2007-02-21T16:46:38","modified_gmt":"2007-02-21T15:46:38","slug":"veranstaltungsreihe-nachgedacht-geisteswissenschaften-in-hamburg","status":"publish","type":"post","link":"https:\/\/blog.sub.uni-hamburg.de\/?p=422","title":{"rendered":"Veranstaltungsreihe &#8220;nachgedacht &#8211; Geisteswissenschaften in Hamburg&#8221;"},"content":{"rendered":"<p><a href=\"http:\/\/www.nachgedacht-hamburg.de\"><img decoding=\"async\" border=\"0\" align=\"left\" id=\"image423\" title=\"nachgedacht. Geisteswissenschaften in Hamburg\" alt=\"nachgedacht. Geisteswissenschaften in Hamburg\" src=\"https:\/\/blog.sub.uni-hamburg.de\/wp-content\/uploads\/2007\/01\/nachgedacht_button.gif\" \/><\/a>Da geht Ihnen ein Licht auf! In einer <a href=\"http:\/\/www.nachgedacht-hamburg.de\">Veranstaltungsreihe<\/a> (beginnend am 19.2. mit einem Vortrag von Jan Philipp Reemtsma) pr\u00e4sentieren neun Hamburger geisteswissenschaftliche Institutionen Vortr\u00e4ge, Podiumsgespr\u00e4che und Lesungen zu Geist und Kultur im weitesten Sinne &#8211; mit dem Ziel, die Geisteswissenschaften in Hamburg mehr in das \u00f6ffentliche Bewusstsein zu r\u00fccken. Mit dabei: Die Stabi &#8211; Handschriftenbibliothekar Dr. Hans Walter Stork wird am 18. Juni zu &#8220;5000 Jahre Schriftkultur in der Staats- und Universit\u00e4tsbibliothek&#8221; sprechen.<\/p>\n<p><a href=\"http:\/\/www.abc-der-menschheit.de\/\"><img decoding=\"async\" border=\"0\" align=\"right\" alt=\"Jahr der Geisteswissenschaften\" id=\"image463\" title=\"Jahr der Geisteswissenschaften\" src=\"https:\/\/blog.sub.uni-hamburg.de\/wp-content\/uploads\/2007\/02\/abc_logo_RGB.jpeg\" \/><\/a>Die Veranstaltungsreihe, nebenbei ein Beitrag Hamburgs zum <a href=\"http:\/\/www.abc-der-menschheit.de\/\">Jahr der Geisteswissenschaften<\/a>, wird unterst\u00fctzt vom Magazin &#8220;Der Spiegel&#8221;, die Schirmherrschaft hat Wissenschaftssenator J\u00f6rg Dr\u00e4ger \u00fcbernommen, die Veranstaltungen finden statt in der Spiegelkantine, an einem Montag im Monat, jeweils um 19 Uhr, der Eintritt ist frei.<\/p>\n","protected":false},"excerpt":{"rendered":"<p>Da geht Ihnen ein Licht auf! In einer Veranstaltungsreihe (beginnend am 19.2. mit einem Vortrag von Jan Philipp Reemtsma) pr\u00e4sentieren neun Hamburger geisteswissenschaftliche Institutionen Vortr\u00e4ge, Podiumsgespr\u00e4che und Lesungen zu Geist und Kultur im weitesten Sinne &#8211; mit dem Ziel, die Geisteswissenschaften in Hamburg mehr in das \u00f6ffentliche Bewusstsein zu r\u00fccken. Mit dabei: Die Stabi &#8211; [&hellip;]<\/p>\n","protected":false},"author":5,"featured_media":0,"comment_status":"open","ping_status":"open","sticky":false,"template":"","format":"standard","meta":{"jetpack_post_was_ever_published":false,"_jetpack_newsletter_access":"","_jetpack_dont_email_post_to_subs":false,"_jetpack_newsletter_tier_id":0,"_jetpack_memberships_contains_paywalled_content":false,"_jetpack_memberships_contains_paid_content":false,"footnotes":"","jetpack_publicize_message":"","jetpack_publicize_feature_enabled":true,"jetpack_social_post_already_shared":false,"jetpack_social_options":{"image_generator_settings":{"template":"highway","default_image_id":0,"font":"","enabled":false},"version":2}},"categories":[9],"tags":[],"class_list":["post-422","post","type-post","status-publish","format-standard","hentry","category-ausstellungen"],"views":5808,"jetpack_publicize_connections":[],"jetpack_featured_media_url":"","jetpack_shortlink":"https:\/\/wp.me\/p7hfNR-6O","jetpack-related-posts":[{"id":36727,"url":"https:\/\/blog.sub.uni-hamburg.de\/?p=36727","url_meta":{"origin":422,"position":0},"title":"Vortrag: Produktive Reibungsfl\u00e4chen: Geisteswissenschaften und Datenvisualisierung (12.1.)","author":"Jonas Mueller-Laackman","date":"03-11-23","format":false,"excerpt":"Freitag, 12. Januar 2024, 13-14:30 Uhr. Online per Zoom Referent: Jan Horstmann, Leiter des Service Center for Digital Humanities (SCDH), Uni M\u00fcnster. AKTUELLER HINWEIS: Die Pr\u00e4senzveranstaltung in Raum C2003 im PhilTurm entf\u00e4llt. Die Veranstaltung findet ausschlie\u00dflich online via Zoom statt! Visualisierungen sind in aller Munde oder besser: in aller Auge.\u2026","rel":"","context":"In &quot;Ausstellungen und Veranstaltungen&quot;","block_context":{"text":"Ausstellungen und Veranstaltungen","link":"https:\/\/blog.sub.uni-hamburg.de\/?cat=9"},"img":{"alt_text":"","src":"https:\/\/i0.wp.com\/blog.sub.uni-hamburg.de\/wp-content\/uploads\/2023\/10\/2024-01-12_vortrag.jpg?resize=350%2C200&ssl=1","width":350,"height":200},"classes":[]},{"id":37126,"url":"https:\/\/blog.sub.uni-hamburg.de\/?p=37126","url_meta":{"origin":422,"position":1},"title":"Stellenausschreibung: Wissenschaftliche Hilfskraft im Referat Digitale Forschungsdienste","author":"Markus Trapp","date":"21-11-23","format":false,"excerpt":"Die Staats- und Universit\u00e4tsbibliothek Hamburg Carl von Ossietzky sucht zum fr\u00fchestm\u00f6glichen Zeitpunkt eine wissenschaftliche Hilfskraft (36h pro Monat \/ derzeit 14,42 \u20ac pro Std.) zur Mitarbeit bei Aufgaben im Referat Digitale Forschungsdienste und im Projekt \"Digital Humanities \u2013 Wie geht das?\" Die Stelle ist befristet auf zun\u00e4chst 12 Monate. Bewerbungsschluss:\u2026","rel":"","context":"In &quot;Aktuelles&quot;","block_context":{"text":"Aktuelles","link":"https:\/\/blog.sub.uni-hamburg.de\/?cat=1"},"img":{"alt_text":"Logo Stabi Hamburg","src":"https:\/\/i0.wp.com\/blog.sub.uni-hamburg.de\/wp-content\/uploads\/2014\/07\/stabilogo-150.jpg?resize=350%2C200&ssl=1","width":350,"height":200},"classes":[]},{"id":572,"url":"https:\/\/blog.sub.uni-hamburg.de\/?p=572","url_meta":{"origin":422,"position":2},"title":"5000 Jahre Schriftkultur &#8211; Stabi-Vortrag in der SPIEGEL-Kantine","author":"MG","date":"08-06-07","format":false,"excerpt":"Die Staats- und Universit\u00e4tsbibliothek pr\u00e4sentiert: \u201eErlebnis Buch \u2013 5000 Jahre Schriftkultur in der Staats- und Universit\u00e4tsbibliothek\u201c Vortrag von Dr. Hans-Walter Stork, Staats- und Universit\u00e4tsbibliothek Hamburg Montag, 18. Juni 2007, 19 Uhr in der SPIEGEL-Kantine, Einlass ab 18.30, Eintritt frei In der Reihe \u201eNachgedacht\u201c, initiiert von geisteswissenschaftlichen Institutionen in Hamburg aus\u2026","rel":"","context":"In &quot;Ausstellungen und Veranstaltungen&quot;","block_context":{"text":"Ausstellungen und Veranstaltungen","link":"https:\/\/blog.sub.uni-hamburg.de\/?cat=9"},"img":{"alt_text":"nachgedacht. Geisteswissenschaften in Hamburg","src":"https:\/\/i0.wp.com\/blog.sub.uni-hamburg.de\/wp-content\/uploads\/2007\/01\/nachgedacht_button.gif?resize=350%2C200&ssl=1","width":350,"height":200},"classes":[]},{"id":35172,"url":"https:\/\/blog.sub.uni-hamburg.de\/?p=35172","url_meta":{"origin":422,"position":3},"title":"Stellenausschreibung: wissenschaftliche Hilfskraft im Projekt &#8220;Digital Humanities \u2013 Wie geht das?&#8221;","author":"Markus Trapp","date":"07-02-23","format":false,"excerpt":"Die Staats- und Universit\u00e4tsbibliothek Hamburg Carl von Ossietzky sucht zum fr\u00fchestm\u00f6glichen Zeitpunkt eine wissenschaftliche Hilfskraft (40h pro Monat \/ derzeit 13,95 \u20ac pro Std.) zur Mitarbeit bei Aufgaben im Projekt \"Digital Humanities \u2013 Wie geht das?\" Die Stelle ist befristet bis zum 31.03.2024. Bewerbungsschluss: 07.03.2023 Ausf\u00fchrliche Informationen zur Bewerbung entnehmen\u2026","rel":"","context":"In &quot;Aktuelles&quot;","block_context":{"text":"Aktuelles","link":"https:\/\/blog.sub.uni-hamburg.de\/?cat=1"},"img":{"alt_text":"Logo Stabi Hamburg","src":"https:\/\/i0.wp.com\/blog.sub.uni-hamburg.de\/wp-content\/uploads\/2014\/07\/stabilogo-150.jpg?resize=350%2C200&ssl=1","width":350,"height":200},"classes":[]},{"id":39618,"url":"https:\/\/blog.sub.uni-hamburg.de\/?p=39618","url_meta":{"origin":422,"position":4},"title":"GdF: Aktuelle Raumkonzepte der Bibliotheken an der Universit\u00e4t Hamburg (11.2.)","author":"Markus Trapp","date":"28-01-25","format":false,"excerpt":"Dienstag, 11.2., 16 Uhr, Vortragsraum. Der stellvertretende Direktor der Staats- und Universit\u00e4tsbibliothek Hamburg Olaf Eigenbrodt stellt das sich im Bau befindliche MIN-Forum sowie das geplante Learning Center in der Science City Bahrenfeld vor. Im Anschluss wird die neue Bibliothek der Geisteswissenschaften im Philturm besichtigt. Eine Veranstaltung der Gesellschaft der Freunde\u2026","rel":"","context":"In &quot;Ausstellungen und Veranstaltungen&quot;","block_context":{"text":"Ausstellungen und Veranstaltungen","link":"https:\/\/blog.sub.uni-hamburg.de\/?cat=9"},"img":{"alt_text":"Bibliothek der Geisteswissenschaften","src":"https:\/\/i0.wp.com\/blog.sub.uni-hamburg.de\/wp-content\/uploads\/2025\/01\/bibliothek-geisteswiss.jpg?resize=350%2C200&ssl=1","width":350,"height":200,"srcset":"https:\/\/i0.wp.com\/blog.sub.uni-hamburg.de\/wp-content\/uploads\/2025\/01\/bibliothek-geisteswiss.jpg?resize=350%2C200&ssl=1 1x, https:\/\/i0.wp.com\/blog.sub.uni-hamburg.de\/wp-content\/uploads\/2025\/01\/bibliothek-geisteswiss.jpg?resize=525%2C300&ssl=1 1.5x"},"classes":[]},{"id":1232,"url":"https:\/\/blog.sub.uni-hamburg.de\/?p=1232","url_meta":{"origin":422,"position":5},"title":"Reihe &#8220;Nachgedacht&#8221; zu 60 Jahre Grundgesetz (24.3.-19.5.2009)","author":"MG","date":"27-02-09","format":false,"excerpt":"Besuchen Sie die Vortragsreihe nachgedacht: 60 Jahre Grundgesetz in der Bucerius Law School, die von der Staats- und Universit\u00e4tsbibliothek Hamburg mitveranstaltet wird! Erster Termin: 24. M\u00e4rz 2009. F\u00fcnf Abende zur Verfassung aus unterschiedlichen Perspektiven werden von der Initiative \"nachgedacht. Geisteswissenschaften in Hamburg\" pr\u00e4sentiert. Jeweils dienstags um 18 Uhr im Moot\u2026","rel":"","context":"In &quot;Ausstellungen und Veranstaltungen&quot;","block_context":{"text":"Ausstellungen und Veranstaltungen","link":"https:\/\/blog.sub.uni-hamburg.de\/?cat=9"},"img":{"alt_text":"","src":"","width":0,"height":0},"classes":[]}],"jetpack_sharing_enabled":true,"_links":{"self":[{"href":"https:\/\/blog.sub.uni-hamburg.de\/index.php?rest_route=\/wp\/v2\/posts\/422","targetHints":{"allow":["GET"]}}],"collection":[{"href":"https:\/\/blog.sub.uni-hamburg.de\/index.php?rest_route=\/wp\/v2\/posts"}],"about":[{"href":"https:\/\/blog.sub.uni-hamburg.de\/index.php?rest_route=\/wp\/v2\/types\/post"}],"author":[{"embeddable":true,"href":"https:\/\/blog.sub.uni-hamburg.de\/index.php?rest_route=\/wp\/v2\/users\/5"}],"replies":[{"embeddable":true,"href":"https:\/\/blog.sub.uni-hamburg.de\/index.php?rest_route=%2Fwp%2Fv2%2Fcomments&post=422"}],"version-history":[{"count":0,"href":"https:\/\/blog.sub.uni-hamburg.de\/index.php?rest_route=\/wp\/v2\/posts\/422\/revisions"}],"wp:attachment":[{"href":"https:\/\/blog.sub.uni-hamburg.de\/index.php?rest_route=%2Fwp%2Fv2%2Fmedia&parent=422"}],"wp:term":[{"taxonomy":"category","embeddable":true,"href":"https:\/\/blog.sub.uni-hamburg.de\/index.php?rest_route=%2Fwp%2Fv2%2Fcategories&post=422"},{"taxonomy":"post_tag","embeddable":true,"href":"https:\/\/blog.sub.uni-hamburg.de\/index.php?rest_route=%2Fwp%2Fv2%2Ftags&post=422"}],"curies":[{"name":"wp","href":"https:\/\/api.w.org\/{rel}","templated":true}]}}