{"id":42133,"date":"2026-03-11T13:57:19","date_gmt":"2026-03-11T12:57:19","guid":{"rendered":"https:\/\/blog.sub.uni-hamburg.de\/?p=42133"},"modified":"2026-04-07T13:07:33","modified_gmt":"2026-04-07T11:07:33","slug":"buchvorstellung-daphne-weber-politik-der-parole-aesthetische-praktiken-politischer-mobilisierung-30-3","status":"publish","type":"post","link":"https:\/\/blog.sub.uni-hamburg.de\/?p=42133","title":{"rendered":"Buchvorstellung: Daphne Weber &#8211; Politik der Parole, \u00c4sthetische Praktiken politischer Mobilisierung (30.3.)"},"content":{"rendered":"<p><a href=\"https:\/\/blog.sub.uni-hamburg.de\/wp-content\/uploads\/2026\/03\/2026-03-30-Daphne-Weber-_-Copyright-Julien-Then.jpg\"><img loading=\"lazy\" decoding=\"async\" data-attachment-id=\"42135\" data-permalink=\"https:\/\/blog.sub.uni-hamburg.de\/?attachment_id=42135\" data-orig-file=\"https:\/\/blog.sub.uni-hamburg.de\/wp-content\/uploads\/2026\/03\/2026-03-30-Daphne-Weber-_-Copyright-Julien-Then.jpg\" data-orig-size=\"480,623\" data-comments-opened=\"1\" data-image-meta=\"{&quot;aperture&quot;:&quot;0&quot;,&quot;credit&quot;:&quot;&quot;,&quot;camera&quot;:&quot;&quot;,&quot;caption&quot;:&quot;&quot;,&quot;created_timestamp&quot;:&quot;0&quot;,&quot;copyright&quot;:&quot;&quot;,&quot;focal_length&quot;:&quot;0&quot;,&quot;iso&quot;:&quot;0&quot;,&quot;shutter_speed&quot;:&quot;0&quot;,&quot;title&quot;:&quot;&quot;,&quot;orientation&quot;:&quot;0&quot;}\" data-image-title=\"2026-03-30 Daphne Weber _ Copyright Julien Then\" data-image-description=\"\" data-image-caption=\"\" data-large-file=\"https:\/\/blog.sub.uni-hamburg.de\/wp-content\/uploads\/2026\/03\/2026-03-30-Daphne-Weber-_-Copyright-Julien-Then.jpg\" src=\"https:\/\/blog.sub.uni-hamburg.de\/wp-content\/uploads\/2026\/03\/2026-03-30-Daphne-Weber-_-Copyright-Julien-Then-231x300.jpg\" alt=\"Daphne Weber, Copyright: Julien Then\" title=\"Daphne Weber, Copyright: Julien Then\" width=\"231\" height=\"300\" class=\"alignright size-medium wp-image-42135\" srcset=\"https:\/\/blog.sub.uni-hamburg.de\/wp-content\/uploads\/2026\/03\/2026-03-30-Daphne-Weber-_-Copyright-Julien-Then-231x300.jpg 231w, https:\/\/blog.sub.uni-hamburg.de\/wp-content\/uploads\/2026\/03\/2026-03-30-Daphne-Weber-_-Copyright-Julien-Then-116x150.jpg 116w, https:\/\/blog.sub.uni-hamburg.de\/wp-content\/uploads\/2026\/03\/2026-03-30-Daphne-Weber-_-Copyright-Julien-Then.jpg 480w\" sizes=\"auto, (max-width: 231px) 100vw, 231px\" \/><\/a><strong>Montag, 30.3., 18.30 Uhr, Vortragsraum.<\/strong><\/p>\n<p>In Zeiten des Populismus ist das Image der Parole ramponiert: Sie vereinfacht, wird Komplexit\u00e4t nicht gerecht, agitiert, diskreditiert. Was aber ist eine Parole genau und welche Funktion erf\u00fcllt sie in politischen Mobilisierungen? Von den erbittert konkurrierenden Parteien der Weimarer Republik \u00fcber die Massenmobilisierungen der Friedensbewegung in den 1980er Jahren, die Herrschaftspropaganda der SED in der DDR und das Aufbegehren der Friedlichen Revolution 1989 bis hin zu den Protesten rechter Bewegungen heute \u2013 anhand umfangreicher Materialien kommt Daphne Weber zu einer Neubewertung: Wer Politik macht, kommt an Parolen nicht vorbei. Statt die Parole als Kampfbegriff zur Diskreditierung des politischen Gegners zu verwenden, muss ihr potenter Charakter als rhetorisches Werkzeug politischer Mobilisierung neu entdeckt werden. Wie kann das gelingen?<br \/>\n<!--more--><\/p>\n<p>Daphne Weber: <a href=\"https:\/\/www.campus.de\/buecher-campus-verlag\/wissenschaft\/kulturwissenschaften\/politik_der_parole-18693.html#\">Politik der Parole, \u00c4sthetische Praktiken politischer Mobilisierung<\/a>. Erschienen im Campus-Verlag.<\/p>\n<p>Eine Veranstaltung des ROTEN SALON HAMBURG in Kooperation mit der MASCH Hochschulgruppe und LuV Hamburg. Um Anmeldung wird gebeten: <a href=\"https:\/\/roter-salon-hamburg.de\/daphne-weber-politik-der-parole\/\">https:\/\/roter-salon-hamburg.de\/<\/a>. <\/p>\n","protected":false},"excerpt":{"rendered":"<p>Montag, 30.3., 18.30 Uhr, Vortragsraum. In Zeiten des Populismus ist das Image der Parole ramponiert: Sie vereinfacht, wird Komplexit\u00e4t nicht gerecht, agitiert, diskreditiert. Was aber ist eine Parole genau und welche Funktion erf\u00fcllt sie in politischen Mobilisierungen? Von den erbittert konkurrierenden Parteien der Weimarer Republik \u00fcber die Massenmobilisierungen der Friedensbewegung in den 1980er Jahren, die [&hellip;]<\/p>\n","protected":false},"author":19,"featured_media":0,"comment_status":"open","ping_status":"open","sticky":false,"template":"","format":"standard","meta":{"jetpack_post_was_ever_published":false,"_jetpack_newsletter_access":"","_jetpack_dont_email_post_to_subs":false,"_jetpack_newsletter_tier_id":0,"_jetpack_memberships_contains_paywalled_content":false,"_jetpack_memberships_contains_paid_content":false,"footnotes":"","jetpack_publicize_message":"","jetpack_publicize_feature_enabled":true,"jetpack_social_post_already_shared":true,"jetpack_social_options":{"image_generator_settings":{"template":"highway","default_image_id":0,"font":"","enabled":false},"version":2}},"categories":[9],"tags":[],"class_list":["post-42133","post","type-post","status-publish","format-standard","hentry","category-ausstellungen"],"views":569,"jetpack_publicize_connections":[],"jetpack_featured_media_url":"","jetpack_shortlink":"https:\/\/wp.me\/p7hfNR-aXz","jetpack-related-posts":[{"id":25729,"url":"https:\/\/blog.sub.uni-hamburg.de\/?p=25729","url_meta":{"origin":42133,"position":0},"title":"Verleihung des Hans-Frankenthal-Preises 2018 (25.10.)","author":"Markus Trapp","date":"10-10-18","format":false,"excerpt":"Die Stiftung Auschwitz-Komitee hat es sich zur Aufgabe gemacht, die Stimmen, die Mahnung und das Verm\u00e4chtnis derjenigen, welche die nationalsozialistischen Verbrechen noch selbst erlebt und \u00fcberlebt haben, an die nachfolgenden Generationen weiter zu geben und in Erinnerung zu halten. Mit dem Hans-Frankenthal-Preis werden jedes Jahr Gruppen, Initiativen und Institutionen ausgezeichnet,\u2026","rel":"","context":"In &quot;Ausstellungen und Veranstaltungen&quot;","block_context":{"text":"Ausstellungen und Veranstaltungen","link":"https:\/\/blog.sub.uni-hamburg.de\/?cat=9"},"img":{"alt_text":"Verleihung des Hans-Frankenthal-Preises 2018","src":"https:\/\/i0.wp.com\/blog.sub.uni-hamburg.de\/wp-content\/uploads\/2018\/10\/18-10-25-Frankenthal-Preis-img_7864.jpg?resize=350%2C200&ssl=1","width":350,"height":200,"srcset":"https:\/\/i0.wp.com\/blog.sub.uni-hamburg.de\/wp-content\/uploads\/2018\/10\/18-10-25-Frankenthal-Preis-img_7864.jpg?resize=350%2C200&ssl=1 1x, https:\/\/i0.wp.com\/blog.sub.uni-hamburg.de\/wp-content\/uploads\/2018\/10\/18-10-25-Frankenthal-Preis-img_7864.jpg?resize=525%2C300&ssl=1 1.5x"},"classes":[]},{"id":22242,"url":"https:\/\/blog.sub.uni-hamburg.de\/?p=22242","url_meta":{"origin":42133,"position":1},"title":"Sicherheit und Friedensforschung \u2013 kontr\u00e4r oder komplement\u00e4r? (30.3.)","author":"Markus Trapp","date":"09-03-17","format":false,"excerpt":"Prof. Dr. Michael Brzoska (Hamburg): Sicherheit und Friedensforschung \u2013 kontr\u00e4r oder komplement\u00e4r? Wann stehen Frieden und Sicherheit in Widerstreit miteinander und in welcher Konstellation erg\u00e4nzen sie sich? Wie sieht das Verh\u00e4ltnis in konkreten Konfliktsituationen aus? Wissenschaft und Politik besch\u00e4ftigen sich mit kollektiver Gewalt und deren Verhinderung. Michael Brzoska beleuchtet fundamentale\u2026","rel":"","context":"In &quot;Ausstellungen und Veranstaltungen&quot;","block_context":{"text":"Ausstellungen und Veranstaltungen","link":"https:\/\/blog.sub.uni-hamburg.de\/?cat=9"},"img":{"alt_text":"","src":"https:\/\/i0.wp.com\/blog.sub.uni-hamburg.de\/wp-content\/uploads\/2017\/03\/17-KK-MichaelBrzoska-maerz.jpg?resize=350%2C200&ssl=1","width":350,"height":200},"classes":[]},{"id":108,"url":"https:\/\/blog.sub.uni-hamburg.de\/?p=108","url_meta":{"origin":42133,"position":2},"title":"Visuelle Poesie &#8211; Ausstellung vom 30.3. &#8211; 13.5.06","author":"AC","date":"29-03-06","format":false,"excerpt":"In der Ausstellung Klaus Peter Dencker - Visuelle Poesie werden zum ersten Mal in Hamburg Arbeiten des international renommierten Praktikers und Theoretikers der Visuellen Poesie gezeigt. Seit dem \u00dcberblick \u00fcber sein Gesamtwerk (seit 1965) zum 60. Geburtstag im Hamburger Bahnhof\/Berlin 2001, insbesondere aber nach dem Ausscheiden aus dem Dienst der\u2026","rel":"","context":"In &quot;Ausstellungen und Veranstaltungen&quot;","block_context":{"text":"Ausstellungen und Veranstaltungen","link":"https:\/\/blog.sub.uni-hamburg.de\/?cat=9"},"img":{"alt_text":"","src":"","width":0,"height":0},"classes":[]},{"id":27491,"url":"https:\/\/blog.sub.uni-hamburg.de\/?p=27491","url_meta":{"origin":42133,"position":3},"title":"Shortlist HamburgLesen 2019","author":"Markus Trapp","date":"09-07-19","format":false,"excerpt":"Im Herbst ist es wieder soweit: Zum nunmehr siebten Mal vergibt die Staatsbibliothek ihren Buchpreis HamburgLesen an ein Buch der aktuellen \"Jahresproduktion\", das sich in herausragender Weise mit dem Thema Hamburg befasst. Im Rennen um den mit 5.000 \u20ac dotierten Buchpreis, der am Freitag, den 25. Oktober 2019 im Lichthof\u2026","rel":"","context":"In &quot;Aktuelles&quot;","block_context":{"text":"Aktuelles","link":"https:\/\/blog.sub.uni-hamburg.de\/?cat=1"},"img":{"alt_text":"","src":"https:\/\/i0.wp.com\/blog.sub.uni-hamburg.de\/wp-content\/uploads\/2019\/07\/shortlist2019.jpg?resize=350%2C200&ssl=1","width":350,"height":200,"srcset":"https:\/\/i0.wp.com\/blog.sub.uni-hamburg.de\/wp-content\/uploads\/2019\/07\/shortlist2019.jpg?resize=350%2C200&ssl=1 1x, https:\/\/i0.wp.com\/blog.sub.uni-hamburg.de\/wp-content\/uploads\/2019\/07\/shortlist2019.jpg?resize=525%2C300&ssl=1 1.5x"},"classes":[]},{"id":32861,"url":"https:\/\/blog.sub.uni-hamburg.de\/?p=32861","url_meta":{"origin":42133,"position":4},"title":"Meinungskrise und Meinungsbildung &#8211; Buchvorstellung und Gespr\u00e4ch (3.3.)","author":"Markus Trapp","date":"21-02-22","format":false,"excerpt":"Mit Dr. Agata Klaus und Prof. Dr. Christian Bermes, Donnerstag, 3. M\u00e4rz 2022, 18 Uhr, Lichthof, Eingang Grindelallee. In seinem neuen Buch Meinungskrise und Meinungsbildung. Eine Philosophie der Doxa setzt sich Prof. Christian Bermes mit der gegenw\u00e4rtigen Debattenkultur auseinander. Er fragt nach dem Stellenwert von Meinungen in einer zunehmend fragmentierten\u2026","rel":"","context":"In &quot;Ausstellungen und Veranstaltungen&quot;","block_context":{"text":"Ausstellungen und Veranstaltungen","link":"https:\/\/blog.sub.uni-hamburg.de\/?cat=9"},"img":{"alt_text":"Prof. Dr. Christian Bermes. Foto: Juliane Liebers","src":"https:\/\/i0.wp.com\/blog.sub.uni-hamburg.de\/wp-content\/uploads\/2022\/02\/Bermes_Christian_cJuliane-Liebers.jpg?resize=350%2C200&ssl=1","width":350,"height":200,"srcset":"https:\/\/i0.wp.com\/blog.sub.uni-hamburg.de\/wp-content\/uploads\/2022\/02\/Bermes_Christian_cJuliane-Liebers.jpg?resize=350%2C200&ssl=1 1x, https:\/\/i0.wp.com\/blog.sub.uni-hamburg.de\/wp-content\/uploads\/2022\/02\/Bermes_Christian_cJuliane-Liebers.jpg?resize=525%2C300&ssl=1 1.5x"},"classes":[]},{"id":3648,"url":"https:\/\/blog.sub.uni-hamburg.de\/?p=3648","url_meta":{"origin":42133,"position":5},"title":"Autorenlesung in der Informatik-Bibliothek: Gewissensbisse: Ethische Probleme der Informatik (18.11.)","author":"Markus Trapp","date":"10-11-10","format":false,"excerpt":"Selbstverst\u00e4ndlich ist ein Fachgebiet wie die Informatik auch mit Fragen der Ethik konfrontiert. Ein Autorenkollektiv, bestehend aus Debora Weber-Wulff, Christina Class, Wolfgang Coy, Constanze Kurz, David Zellh\u00f6fer, ist angetreten, ein Lehrwerk zu verfassen, das Dozenten aus der Informatik Fallbeispiele an die Hand gibt, um diese wichtige gesellschaftspolitische Frage mit in\u2026","rel":"","context":"In &quot;Ausstellungen und Veranstaltungen&quot;","block_context":{"text":"Ausstellungen und Veranstaltungen","link":"https:\/\/blog.sub.uni-hamburg.de\/?cat=9"},"img":{"alt_text":"Gewissensbisse : ethische Probleme der Informatik","src":"https:\/\/i0.wp.com\/blog.sub.uni-hamburg.de\/wp-content\/uploads\/2010\/11\/ts1221g.jpg?resize=350%2C200&ssl=1","width":350,"height":200},"classes":[]}],"jetpack_sharing_enabled":true,"_links":{"self":[{"href":"https:\/\/blog.sub.uni-hamburg.de\/index.php?rest_route=\/wp\/v2\/posts\/42133","targetHints":{"allow":["GET"]}}],"collection":[{"href":"https:\/\/blog.sub.uni-hamburg.de\/index.php?rest_route=\/wp\/v2\/posts"}],"about":[{"href":"https:\/\/blog.sub.uni-hamburg.de\/index.php?rest_route=\/wp\/v2\/types\/post"}],"author":[{"embeddable":true,"href":"https:\/\/blog.sub.uni-hamburg.de\/index.php?rest_route=\/wp\/v2\/users\/19"}],"replies":[{"embeddable":true,"href":"https:\/\/blog.sub.uni-hamburg.de\/index.php?rest_route=%2Fwp%2Fv2%2Fcomments&post=42133"}],"version-history":[{"count":3,"href":"https:\/\/blog.sub.uni-hamburg.de\/index.php?rest_route=\/wp\/v2\/posts\/42133\/revisions"}],"predecessor-version":[{"id":42137,"href":"https:\/\/blog.sub.uni-hamburg.de\/index.php?rest_route=\/wp\/v2\/posts\/42133\/revisions\/42137"}],"wp:attachment":[{"href":"https:\/\/blog.sub.uni-hamburg.de\/index.php?rest_route=%2Fwp%2Fv2%2Fmedia&parent=42133"}],"wp:term":[{"taxonomy":"category","embeddable":true,"href":"https:\/\/blog.sub.uni-hamburg.de\/index.php?rest_route=%2Fwp%2Fv2%2Fcategories&post=42133"},{"taxonomy":"post_tag","embeddable":true,"href":"https:\/\/blog.sub.uni-hamburg.de\/index.php?rest_route=%2Fwp%2Fv2%2Ftags&post=42133"}],"curies":[{"name":"wp","href":"https:\/\/api.w.org\/{rel}","templated":true}]}}