{"id":42121,"date":"2026-03-11T09:57:48","date_gmt":"2026-03-11T08:57:48","guid":{"rendered":"https:\/\/blog.sub.uni-hamburg.de\/?p=42121"},"modified":"2026-03-20T10:06:07","modified_gmt":"2026-03-20T09:06:07","slug":"szenische-lesung-sie-suchten-ihre-freiheit-schauspielerinnen-bei-theodor-fontane-19-3","status":"publish","type":"post","link":"https:\/\/blog.sub.uni-hamburg.de\/?p=42121","title":{"rendered":"Szenische Lesung: Sie suchten ihre Freiheit. Schauspielerinnen bei Theodor Fontane (19.3.)"},"content":{"rendered":"<p><a href=\"https:\/\/blog.sub.uni-hamburg.de\/wp-content\/uploads\/2026\/03\/Cover-Illustration_Antonia-scaled.jpg\"><img loading=\"lazy\" decoding=\"async\" data-attachment-id=\"42123\" data-permalink=\"https:\/\/blog.sub.uni-hamburg.de\/?attachment_id=42123\" data-orig-file=\"https:\/\/blog.sub.uni-hamburg.de\/wp-content\/uploads\/2026\/03\/Cover-Illustration_Antonia-scaled.jpg\" data-orig-size=\"2560,1983\" data-comments-opened=\"1\" data-image-meta=\"{&quot;aperture&quot;:&quot;0&quot;,&quot;credit&quot;:&quot;&quot;,&quot;camera&quot;:&quot;&quot;,&quot;caption&quot;:&quot;&quot;,&quot;created_timestamp&quot;:&quot;0&quot;,&quot;copyright&quot;:&quot;&quot;,&quot;focal_length&quot;:&quot;0&quot;,&quot;iso&quot;:&quot;0&quot;,&quot;shutter_speed&quot;:&quot;0&quot;,&quot;title&quot;:&quot;&quot;,&quot;orientation&quot;:&quot;0&quot;}\" data-image-title=\"Cover-Illustration_Antonia\" data-image-description=\"\" data-image-caption=\"\" data-large-file=\"https:\/\/blog.sub.uni-hamburg.de\/wp-content\/uploads\/2026\/03\/Cover-Illustration_Antonia-1024x793.jpg\" src=\"https:\/\/blog.sub.uni-hamburg.de\/wp-content\/uploads\/2026\/03\/Cover-Illustration_Antonia-300x232.jpg\" alt=\"Illustration Antonia Rib\" title=\"Illustration Antonia Rib\" width=\"300\" height=\"232\" class=\"alignright size-medium wp-image-42123\" srcset=\"https:\/\/blog.sub.uni-hamburg.de\/wp-content\/uploads\/2026\/03\/Cover-Illustration_Antonia-300x232.jpg 300w, https:\/\/blog.sub.uni-hamburg.de\/wp-content\/uploads\/2026\/03\/Cover-Illustration_Antonia-1024x793.jpg 1024w, https:\/\/blog.sub.uni-hamburg.de\/wp-content\/uploads\/2026\/03\/Cover-Illustration_Antonia-150x116.jpg 150w, https:\/\/blog.sub.uni-hamburg.de\/wp-content\/uploads\/2026\/03\/Cover-Illustration_Antonia-768x595.jpg 768w, https:\/\/blog.sub.uni-hamburg.de\/wp-content\/uploads\/2026\/03\/Cover-Illustration_Antonia-1536x1190.jpg 1536w, https:\/\/blog.sub.uni-hamburg.de\/wp-content\/uploads\/2026\/03\/Cover-Illustration_Antonia-2048x1587.jpg 2048w\" sizes=\"auto, (max-width: 300px) 100vw, 300px\" \/><\/a><strong>Donnerstag, 19.3., 19 Uhr, Vortragsraum.<\/strong><\/p>\n<p>Drei Frauen versuchen, \u00fcber das Theater eine eigenst\u00e4ndige Unabh\u00e4ngigkeit zu gewinnen. Welchen Preis zahlen sie f\u00fcr diesen unangepassten Lebensweg? Finden sie ihre Freiheit? Fontane \u2013 \u00fcberraschend f\u00fcr seine und auch die heutige Zeit \u2013 beschreibt diese Intention ohne Besch\u00f6nigung. Eine der Frauen scheitert. Eine muss Kompromisse eingehen. Die Dritte erreicht erst \u00fcber schwere pers\u00f6nliche Erfahrungen eine unabh\u00e4ngige Freiheit.<\/p>\n<p>Eine Collage aus den Romanen \u201eGraf Pet\u00f6fy\u201c, \u201eGrete Minde\u201c und \u201eStine\u201c von G\u00f6tz Bolten in gelesenen Szenen mit Detlef Heydorn, Dagmar Dreke, Ingeborg Kallweit, Uta Kr\u00fcger und Marion Gretchen Schmitz. Eine Veranstaltung von \u201eTGA-WIR\u201c. Eintritt: 19 Euro (regul\u00e4r) und 9 Euro (Studierende). Gef\u00f6rdert durch das Bezirksamt Eimsb\u00fcttel.<\/p>\n","protected":false},"excerpt":{"rendered":"<p>Donnerstag, 19.3., 19 Uhr, Vortragsraum. Drei Frauen versuchen, \u00fcber das Theater eine eigenst\u00e4ndige Unabh\u00e4ngigkeit zu gewinnen. Welchen Preis zahlen sie f\u00fcr diesen unangepassten Lebensweg? Finden sie ihre Freiheit? Fontane \u2013 \u00fcberraschend f\u00fcr seine und auch die heutige Zeit \u2013 beschreibt diese Intention ohne Besch\u00f6nigung. Eine der Frauen scheitert. Eine muss Kompromisse eingehen. Die Dritte erreicht [&hellip;]<\/p>\n","protected":false},"author":19,"featured_media":0,"comment_status":"open","ping_status":"open","sticky":false,"template":"","format":"standard","meta":{"jetpack_post_was_ever_published":false,"_jetpack_newsletter_access":"","_jetpack_dont_email_post_to_subs":false,"_jetpack_newsletter_tier_id":0,"_jetpack_memberships_contains_paywalled_content":false,"_jetpack_memberships_contains_paid_content":false,"footnotes":"","jetpack_publicize_message":"","jetpack_publicize_feature_enabled":true,"jetpack_social_post_already_shared":true,"jetpack_social_options":{"image_generator_settings":{"template":"highway","default_image_id":0,"font":"","enabled":false},"version":2}},"categories":[9],"tags":[],"class_list":["post-42121","post","type-post","status-publish","format-standard","hentry","category-ausstellungen"],"views":403,"jetpack_publicize_connections":[],"jetpack_featured_media_url":"","jetpack_shortlink":"https:\/\/wp.me\/p7hfNR-aXn","jetpack-related-posts":[{"id":34038,"url":"https:\/\/blog.sub.uni-hamburg.de\/?p=34038","url_meta":{"origin":42121,"position":0},"title":"Szenische Lesung: Eine Frau will nach oben. Fontanes Mathilde M\u00f6hring (14.9.)","author":"Markus Trapp","date":"30-08-22","format":false,"excerpt":"Mittwoch, 14.9., 19 Uhr, Vortragsraum. Theodor Fontane schildert in \"Mathilde M\u00f6hring\" das Leben einer jungen Frau, die in den einschr\u00e4nkenden gesellschaftlichen Verh\u00e4ltnissen des deutschen Kaiserreichs lebt und der durch ihre Heirat ein sozialer Aufstieg gelingt. Doch recht bald beendet der Tod des Ehegatten ihren Weg nach oben. Als alleinstehende Frau\u2026","rel":"","context":"In &quot;Ausstellungen und Veranstaltungen&quot;","block_context":{"text":"Ausstellungen und Veranstaltungen","link":"https:\/\/blog.sub.uni-hamburg.de\/?cat=9"},"img":{"alt_text":"","src":"https:\/\/i0.wp.com\/blog.sub.uni-hamburg.de\/wp-content\/uploads\/2022\/08\/Daheim-Stich-Theodor-Fontane.jpg?resize=350%2C200&ssl=1","width":350,"height":200},"classes":[]},{"id":39781,"url":"https:\/\/blog.sub.uni-hamburg.de\/?p=39781","url_meta":{"origin":42121,"position":1},"title":"IndieStabi: Ein Abend mit der Edition Contra-Bass (19.3.)","author":"Markus Trapp","date":"03-03-25","format":false,"excerpt":"Mittwoch, 19.3., 19 Uhr, Vortragsraum. In der Reihe \u201eIndieStabi\u201c stellt an jedem dritten Mittwoch im Monat ein Verlag aus der Liste unabh\u00e4ngiger Verlage Hamburg (LUV) sich und seine Produktion vor. An dem Abend werden Passagen aus zwei B\u00fcchern gelesen und besprochen: Aus \u201eDer Himmel in der Zisterne \u2013 Die Tochter\u2026","rel":"","context":"In &quot;Ausstellungen und Veranstaltungen&quot;","block_context":{"text":"Ausstellungen und Veranstaltungen","link":"https:\/\/blog.sub.uni-hamburg.de\/?cat=9"},"img":{"alt_text":"","src":"https:\/\/i0.wp.com\/blog.sub.uni-hamburg.de\/wp-content\/uploads\/2025\/02\/Vom_Traeumen_und_Kaempfen.jpg?resize=350%2C200&ssl=1","width":350,"height":200},"classes":[]},{"id":36399,"url":"https:\/\/blog.sub.uni-hamburg.de\/?p=36399","url_meta":{"origin":42121,"position":2},"title":"IndieStabi: \u201eDem Tod davongelaufen\u201c von Suzanne Maudet. Ein Abend mit Assoziation A (20.9.)","author":"Markus Trapp","date":"04-09-23","format":false,"excerpt":"Wie neun junge Frauen dem Konzentrationslager entkamen 20. September, 19 Uhr, Vortragsraum, 1. Etage Neun Frauen, die in der R\u00e9sistance gek\u00e4mpft hatten und von den Nazis ins KZ deportiert wurden, wagen im April 1945 die Flucht auf dem Todesmarsch. Von der \u00dcberlebenden Suzanne Maudet unmittelbar nach Kriegsende verfasst, ist dieser\u2026","rel":"","context":"In &quot;Ausstellungen und Veranstaltungen&quot;","block_context":{"text":"Ausstellungen und Veranstaltungen","link":"https:\/\/blog.sub.uni-hamburg.de\/?cat=9"},"img":{"alt_text":"","src":"https:\/\/i0.wp.com\/blog.sub.uni-hamburg.de\/wp-content\/uploads\/2023\/08\/IndieStabi_Maudet_Cover.jpg?resize=350%2C200&ssl=1","width":350,"height":200},"classes":[]},{"id":41163,"url":"https:\/\/blog.sub.uni-hamburg.de\/?p=41163","url_meta":{"origin":42121,"position":3},"title":"Vortrag: Unabh\u00e4ngiges Lettland 1918-2025 (24.11.)","author":"Markus Trapp","date":"07-11-25","format":false,"excerpt":"Montag, 24.11., 18 Uhr, Ossietzky-Forum. Die Republik Lettland entstand, wie auch die Nachbarstaaten Estland, Litauen, Finnland und Polen, gegen Ende des Ersten Weltkrieges und nach dem Zusammenbruch der beiden Kaiserreiche Deutschland und Russland. Seitdem erfuhr das Land eine wechselhafte Geschichte zwischen Demokratie und Diktatur, zwischen Okkupation, Annexion und staatlicher Unabh\u00e4ngigkeit.\u2026","rel":"","context":"In &quot;Ausstellungen und Veranstaltungen&quot;","block_context":{"text":"Ausstellungen und Veranstaltungen","link":"https:\/\/blog.sub.uni-hamburg.de\/?cat=9"},"img":{"alt_text":"Dr. Detlef Henning","src":"https:\/\/i0.wp.com\/blog.sub.uni-hamburg.de\/wp-content\/uploads\/2025\/11\/DetlefHenning.jpg?resize=350%2C200&ssl=1","width":350,"height":200},"classes":[]},{"id":4507,"url":"https:\/\/blog.sub.uni-hamburg.de\/?p=4507","url_meta":{"origin":42121,"position":4},"title":"Diskussion &#8220;Die politischen Umbr\u00fcche in der arabischen Welt&#8221; (12.4.2011)","author":"MG","date":"28-03-11","format":false,"excerpt":"Vortrag und Diskussion: Die politischen Umbr\u00fcche in der arabischen Welt - Gemeinsamkeiten und Unterschiede zu den Umbr\u00fcchen in der ehemaligen Sowjetunion und im sowjetischen Einflussbereich 1989\/1990. - Eine Veranstaltung der Friedrich-Naumann-Stiftung. Proteste und K\u00e4mpfe gegen herrschende Regimes haben sich seit Januar 2011 in arabischen Staaten ausgeweitet. Zum Teil haben sich\u2026","rel":"","context":"In &quot;Ausstellungen und Veranstaltungen&quot;","block_context":{"text":"Ausstellungen und Veranstaltungen","link":"https:\/\/blog.sub.uni-hamburg.de\/?cat=9"},"img":{"alt_text":"People on a tank in Benghazi","src":"https:\/\/i0.wp.com\/blog.sub.uni-hamburg.de\/wp-content\/uploads\/2011\/03\/Benghazi.jpg?resize=350%2C200&ssl=1","width":350,"height":200},"classes":[]},{"id":37818,"url":"https:\/\/blog.sub.uni-hamburg.de\/?p=37818","url_meta":{"origin":42121,"position":5},"title":"IndieStabi: Hegel: Herrschaft, Knechtschaft, Bewusstsein der Freiheit. Ein Abend mit Thomas Seibert und GadaK (17.4.)","author":"Markus Trapp","date":"02-04-24","format":false,"excerpt":"Mittwoch, 17.4., 19 Uhr, Vortragsraum. Um die Geschichte als Fortschritt im Bewusstsein der Freiheit steht es heute so schlecht wie selten zuvor. Da liegt es nahe, es noch einmal mit dem Anfang aller Befreiung zu versuchen: mit dem Kampf auf Leben und Tod, der gegen ausnahmslos alle Herrschaft und gegen\u2026","rel":"","context":"In &quot;Ausstellungen und Veranstaltungen&quot;","block_context":{"text":"Ausstellungen und Veranstaltungen","link":"https:\/\/blog.sub.uni-hamburg.de\/?cat=9"},"img":{"alt_text":"Galerie der abseitigen K\u00fcnste","src":"https:\/\/i0.wp.com\/blog.sub.uni-hamburg.de\/wp-content\/uploads\/2024\/03\/Galerie-der-abseitigen-Kuenste_Logo.jpg?resize=350%2C200&ssl=1","width":350,"height":200,"srcset":"https:\/\/i0.wp.com\/blog.sub.uni-hamburg.de\/wp-content\/uploads\/2024\/03\/Galerie-der-abseitigen-Kuenste_Logo.jpg?resize=350%2C200&ssl=1 1x, https:\/\/i0.wp.com\/blog.sub.uni-hamburg.de\/wp-content\/uploads\/2024\/03\/Galerie-der-abseitigen-Kuenste_Logo.jpg?resize=525%2C300&ssl=1 1.5x"},"classes":[]}],"jetpack_sharing_enabled":true,"_links":{"self":[{"href":"https:\/\/blog.sub.uni-hamburg.de\/index.php?rest_route=\/wp\/v2\/posts\/42121","targetHints":{"allow":["GET"]}}],"collection":[{"href":"https:\/\/blog.sub.uni-hamburg.de\/index.php?rest_route=\/wp\/v2\/posts"}],"about":[{"href":"https:\/\/blog.sub.uni-hamburg.de\/index.php?rest_route=\/wp\/v2\/types\/post"}],"author":[{"embeddable":true,"href":"https:\/\/blog.sub.uni-hamburg.de\/index.php?rest_route=\/wp\/v2\/users\/19"}],"replies":[{"embeddable":true,"href":"https:\/\/blog.sub.uni-hamburg.de\/index.php?rest_route=%2Fwp%2Fv2%2Fcomments&post=42121"}],"version-history":[{"count":2,"href":"https:\/\/blog.sub.uni-hamburg.de\/index.php?rest_route=\/wp\/v2\/posts\/42121\/revisions"}],"predecessor-version":[{"id":42124,"href":"https:\/\/blog.sub.uni-hamburg.de\/index.php?rest_route=\/wp\/v2\/posts\/42121\/revisions\/42124"}],"wp:attachment":[{"href":"https:\/\/blog.sub.uni-hamburg.de\/index.php?rest_route=%2Fwp%2Fv2%2Fmedia&parent=42121"}],"wp:term":[{"taxonomy":"category","embeddable":true,"href":"https:\/\/blog.sub.uni-hamburg.de\/index.php?rest_route=%2Fwp%2Fv2%2Fcategories&post=42121"},{"taxonomy":"post_tag","embeddable":true,"href":"https:\/\/blog.sub.uni-hamburg.de\/index.php?rest_route=%2Fwp%2Fv2%2Ftags&post=42121"}],"curies":[{"name":"wp","href":"https:\/\/api.w.org\/{rel}","templated":true}]}}