{"id":42112,"date":"2026-03-09T14:10:44","date_gmt":"2026-03-09T13:10:44","guid":{"rendered":"https:\/\/blog.sub.uni-hamburg.de\/?p=42112"},"modified":"2026-03-20T10:05:46","modified_gmt":"2026-03-20T09:05:46","slug":"meet-japanese-employers-in-hamburg-18-3","status":"publish","type":"post","link":"https:\/\/blog.sub.uni-hamburg.de\/?p=42112","title":{"rendered":"Meet Japanese Employers in Hamburg (18.3.)"},"content":{"rendered":"<p><a href=\"https:\/\/blog.sub.uni-hamburg.de\/wp-content\/uploads\/2026\/03\/japanese-employers.jpg\"><img loading=\"lazy\" decoding=\"async\" data-attachment-id=\"42115\" data-permalink=\"https:\/\/blog.sub.uni-hamburg.de\/?attachment_id=42115\" data-orig-file=\"https:\/\/blog.sub.uni-hamburg.de\/wp-content\/uploads\/2026\/03\/japanese-employers.jpg\" data-orig-size=\"733,942\" data-comments-opened=\"1\" data-image-meta=\"{&quot;aperture&quot;:&quot;0&quot;,&quot;credit&quot;:&quot;&quot;,&quot;camera&quot;:&quot;&quot;,&quot;caption&quot;:&quot;&quot;,&quot;created_timestamp&quot;:&quot;0&quot;,&quot;copyright&quot;:&quot;&quot;,&quot;focal_length&quot;:&quot;0&quot;,&quot;iso&quot;:&quot;0&quot;,&quot;shutter_speed&quot;:&quot;0&quot;,&quot;title&quot;:&quot;&quot;,&quot;orientation&quot;:&quot;0&quot;}\" data-image-title=\"japanese-employers\" data-image-description=\"\" data-image-caption=\"\" data-large-file=\"https:\/\/blog.sub.uni-hamburg.de\/wp-content\/uploads\/2026\/03\/japanese-employers.jpg\" src=\"https:\/\/blog.sub.uni-hamburg.de\/wp-content\/uploads\/2026\/03\/japanese-employers-233x300.jpg\" alt=\"\" width=\"233\" height=\"300\" class=\"alignright size-medium wp-image-42115\" srcset=\"https:\/\/blog.sub.uni-hamburg.de\/wp-content\/uploads\/2026\/03\/japanese-employers-233x300.jpg 233w, https:\/\/blog.sub.uni-hamburg.de\/wp-content\/uploads\/2026\/03\/japanese-employers-117x150.jpg 117w, https:\/\/blog.sub.uni-hamburg.de\/wp-content\/uploads\/2026\/03\/japanese-employers.jpg 733w\" sizes=\"auto, (max-width: 233px) 100vw, 233px\" \/><\/a> <strong>Mittwoch, 18.M\u00e4rz 2026, 17 &#8211; 20 Uhr<br \/>\nLichthof der Stabi Hamburg, Eingang: Edmund-Siemers Allee, Ecke Grindelallee<\/strong><\/p>\n<p>Am 18. M\u00e4rz laden das Japanische Generalkonsulat Hamburg, Japamburg und der Deutsch-Japanische Wirtschaftskreis alle Studierenden, die sich f\u00fcr eine Karriere im internationalen Umfeld interessieren, herzlich zu einer Karriere- und Networking-Veranstaltung an der Universit\u00e4t Hamburg ein. Die Veranstaltung steht Teilnehmenden aller akademischen Hintergr\u00fcnde und Berufserfahrungen offen, ohne dass bestimmte Sprachkenntnisse oder Erfahrungen im Zusammenhang mit Japan erforderlich sind. W\u00e4hrend der Veranstaltung stellen sich japanische Unternehmen mit Gesch\u00e4ftsaktivit\u00e4ten in Norddeutschland vor und suchen nach neuen Talenten. Das Programm endet mit einer informellen Networking-Runde mit japanischem Catering \u2013 die perfekte Gelegenheit f\u00fcr pers\u00f6nliche Gespr\u00e4che und erste berufliche Kontakte:<\/p>\n<p><a href=\"https:\/\/www.djw.de\/de\/veranstaltungen\/djw-veranstaltungen\/career-und-networking-event\">https:\/\/www.djw.de\/de\/veranstaltungen\/djw-veranstaltungen\/career-und-networking-event<\/a><br \/>\n<!--more--><\/p>\n<p><em><br \/>\nOn March 18th, Hamburg&#8217;s Consulate General of Japan, Japamburg, and the DJW warmly invite all students interested in careers in an international setting to attend a joint Career &#038; Networking Event at University of Hamburg. The event welcomes participants from all academic backgrounds and professional levels, with no specific language skills or Japan-related experience needed. During the event, Japanese companies with business activities in Northern Germany will introduce themselves and will be seeking new talent. The program concludes with an informal networking session with Japanese catering \u2013 the perfect opportunity for personal conversations and first career connections:<\/p>\n<p><a href=\"https:\/\/www.djw.de\/de\/veranstaltungen\/djw-veranstaltungen\/career-und-networking-event\">https:\/\/www.djw.de\/de\/veranstaltungen\/djw-veranstaltungen\/career-und-networking-event<\/a> <\/em><\/p>\n","protected":false},"excerpt":{"rendered":"<p>Mittwoch, 18.M\u00e4rz 2026, 17 &#8211; 20 Uhr Lichthof der Stabi Hamburg, Eingang: Edmund-Siemers Allee, Ecke Grindelallee Am 18. M\u00e4rz laden das Japanische Generalkonsulat Hamburg, Japamburg und der Deutsch-Japanische Wirtschaftskreis alle Studierenden, die sich f\u00fcr eine Karriere im internationalen Umfeld interessieren, herzlich zu einer Karriere- und Networking-Veranstaltung an der Universit\u00e4t Hamburg ein. Die Veranstaltung steht Teilnehmenden [&hellip;]<\/p>\n","protected":false},"author":19,"featured_media":0,"comment_status":"open","ping_status":"open","sticky":false,"template":"","format":"standard","meta":{"jetpack_post_was_ever_published":false,"_jetpack_newsletter_access":"","_jetpack_dont_email_post_to_subs":false,"_jetpack_newsletter_tier_id":0,"_jetpack_memberships_contains_paywalled_content":false,"_jetpack_memberships_contains_paid_content":false,"footnotes":"","jetpack_publicize_message":"","jetpack_publicize_feature_enabled":true,"jetpack_social_post_already_shared":true,"jetpack_social_options":{"image_generator_settings":{"template":"highway","default_image_id":0,"font":"","enabled":false},"version":2}},"categories":[9],"tags":[],"class_list":["post-42112","post","type-post","status-publish","format-standard","hentry","category-ausstellungen"],"views":556,"jetpack_publicize_connections":[],"jetpack_featured_media_url":"","jetpack_shortlink":"https:\/\/wp.me\/p7hfNR-aXe","jetpack-related-posts":[{"id":37723,"url":"https:\/\/blog.sub.uni-hamburg.de\/?p=37723","url_meta":{"origin":42112,"position":0},"title":"Vortrag: Hamburg \u2013 Japan, 1854 \u2013 1867. (3.4.)","author":"Markus Trapp","date":"18-03-24","format":false,"excerpt":"Mittwoch, 3.4., 18 Uhr, Vortragsraum. Der letzte Versuch Hamburgs, einen eigenst\u00e4ndigen \u00fcberseeischen Handelsvertrag abzuschlie\u00dfen Mit der \u201eLandes\u00f6ffnung\u201c Japans 1854 und dem Abschluss der \u201eungleichen Handelsvertr\u00e4ge\u201c 1858 wuchs auch in Deutschland das Interesse an einem Vertrag mit Japan. Preu\u00dfen stellte sich mit der Entsendung der Eulenburg-Mission 1860 an die Spitze dieser\u2026","rel":"","context":"In &quot;Ausstellungen und Veranstaltungen&quot;","block_context":{"text":"Ausstellungen und Veranstaltungen","link":"https:\/\/blog.sub.uni-hamburg.de\/?cat=9"},"img":{"alt_text":"Hamburg \u2013 Japan, 1854 \u2013 1867","src":"https:\/\/i0.wp.com\/blog.sub.uni-hamburg.de\/wp-content\/uploads\/2024\/03\/die_drei_1.jpg?resize=350%2C200&ssl=1","width":350,"height":200},"classes":[]},{"id":17280,"url":"https:\/\/blog.sub.uni-hamburg.de\/?p=17280","url_meta":{"origin":42112,"position":1},"title":"Aspekte der deutschen Wiedervereinigung &#8211; Lehren f\u00fcr Korea (17.3.)","author":"Markus Trapp","date":"24-02-15","format":false,"excerpt":"Weitblicke: Aspekte der deutschen Wiedervereinigung - Lehren f\u00fcr Korea mit Dr. Dongmyug Kim, Direktor des Research Institute for German Affairs in Korea und Prof. Dr. Michael Staack, Professor f\u00fcr Politikwissenschaft an der Helmut-Schmidt-Universit\u00e4t Hamburg Zitat Frank Walter Steinmeier: \"Wir haben das Gl\u00fcck, dass wir die Erfahrung machen konnten, dass Teilung\u2026","rel":"","context":"In &quot;Ausstellungen und Veranstaltungen&quot;","block_context":{"text":"Ausstellungen und Veranstaltungen","link":"https:\/\/blog.sub.uni-hamburg.de\/?cat=9"},"img":{"alt_text":"Karte mit Nord- und S\u00fcd-Korea","src":"https:\/\/i0.wp.com\/blog.sub.uni-hamburg.de\/wp-content\/uploads\/2015\/02\/Map_korea.jpg?resize=350%2C200&ssl=1","width":350,"height":200},"classes":[]},{"id":16696,"url":"https:\/\/blog.sub.uni-hamburg.de\/?p=16696","url_meta":{"origin":42112,"position":2},"title":"Buchpr\u00e4sentation: Audienzen und Allianzen (18.12.)","author":"Markus Trapp","date":"04-12-14","format":false,"excerpt":"Buchpr\u00e4sentation: Birgit Tremml-Werner, Eberhard Crailsheim (Hg.): Audienzen und Allianzen. Interkulturelle Diplomatie in Asien und Europa vom 8. bis zum 18. Jahrhundert Mit einem Vortrag von Birgit Tremml-Werner \u201eImprovisieren und Regulieren. \u00dcberlegungen zum Diplomatieverst\u00e4ndnis am Beispiel spanisch-japanischer Beziehungen\u201c. Zwischen 1591 und 1615 pflegte kein anderes Land intensiveren diplomatischen Austausch mit Japan\u2026","rel":"","context":"In &quot;Ausstellungen und Veranstaltungen&quot;","block_context":{"text":"Ausstellungen und Veranstaltungen","link":"https:\/\/blog.sub.uni-hamburg.de\/?cat=9"},"img":{"alt_text":"Dr. Birgit Tremml-Werner: Audienzen und Allianzen","src":"https:\/\/i0.wp.com\/blog.sub.uni-hamburg.de\/wp-content\/uploads\/2014\/12\/audienzen.jpg?resize=350%2C200&ssl=1","width":350,"height":200},"classes":[]},{"id":11839,"url":"https:\/\/blog.sub.uni-hamburg.de\/?p=11839","url_meta":{"origin":42112,"position":3},"title":"Fishing for Careers: Lebenschancen durch Bildung (30.5.)","author":"Markus Trapp","date":"14-05-13","format":false,"excerpt":"Eine Veranstaltung des Career Center der Universit\u00e4t Hamburg - in Kooperation mit umdenken Heinrich-B\u00f6ll-Stiftung Hamburg e.V., gef\u00f6rdert von der Landeszentrale f\u00fcr politische Bildung Hamburg e.V.. Erst das Studium, dann eine Zusatzqualifikation, dann m\u00f6glichst noch eine und selbst\u00adverst\u00e4ndlich Auslandserfahrung sammeln. Nicht nur Englisch, sondern m\u00f6glichst auch noch eine andere Sprache sprechen.\u2026","rel":"","context":"In &quot;Ausstellungen und Veranstaltungen&quot;","block_context":{"text":"Ausstellungen und Veranstaltungen","link":"https:\/\/blog.sub.uni-hamburg.de\/?cat=9"},"img":{"alt_text":"B\u00fccherstapel, Foto: FutUndBeidl Flickr","src":"https:\/\/i0.wp.com\/blog.sub.uni-hamburg.de\/wp-content\/uploads\/2013\/05\/buecher-stapel.jpg?resize=350%2C200&ssl=1","width":350,"height":200},"classes":[]},{"id":1165,"url":"https:\/\/blog.sub.uni-hamburg.de\/?p=1165","url_meta":{"origin":42112,"position":4},"title":"Papiertheater \u201eDas gef\u00e4hrliche Leben des Carlo Goldoni&#8221; (23.1.09)","author":"MG","date":"07-01-09","format":false,"excerpt":"Papiertheater \u201eDas gef\u00e4hrliche Leben des Carlo Goldoni \u2013 eine venezianische Fantasie\u201c Freitag, 23.1.2009, 19.30 Uhr \u201eR\u00f6mers Privattheater\u201c \u2013 ein deutsch-japanisches Familientheater \u2013 geh\u00f6rt zu den Besten der neuen Generation von Papiertheaterspielern, die von der Idee bis zur Auff\u00fchrung alles selbst gestaltet. Venedig, in der zweiten H\u00e4lfte des 18. Jh. Der\u2026","rel":"","context":"In &quot;Ausstellungen und Veranstaltungen&quot;","block_context":{"text":"Ausstellungen und Veranstaltungen","link":"https:\/\/blog.sub.uni-hamburg.de\/?cat=9"},"img":{"alt_text":"","src":"","width":0,"height":0},"classes":[]},{"id":11776,"url":"https:\/\/blog.sub.uni-hamburg.de\/?p=11776","url_meta":{"origin":42112,"position":5},"title":"Arne Offermanns: \u201aDie Wissenschaft mit dem Leben verkn\u00fcpfen\u2018 \u2013 Hans Wolffheim (15.5.)","author":"Markus Trapp","date":"02-05-13","format":false,"excerpt":"Mittwoch, 15. Mai 2013, 18 Uhr Arne Offermanns: \u201aDie Wissenschaft mit dem Leben verkn\u00fcpfen\u2018 \u2013 Hans Wolffheim, Begr\u00fcnder der Hamburger Exilliteraturforschung Der Literaturwissenschaftler, -kritiker und Autor Hans WolffheimVon November 2012 bis Januar 2013 gab es in der Staatsbibliothek die umfangreiche Ausstellung Hans Wolffheim (1904-1973) \u2013 Hochschullehrer, Literaturkritiker, Autor, alle Informationen\u2026","rel":"","context":"In &quot;Ausstellungen und Veranstaltungen&quot;","block_context":{"text":"Ausstellungen und Veranstaltungen","link":"https:\/\/blog.sub.uni-hamburg.de\/?cat=9"},"img":{"alt_text":"","src":"https:\/\/i0.wp.com\/blog.sub.uni-hamburg.de\/wp-content\/uploads\/2013\/05\/Ruehmkorf-wolffheim-skizz.jpg?resize=350%2C200&ssl=1","width":350,"height":200},"classes":[]}],"jetpack_sharing_enabled":true,"_links":{"self":[{"href":"https:\/\/blog.sub.uni-hamburg.de\/index.php?rest_route=\/wp\/v2\/posts\/42112","targetHints":{"allow":["GET"]}}],"collection":[{"href":"https:\/\/blog.sub.uni-hamburg.de\/index.php?rest_route=\/wp\/v2\/posts"}],"about":[{"href":"https:\/\/blog.sub.uni-hamburg.de\/index.php?rest_route=\/wp\/v2\/types\/post"}],"author":[{"embeddable":true,"href":"https:\/\/blog.sub.uni-hamburg.de\/index.php?rest_route=\/wp\/v2\/users\/19"}],"replies":[{"embeddable":true,"href":"https:\/\/blog.sub.uni-hamburg.de\/index.php?rest_route=%2Fwp%2Fv2%2Fcomments&post=42112"}],"version-history":[{"count":4,"href":"https:\/\/blog.sub.uni-hamburg.de\/index.php?rest_route=\/wp\/v2\/posts\/42112\/revisions"}],"predecessor-version":[{"id":42117,"href":"https:\/\/blog.sub.uni-hamburg.de\/index.php?rest_route=\/wp\/v2\/posts\/42112\/revisions\/42117"}],"wp:attachment":[{"href":"https:\/\/blog.sub.uni-hamburg.de\/index.php?rest_route=%2Fwp%2Fv2%2Fmedia&parent=42112"}],"wp:term":[{"taxonomy":"category","embeddable":true,"href":"https:\/\/blog.sub.uni-hamburg.de\/index.php?rest_route=%2Fwp%2Fv2%2Fcategories&post=42112"},{"taxonomy":"post_tag","embeddable":true,"href":"https:\/\/blog.sub.uni-hamburg.de\/index.php?rest_route=%2Fwp%2Fv2%2Ftags&post=42112"}],"curies":[{"name":"wp","href":"https:\/\/api.w.org\/{rel}","templated":true}]}}