{"id":4195,"date":"2011-01-26T09:32:53","date_gmt":"2011-01-26T08:32:53","guid":{"rendered":"http:\/\/www.sub.uni-hamburg.de\/blog\/?p=4195"},"modified":"2011-03-01T09:18:37","modified_gmt":"2011-03-01T08:18:37","slug":"gastspiel-des-theaters-in-der-speicherstadt-speicherstadt-story-23-26-2","status":"publish","type":"post","link":"https:\/\/blog.sub.uni-hamburg.de\/?p=4195","title":{"rendered":"Gastspiel des Theaters in der Speicherstadt: SPEICHERSTADT STORY (23.-26.2.)"},"content":{"rendered":"<p><a href=\"https:\/\/blog.sub.uni-hamburg.de\/wp-content\/uploads\/2011\/01\/Speicher2-Alter-Wandrahm.jpg\"><img loading=\"lazy\" decoding=\"async\" style=\"float: none;\" title=\"Speicherstadt: Alter Wandrahm\" src=\"https:\/\/blog.sub.uni-hamburg.de\/wp-content\/uploads\/2011\/01\/alter-wandrahm-kl.jpg\" alt=\"Speicherstadt: Alter Wandrahm\" width=\"500\" height=\"344\" \/><\/a><\/p>\n<p><strong>Die Geschichte der Entstehung der Hamburger Speicherstadt &#8211; eine musikalische Bilderreise.<\/strong><\/p>\n<p>Wussten Sie, dass Hamburg schon einmal eine HafenCity hatte? Wussten Sie, dass der &#8216;Sprung \u00fcber die Elbe&#8217; bereits 1883 diskutiert wurde? Und was der K\u00f6lner Dom mit Hamburg zu tun hat?<\/p>\n<blockquote><p>\u201eGibt es wohl in ganz Hamburg ein h\u00fcbscheres Bild, als ihr dort vor Augen habt? Seht die wunderlichen alten H\u00e4user mit ihren stattlichen der Stra\u00dfe zugekehrten Giebeln, sehen sie nicht \u00e4u\u00dferst wohnlich und behaglich aus?\u201c (Paul Hertz, Unser Elternhaus)<\/p><\/blockquote>\n<p>Das wirkliche Leben ist spannend, und seine Geschichte auch. Schauspieler und Musiker pr\u00e4sentieren in diesem mitrei\u00dfenden Dokumentarst\u00fcck die Originalquellen, wie es zum Bau der heutigen Speicherstadt kam. Das streitbare F\u00fcr und Wider um Hamburgs seinerzeit gr\u00f6\u00dftes Stadtentwicklungsprojekt bildet sich in B\u00fcrgerschaftsprotokollen, Schriftverkehren des Senats, Privatbriefen und zahlreichen Artikeln der zeitgen\u00f6ssischen Presse lebhaft ab. Lieder der Zeit, dazu viele neue Songs und Balladen, begleiten die Bildfolge einer ungemein sch\u00f6nen Handelsrepublik am Wasser, deren Quartiere durch Fernkaufleute, Glaubensfl\u00fcchtlinge und die Menschen am alten Hafen gepr\u00e4gt war.<\/p>\n\n\t\t<style type=\"text\/css\">\n\t\t\t#gallery-1 {\n\t\t\t\tmargin: auto;\n\t\t\t}\n\t\t\t#gallery-1 .gallery-item {\n\t\t\t\tfloat: left;\n\t\t\t\tmargin-top: 10px;\n\t\t\t\ttext-align: center;\n\t\t\t\twidth: 33%;\n\t\t\t}\n\t\t\t#gallery-1 img {\n\t\t\t\tborder: 2px solid #cfcfcf;\n\t\t\t}\n\t\t\t#gallery-1 .gallery-caption {\n\t\t\t\tmargin-left: 0;\n\t\t\t}\n\t\t\t\/* see gallery_shortcode() in wp-includes\/media.php *\/\n\t\t<\/style>\n\t\t<div data-carousel-extra='{&quot;blog_id&quot;:1,&quot;permalink&quot;:&quot;https:\/\/blog.sub.uni-hamburg.de\/?p=4195&quot;}' id='gallery-1' class='gallery galleryid-4195 gallery-columns-3 gallery-size-thumbnail'><dl class='gallery-item'>\n\t\t\t<dt class='gallery-icon landscape'>\n\t\t\t\t<a href='https:\/\/blog.sub.uni-hamburg.de\/?attachment_id=4197'><img loading=\"lazy\" decoding=\"async\" width=\"150\" height=\"106\" src=\"https:\/\/blog.sub.uni-hamburg.de\/wp-content\/uploads\/2011\/01\/Speicher4-Holl\u00e4ndischer-Brook.jpg\" class=\"attachment-thumbnail size-thumbnail\" alt=\"\" data-attachment-id=\"4197\" data-permalink=\"https:\/\/blog.sub.uni-hamburg.de\/?attachment_id=4197\" data-orig-file=\"https:\/\/blog.sub.uni-hamburg.de\/wp-content\/uploads\/2011\/01\/Speicher4-Holl\u00e4ndischer-Brook.jpg\" data-orig-size=\"2362,1667\" data-comments-opened=\"1\" data-image-meta=\"{&quot;aperture&quot;:&quot;0&quot;,&quot;credit&quot;:&quot;&quot;,&quot;camera&quot;:&quot;&quot;,&quot;caption&quot;:&quot;&quot;,&quot;created_timestamp&quot;:&quot;0&quot;,&quot;copyright&quot;:&quot;&quot;,&quot;focal_length&quot;:&quot;0&quot;,&quot;iso&quot;:&quot;0&quot;,&quot;shutter_speed&quot;:&quot;0&quot;,&quot;title&quot;:&quot;&quot;}\" data-image-title=\"Holl\u00e4ndischer Brook\" data-image-description=\"\" data-image-caption=\"\" data-large-file=\"https:\/\/blog.sub.uni-hamburg.de\/wp-content\/uploads\/2011\/01\/Speicher4-Holl\u00e4ndischer-Brook.jpg\" \/><\/a>\n\t\t\t<\/dt><\/dl><dl class='gallery-item'>\n\t\t\t<dt class='gallery-icon landscape'>\n\t\t\t\t<a href='https:\/\/blog.sub.uni-hamburg.de\/?attachment_id=4198'><img loading=\"lazy\" decoding=\"async\" width=\"150\" height=\"105\" src=\"https:\/\/blog.sub.uni-hamburg.de\/wp-content\/uploads\/2011\/01\/Speicher1-Kehrwieder-Brooksbr\u00fccke.jpg\" class=\"attachment-thumbnail size-thumbnail\" alt=\"\" data-attachment-id=\"4198\" data-permalink=\"https:\/\/blog.sub.uni-hamburg.de\/?attachment_id=4198\" data-orig-file=\"https:\/\/blog.sub.uni-hamburg.de\/wp-content\/uploads\/2011\/01\/Speicher1-Kehrwieder-Brooksbr\u00fccke.jpg\" data-orig-size=\"2362,1658\" data-comments-opened=\"1\" data-image-meta=\"{&quot;aperture&quot;:&quot;0&quot;,&quot;credit&quot;:&quot;&quot;,&quot;camera&quot;:&quot;&quot;,&quot;caption&quot;:&quot;&quot;,&quot;created_timestamp&quot;:&quot;0&quot;,&quot;copyright&quot;:&quot;&quot;,&quot;focal_length&quot;:&quot;0&quot;,&quot;iso&quot;:&quot;0&quot;,&quot;shutter_speed&quot;:&quot;0&quot;,&quot;title&quot;:&quot;&quot;}\" data-image-title=\"Kehrwieder-Brooksbr\u00fccke\" data-image-description=\"\" data-image-caption=\"\" data-large-file=\"https:\/\/blog.sub.uni-hamburg.de\/wp-content\/uploads\/2011\/01\/Speicher1-Kehrwieder-Brooksbr\u00fccke.jpg\" \/><\/a>\n\t\t\t<\/dt><\/dl><dl class='gallery-item'>\n\t\t\t<dt class='gallery-icon landscape'>\n\t\t\t\t<a href='https:\/\/blog.sub.uni-hamburg.de\/?attachment_id=4200'><img loading=\"lazy\" decoding=\"async\" width=\"150\" height=\"100\" src=\"https:\/\/blog.sub.uni-hamburg.de\/wp-content\/uploads\/2011\/01\/Speicher3-Brooksbr\u00fccke.jpg\" class=\"attachment-thumbnail size-thumbnail\" alt=\"\" data-attachment-id=\"4200\" data-permalink=\"https:\/\/blog.sub.uni-hamburg.de\/?attachment_id=4200\" data-orig-file=\"https:\/\/blog.sub.uni-hamburg.de\/wp-content\/uploads\/2011\/01\/Speicher3-Brooksbr\u00fccke.jpg\" data-orig-size=\"2953,1975\" data-comments-opened=\"1\" data-image-meta=\"{&quot;aperture&quot;:&quot;0&quot;,&quot;credit&quot;:&quot;&quot;,&quot;camera&quot;:&quot;&quot;,&quot;caption&quot;:&quot;&quot;,&quot;created_timestamp&quot;:&quot;0&quot;,&quot;copyright&quot;:&quot;&quot;,&quot;focal_length&quot;:&quot;0&quot;,&quot;iso&quot;:&quot;0&quot;,&quot;shutter_speed&quot;:&quot;0&quot;,&quot;title&quot;:&quot;OLYMPUS DIGITAL CAMERA&quot;}\" data-image-title=\"Brooksbr\u00fccke\" data-image-description=\"\" data-image-caption=\"\" data-large-file=\"https:\/\/blog.sub.uni-hamburg.de\/wp-content\/uploads\/2011\/01\/Speicher3-Brooksbr\u00fccke.jpg\" \/><\/a>\n\t\t\t<\/dt><\/dl><br style=\"clear: both\" \/>\n\t\t<\/div>\n\n<p>Die Geschichte wird nicht nacherz\u00e4hlt, sie erz\u00e4hlt sich selbst: Direkt, bunt, kontrovers, detailreich und sehr, sehr hamburgisch. Ein Theaterabend wie eine lebende, sprechende, verzaubernde Bibliothek.<\/p>\n<p>Pr\u00e4sentiert wird die SPEICHERSTADT STORY von Ensemblemitgliedern des <a href=\"http:\/\/www.speicherstadt.net\/\">THEATER IN DER SPEICHERSTADT<\/a>. Die erfolgreichste Produktion ist \u201eDer Hamburger Jedermann\u201c, der bereits zum Klassiker geworden ist.<\/p>\n<p>Konzept, Buch, Bildsequenzen: Michael Batz, Musik: Markus Voigt, Sprecher\/ Gesang: Michael Bideller, J\u00f6rg Gillner, Oliver Hermann, Patricia Riekhoff, Erik Sch\u00e4ffler, Markus Voigt, Organisation: Cornelia Bock, Technik: HG-Technik S. Hamann<br \/>\nDownload des <a href=\"https:\/\/blog.sub.uni-hamburg.de\/wp-content\/uploads\/2011\/01\/Batz_1101_Spstdt-Story_Flyer.pdf\">Veranstaltungsflyers<\/a> (im Format PDF)<\/p>\n<p>Vorverkauf: Theater in der Speicherstadt, Tel.: 3696237, Abendkasse (19,50 \u20ac, erm. 15 \u20ac)<br \/>\nOrt: LICHTHOF im Altbau, Eingang Edmund-Siemers-Allee \/ Ecke Grindelallee<br \/>\nVorstellungen: Mittwoch, 23. \u2013 Samstag, 26. Februar 2011, 19 Uhr<\/p>\n<p><strong>Die ersten beiden Veranstaltungen am Mittwoch, den 23.2., und am Donnerstag, den 24.2., sind bereits ausverkauft.<\/strong><\/p>\n","protected":false},"excerpt":{"rendered":"<p>Die Geschichte der Entstehung der Hamburger Speicherstadt &#8211; eine musikalische Bilderreise. Wussten Sie, dass Hamburg schon einmal eine HafenCity hatte? Wussten Sie, dass der &#8216;Sprung \u00fcber die Elbe&#8217; bereits 1883 diskutiert wurde? Und was der K\u00f6lner Dom mit Hamburg zu tun hat? \u201eGibt es wohl in ganz Hamburg ein h\u00fcbscheres Bild, als ihr dort vor [&hellip;]<\/p>\n","protected":false},"author":5,"featured_media":0,"comment_status":"open","ping_status":"open","sticky":false,"template":"","format":"standard","meta":{"jetpack_post_was_ever_published":false,"_jetpack_newsletter_access":"","_jetpack_dont_email_post_to_subs":false,"_jetpack_newsletter_tier_id":0,"_jetpack_memberships_contains_paywalled_content":false,"_jetpack_memberships_contains_paid_content":false,"footnotes":"","jetpack_publicize_message":"","jetpack_publicize_feature_enabled":true,"jetpack_social_post_already_shared":false,"jetpack_social_options":{"image_generator_settings":{"template":"highway","default_image_id":0,"font":"","enabled":false},"version":2}},"categories":[9],"tags":[],"class_list":["post-4195","post","type-post","status-publish","format-standard","hentry","category-ausstellungen"],"views":12603,"jetpack_publicize_connections":[],"jetpack_featured_media_url":"","jetpack_shortlink":"https:\/\/wp.me\/p7hfNR-15F","jetpack-related-posts":[{"id":26062,"url":"https:\/\/blog.sub.uni-hamburg.de\/?p=26062","url_meta":{"origin":4195,"position":0},"title":"Buchpreis HamburgLesen 2018 f\u00fcr \u00abSpeicherstadt Story \u2013 Geschichten von Menschen und Handel\u00bb","author":"Markus Trapp","date":"26-10-18","format":false,"excerpt":"Der mit 5.000 \u20ac dotierte Buchpreis der Staatsbibliothek HamburgLesen 2018 geht an \u00abSpeicherstadt Story \u2013 Geschichten von Menschen und Handel\u00bb von Michael Batz. Am Freitag, 26.10.2018, fand die feierliche Preisverleihung im Lichthof der Staats- und Universit\u00e4tsbibliothek statt. Die Kommissarische Leiterin der Staatsbibliothek, Dr. Petra Bloedorn-Meyer, \u00fcberreichte dem Autor Michael Batz\u2026","rel":"","context":"In &quot;Aktuelles&quot;","block_context":{"text":"Aktuelles","link":"https:\/\/blog.sub.uni-hamburg.de\/?cat=1"},"img":{"alt_text":"","src":"https:\/\/i0.wp.com\/blog.sub.uni-hamburg.de\/wp-content\/uploads\/2018\/10\/preistraegerHHLesen2018.jpg?resize=350%2C200&ssl=1","width":350,"height":200,"srcset":"https:\/\/i0.wp.com\/blog.sub.uni-hamburg.de\/wp-content\/uploads\/2018\/10\/preistraegerHHLesen2018.jpg?resize=350%2C200&ssl=1 1x, https:\/\/i0.wp.com\/blog.sub.uni-hamburg.de\/wp-content\/uploads\/2018\/10\/preistraegerHHLesen2018.jpg?resize=525%2C300&ssl=1 1.5x"},"classes":[]},{"id":20530,"url":"https:\/\/blog.sub.uni-hamburg.de\/?p=20530","url_meta":{"origin":4195,"position":1},"title":"Hamburg 1883 | 2016 &#8211; Der n\u00f6rdliche Grasbrook damals und heute","author":"HS","date":"22-09-16","format":false,"excerpt":"In unserer neuen sechsteiligen Serie \"Hamburg 1883 | 2016 - Der n\u00f6rdliche Grasbrook damals und heute\" m\u00f6chten wir Ihnen in den n\u00e4chsten Wochen Fotos pr\u00e4sentieren, die kurz vor dem Baubeginn der Speicherstadt auf den damaligen Wohngebieten des n\u00f6rdlichen Grasbrooks, den ehemaligen Elbinseln Kehrwieder und Wandrahm, entstanden sind. Der Fotograf Georg\u2026","rel":"","context":"In &quot;Aktuelles&quot;","block_context":{"text":"Aktuelles","link":"https:\/\/blog.sub.uni-hamburg.de\/?cat=1"},"img":{"alt_text":"2logo05-hamburg-1883-2016-1000px","src":"https:\/\/i0.wp.com\/blog.sub.uni-hamburg.de\/wp-content\/uploads\/2016\/09\/2logo05-hamburg-1883-2016-1000px.jpg?resize=350%2C200&ssl=1","width":350,"height":200,"srcset":"https:\/\/i0.wp.com\/blog.sub.uni-hamburg.de\/wp-content\/uploads\/2016\/09\/2logo05-hamburg-1883-2016-1000px.jpg?resize=350%2C200&ssl=1 1x, https:\/\/i0.wp.com\/blog.sub.uni-hamburg.de\/wp-content\/uploads\/2016\/09\/2logo05-hamburg-1883-2016-1000px.jpg?resize=525%2C300&ssl=1 1.5x"},"classes":[]},{"id":29689,"url":"https:\/\/blog.sub.uni-hamburg.de\/?p=29689","url_meta":{"origin":4195,"position":2},"title":"Shortlist HamburgLesen 2020","author":"Markus Trapp","date":"07-08-20","format":false,"excerpt":"Im Herbst ist es wieder soweit: Zum nunmehr achten Mal vergibt die Staats- und Universit\u00e4tsbibliothek ihren Buchpreis HamburgLesen an ein Buch der aktuellen \"Jahresproduktion\", das sich in herausragender Weise mit dem Thema Hamburg befasst. Im Rennen um den mit 5.000 \u20ac dotierten Buchpreis, der am Freitag, den 23. Oktober 2020\u2026","rel":"","context":"In &quot;Aktuelles&quot;","block_context":{"text":"Aktuelles","link":"https:\/\/blog.sub.uni-hamburg.de\/?cat=1"},"img":{"alt_text":"","src":"https:\/\/i0.wp.com\/blog.sub.uni-hamburg.de\/wp-content\/uploads\/2020\/07\/shortlist2020.jpg?resize=350%2C200&ssl=1","width":350,"height":200,"srcset":"https:\/\/i0.wp.com\/blog.sub.uni-hamburg.de\/wp-content\/uploads\/2020\/07\/shortlist2020.jpg?resize=350%2C200&ssl=1 1x, https:\/\/i0.wp.com\/blog.sub.uni-hamburg.de\/wp-content\/uploads\/2020\/07\/shortlist2020.jpg?resize=525%2C300&ssl=1 1.5x"},"classes":[]},{"id":21324,"url":"https:\/\/blog.sub.uni-hamburg.de\/?p=21324","url_meta":{"origin":4195,"position":3},"title":"Hamburg 1883 | 2016: Der n\u00f6rdliche Grasbrook damals und heute, Teil 6","author":"HS","date":"27-10-16","format":false,"excerpt":"Heute erscheint der sechste und letzte Teil unserer Blog-Serie \"Hamburg 1883 | 2016: Der n\u00f6rdliche Grasbrook damals und heute\". Wir hatten die Erstellung der elektronischen Ausgabe der Fotosammlung \"Hamburg 1883. Aufnahmen der niederzulegenden Stadttheile\" zum Anla\u00df genommen, diese historischen Bilder in unserem Blog n\u00e4her zu pr\u00e4sentieren. Kurz vor Beginn der\u2026","rel":"","context":"In &quot;Aktuelles&quot;","block_context":{"text":"Aktuelles","link":"https:\/\/blog.sub.uni-hamburg.de\/?cat=1"},"img":{"alt_text":"","src":"https:\/\/i0.wp.com\/blog.sub.uni-hamburg.de\/wp-content\/uploads\/2016\/10\/36-dovenfleth-0328-36-01.jpg?resize=350%2C200&ssl=1","width":350,"height":200,"srcset":"https:\/\/i0.wp.com\/blog.sub.uni-hamburg.de\/wp-content\/uploads\/2016\/10\/36-dovenfleth-0328-36-01.jpg?resize=350%2C200&ssl=1 1x, https:\/\/i0.wp.com\/blog.sub.uni-hamburg.de\/wp-content\/uploads\/2016\/10\/36-dovenfleth-0328-36-01.jpg?resize=525%2C300&ssl=1 1.5x, https:\/\/i0.wp.com\/blog.sub.uni-hamburg.de\/wp-content\/uploads\/2016\/10\/36-dovenfleth-0328-36-01.jpg?resize=700%2C400&ssl=1 2x"},"classes":[]},{"id":25247,"url":"https:\/\/blog.sub.uni-hamburg.de\/?p=25247","url_meta":{"origin":4195,"position":4},"title":"Shortlist HamburgLesen 2018","author":"Markus Trapp","date":"10-07-18","format":false,"excerpt":"Im Herbst ist es wieder soweit: Zum nunmehr sechsten Mal vergibt die Staatsbibliothek ihren Buchpreis HamburgLesen an ein Buch der aktuellen \"Jahresproduktion\", das sich in herausragender Weise mit dem Thema Hamburg befasst. Im Rennen um den mit 5.000 \u20ac dotierten Buchpreis, der am Freitag, den 26. Oktober 2018 im Lichthof\u2026","rel":"","context":"In &quot;Aktuelles&quot;","block_context":{"text":"Aktuelles","link":"https:\/\/blog.sub.uni-hamburg.de\/?cat=1"},"img":{"alt_text":"","src":"https:\/\/i0.wp.com\/blog.sub.uni-hamburg.de\/wp-content\/uploads\/2018\/07\/shortlist2018.jpg?resize=350%2C200&ssl=1","width":350,"height":200,"srcset":"https:\/\/i0.wp.com\/blog.sub.uni-hamburg.de\/wp-content\/uploads\/2018\/07\/shortlist2018.jpg?resize=350%2C200&ssl=1 1x, https:\/\/i0.wp.com\/blog.sub.uni-hamburg.de\/wp-content\/uploads\/2018\/07\/shortlist2018.jpg?resize=525%2C300&ssl=1 1.5x"},"classes":[]},{"id":25347,"url":"https:\/\/blog.sub.uni-hamburg.de\/?p=25347","url_meta":{"origin":4195,"position":5},"title":"F\u00fcnf Buchtipps","author":"Redaktion","date":"20-07-18","format":false,"excerpt":"Von Britta Warda. Von den f\u00fcnf Buchcovern f\u00fchrt ein Link zur jeweiligen Besprechung. Gestaltung statt Spaltung. J\u00f6rn Walter war von 1999 bis 2017 Oberbaudirektor in Hamburg und damit verantwortlich f\u00fcr zukunftsweisende Projekte wie etwa den Bau der Elbphilharmonie, die Planung der HafenCity und nicht zuletzt \u2013 mit dem \u201eSprung \u00fcber\u2026","rel":"","context":"In &quot;Aufgelesen&quot;","block_context":{"text":"Aufgelesen","link":"https:\/\/blog.sub.uni-hamburg.de\/?cat=18"},"img":{"alt_text":"","src":"https:\/\/i0.wp.com\/blog.sub.uni-hamburg.de\/wp-content\/uploads\/2018\/07\/Cover_Joern-Walter_Von-der-Gro%C3%9Fstadt-mini.jpg?resize=350%2C200&ssl=1","width":350,"height":200},"classes":[]}],"jetpack_sharing_enabled":true,"_links":{"self":[{"href":"https:\/\/blog.sub.uni-hamburg.de\/index.php?rest_route=\/wp\/v2\/posts\/4195","targetHints":{"allow":["GET"]}}],"collection":[{"href":"https:\/\/blog.sub.uni-hamburg.de\/index.php?rest_route=\/wp\/v2\/posts"}],"about":[{"href":"https:\/\/blog.sub.uni-hamburg.de\/index.php?rest_route=\/wp\/v2\/types\/post"}],"author":[{"embeddable":true,"href":"https:\/\/blog.sub.uni-hamburg.de\/index.php?rest_route=\/wp\/v2\/users\/5"}],"replies":[{"embeddable":true,"href":"https:\/\/blog.sub.uni-hamburg.de\/index.php?rest_route=%2Fwp%2Fv2%2Fcomments&post=4195"}],"version-history":[{"count":19,"href":"https:\/\/blog.sub.uni-hamburg.de\/index.php?rest_route=\/wp\/v2\/posts\/4195\/revisions"}],"predecessor-version":[{"id":4364,"href":"https:\/\/blog.sub.uni-hamburg.de\/index.php?rest_route=\/wp\/v2\/posts\/4195\/revisions\/4364"}],"wp:attachment":[{"href":"https:\/\/blog.sub.uni-hamburg.de\/index.php?rest_route=%2Fwp%2Fv2%2Fmedia&parent=4195"}],"wp:term":[{"taxonomy":"category","embeddable":true,"href":"https:\/\/blog.sub.uni-hamburg.de\/index.php?rest_route=%2Fwp%2Fv2%2Fcategories&post=4195"},{"taxonomy":"post_tag","embeddable":true,"href":"https:\/\/blog.sub.uni-hamburg.de\/index.php?rest_route=%2Fwp%2Fv2%2Ftags&post=4195"}],"curies":[{"name":"wp","href":"https:\/\/api.w.org\/{rel}","templated":true}]}}