{"id":41856,"date":"2026-01-27T16:26:00","date_gmt":"2026-01-27T15:26:00","guid":{"rendered":"https:\/\/blog.sub.uni-hamburg.de\/?p=41856"},"modified":"2026-02-17T08:57:49","modified_gmt":"2026-02-17T07:57:49","slug":"vortrag-das-hakenkreuz-im-heiligen-land-die-landesgruppe-der-nsdap-in-palaestina-ralf-balke-12-2","status":"publish","type":"post","link":"https:\/\/blog.sub.uni-hamburg.de\/?p=41856","title":{"rendered":"Vortrag: Das Hakenkreuz im Heiligen Land. Die Landesgruppe der NSDAP in Pal\u00e4stina &#8211; Ralf Balke (12.2.)"},"content":{"rendered":"<p><a href=\"https:\/\/blog.sub.uni-hamburg.de\/wp-content\/uploads\/2026\/01\/ralf-balke.jpg\"><img loading=\"lazy\" decoding=\"async\" data-attachment-id=\"41857\" data-permalink=\"https:\/\/blog.sub.uni-hamburg.de\/?attachment_id=41857\" data-orig-file=\"https:\/\/blog.sub.uni-hamburg.de\/wp-content\/uploads\/2026\/01\/ralf-balke.jpg\" data-orig-size=\"251,314\" data-comments-opened=\"1\" data-image-meta=\"{&quot;aperture&quot;:&quot;0&quot;,&quot;credit&quot;:&quot;&quot;,&quot;camera&quot;:&quot;&quot;,&quot;caption&quot;:&quot;&quot;,&quot;created_timestamp&quot;:&quot;0&quot;,&quot;copyright&quot;:&quot;&quot;,&quot;focal_length&quot;:&quot;0&quot;,&quot;iso&quot;:&quot;0&quot;,&quot;shutter_speed&quot;:&quot;0&quot;,&quot;title&quot;:&quot;&quot;,&quot;orientation&quot;:&quot;0&quot;}\" data-image-title=\"ralf-balke\" data-image-description=\"\" data-image-caption=\"\" data-large-file=\"https:\/\/blog.sub.uni-hamburg.de\/wp-content\/uploads\/2026\/01\/ralf-balke.jpg\" src=\"https:\/\/blog.sub.uni-hamburg.de\/wp-content\/uploads\/2026\/01\/ralf-balke.jpg\" alt=\"Ralf Balke: Das Hakenkreuz im Heiligen Land. Die Landesgruppe der NSDAP in Pal\u00e4stina\" title=\"Ralf Balke: Das Hakenkreuz im Heiligen Land. Die Landesgruppe der NSDAP in Pal\u00e4stina\" width=\"251\" height=\"314\" class=\"alignright size-full wp-image-41857\" srcset=\"https:\/\/blog.sub.uni-hamburg.de\/wp-content\/uploads\/2026\/01\/ralf-balke.jpg 251w, https:\/\/blog.sub.uni-hamburg.de\/wp-content\/uploads\/2026\/01\/ralf-balke-240x300.jpg 240w, https:\/\/blog.sub.uni-hamburg.de\/wp-content\/uploads\/2026\/01\/ralf-balke-120x150.jpg 120w\" sizes=\"auto, (max-width: 251px) 100vw, 251px\" \/><\/a><strong>Donnerstag, 12.2., 18 Uhr, Vortragsraum.<\/strong><\/p>\n<p>Rund 2.500 nichtj\u00fcdische deutsche Staatsb\u00fcrger lebten vor der Gr\u00fcndung Israel in dem Gebiet zwischen Mittelmeer und Jordan, und das bereits seit Ende der 1860 Jahre. Anfang der 1930er Jahre gr\u00fcndeten diese Pal\u00e4stina-Deutschen in Haifa, Jerusalem und anderswo im Land Ortsgruppen der NSDAP, die bald schon die Kontrolle dieser auslandsdeutschen Community \u00fcbernehmen sollte. Jeder dritte nichtj\u00fcdische Deutsche vor Ort wurde im Laufe der Jahre Mitglied der NSDAP oder einer ihrer Organisationen \u2013 ein im Vergleich zu anderen Landesgruppen der NSDAP in der Welt einzigartiger Wert, und das auch noch in einer Region, die zunehmend j\u00fcdisch gepr\u00e4gt war.<br \/>\n<!--more--><\/p>\n<p>Auch wenn aus heutiger Sicht einiges \u2013 beispielsweise von der Hitler-Jugend in Haifa angebotene Hebr\u00e4isch-Kurse \u2013 aus dem pal\u00e4stina-deutschen Alltag skurril erscheint, so sollte diese Selbstnazifizierung f\u00fcr sie alle verheerende Folgen haben.<\/p>\n<p>Ralf Balke ist promovierter Historiker, Buchautor und Journalist. Er schreibt unter anderem regelm\u00e4\u00dfig f\u00fcr die J\u00fcdische Allgemeine, die Jungle World sowie Hagalil.com.<\/p>\n<p>Eine Veranstaltung der <a href=\"https:\/\/hamburg.deutsch-israelische-gesellschaft.de\/termin\/12-02-ralf-balke-das-hakenkreuz-im-heiligen-land\/\">Deutsch-Israelischen Gesellschaft Hamburg<\/a>. Anmeldung erforderlich unter <a href=\"mailto:kontakt@dighamburg.de\">kontakt@dighamburg.de<\/a>.<\/p>\n","protected":false},"excerpt":{"rendered":"<p>Donnerstag, 12.2., 18 Uhr, Vortragsraum. Rund 2.500 nichtj\u00fcdische deutsche Staatsb\u00fcrger lebten vor der Gr\u00fcndung Israel in dem Gebiet zwischen Mittelmeer und Jordan, und das bereits seit Ende der 1860 Jahre. Anfang der 1930er Jahre gr\u00fcndeten diese Pal\u00e4stina-Deutschen in Haifa, Jerusalem und anderswo im Land Ortsgruppen der NSDAP, die bald schon die Kontrolle dieser auslandsdeutschen Community [&hellip;]<\/p>\n","protected":false},"author":19,"featured_media":0,"comment_status":"open","ping_status":"open","sticky":false,"template":"","format":"standard","meta":{"jetpack_post_was_ever_published":false,"_jetpack_newsletter_access":"","_jetpack_dont_email_post_to_subs":false,"_jetpack_newsletter_tier_id":0,"_jetpack_memberships_contains_paywalled_content":false,"_jetpack_memberships_contains_paid_content":false,"footnotes":"","jetpack_publicize_message":"","jetpack_publicize_feature_enabled":true,"jetpack_social_post_already_shared":true,"jetpack_social_options":{"image_generator_settings":{"template":"highway","default_image_id":0,"font":"","enabled":false},"version":2}},"categories":[9],"tags":[],"class_list":["post-41856","post","type-post","status-publish","format-standard","hentry","category-ausstellungen"],"views":827,"jetpack_publicize_connections":[],"jetpack_featured_media_url":"","jetpack_shortlink":"https:\/\/wp.me\/p7hfNR-aT6","jetpack-related-posts":[{"id":38759,"url":"https:\/\/blog.sub.uni-hamburg.de\/?p=38759","url_meta":{"origin":41856,"position":0},"title":"&#8220;Ein Jahr 7. Oktober &#8211; die Lage in Israel und die ungewisse Zukunft&#8221; Vortrag von Dr. Ralf Balke","author":"Markus Trapp","date":"30-09-24","format":false,"excerpt":"Dienstag, 8. Oktober 2024, 19 Uhr, Vortragsraum. F\u00fcr Israelis f\u00fchlt sich das Leben ein Jahr nach dem 7. Oktober an wie eine Zeitschleife. Die Armee k\u00e4mpft weiterhin im Gazastreifen, es gibt immer noch keine L\u00f6sung f\u00fcr den Dauerbeschuss durch die Hisbollah im Norden und es droht eine weitere Front zu\u2026","rel":"","context":"In &quot;Ausstellungen und Veranstaltungen&quot;","block_context":{"text":"Ausstellungen und Veranstaltungen","link":"https:\/\/blog.sub.uni-hamburg.de\/?cat=9"},"img":{"alt_text":"","src":"https:\/\/i0.wp.com\/blog.sub.uni-hamburg.de\/wp-content\/uploads\/2024\/09\/dig-08-10-2024.jpg?resize=350%2C200&ssl=1","width":350,"height":200,"srcset":"https:\/\/i0.wp.com\/blog.sub.uni-hamburg.de\/wp-content\/uploads\/2024\/09\/dig-08-10-2024.jpg?resize=350%2C200&ssl=1 1x, https:\/\/i0.wp.com\/blog.sub.uni-hamburg.de\/wp-content\/uploads\/2024\/09\/dig-08-10-2024.jpg?resize=525%2C300&ssl=1 1.5x"},"classes":[]},{"id":19938,"url":"https:\/\/blog.sub.uni-hamburg.de\/?p=19938","url_meta":{"origin":41856,"position":1},"title":"Neu im Stabiverlag: Der Novemberpogrom 1938 in Schleswig-Holstein","author":"Isabella Meinecke","date":"15-04-16","format":false,"excerpt":"Die \u201eReichskristallnacht\u201c in Schleswig-Holstein.\u00a0Der Novemberpogrom im historischen Kontext Herausgegeben von Rainer Hering (Ver\u00f6ffentlichungen des Landesarchivs Schleswig-Holstein, 109) In der Reichspogromnacht vom 9. No\u00advember 1938 wurden 1.400 Synagogen und Betr\u00e4ume, Tausende Wohnun\u00adgen und Gesch\u00e4fte von J\u00fcdinnen und Juden zerst\u00f6rt und gepl\u00fcndert; mehr mehr als 30.000 M\u00e4nner in Konzentrationslager verschleppt, un\u00adgef\u00e4hr hundert\u2026","rel":"","context":"In &quot;Hamburg University Press&quot;","block_context":{"text":"Hamburg University Press","link":"https:\/\/blog.sub.uni-hamburg.de\/?cat=19"},"img":{"alt_text":"Blick aus der Wohnung der Rabbinerfamilie Posner im Sophienblatt 60 auf das Haus der Kieler NSDAP\u2010Kreisleitung, Dezember 1931 (Bildersammlung der Universit\u00e4t Flensburg)","src":"https:\/\/i0.wp.com\/blog.sub.uni-hamburg.de\/wp-content\/uploads\/2016\/04\/Posner_Kiel_1931.jpg?resize=350%2C200&ssl=1","width":350,"height":200},"classes":[]},{"id":36632,"url":"https:\/\/blog.sub.uni-hamburg.de\/?p=36632","url_meta":{"origin":41856,"position":2},"title":"ABGESAGT: Parents\u2018 Circle \u2013 Eine binationale Initiative aus Israel und Pal\u00e4stina berichtet (10.10.)","author":"Markus Trapp","date":"04-10-23","format":false,"excerpt":"Yuval Rahamim, Israel, und Wajih Tmaiza, Pal\u00e4stina, Mitglieder des Parents Circle \u2013 Families Forum \u00a0 Dienstag, 10.10.2023 um 20 Uhr im Vortragsraum der Stabi Hamburg (1. Etage) Israel und Pal\u00e4stina stecken in einem tief verwurzelten und gewaltt\u00e4tigen Konflikt, der bereits Jahrzehnte andauert und Tausende von Opfern gefordert hat. In der\u2026","rel":"","context":"In &quot;Ausstellungen und Veranstaltungen&quot;","block_context":{"text":"Ausstellungen und Veranstaltungen","link":"https:\/\/blog.sub.uni-hamburg.de\/?cat=9"},"img":{"alt_text":"","src":"https:\/\/i0.wp.com\/blog.sub.uni-hamburg.de\/wp-content\/uploads\/2023\/10\/partents_circle_2023.jpg?resize=350%2C200&ssl=1","width":350,"height":200,"srcset":"https:\/\/i0.wp.com\/blog.sub.uni-hamburg.de\/wp-content\/uploads\/2023\/10\/partents_circle_2023.jpg?resize=350%2C200&ssl=1 1x, https:\/\/i0.wp.com\/blog.sub.uni-hamburg.de\/wp-content\/uploads\/2023\/10\/partents_circle_2023.jpg?resize=525%2C300&ssl=1 1.5x"},"classes":[]},{"id":26087,"url":"https:\/\/blog.sub.uni-hamburg.de\/?p=26087","url_meta":{"origin":41856,"position":3},"title":"Leben an der Grenze des Gazastreifens (15.11.)","author":"Markus Trapp","date":"29-10-18","format":false,"excerpt":"Vortrag und Diskussion mit Roni Keidar. Roni Keidar lebt direkt an der Grenze zwischen Israel und dem Gazastreifen - und will Gespr\u00e4che mit den NachbarInnen auf der anderen Seite. Ihre Message ist: Solange die Menschen auf der anderen Seite kein lebenswertes Leben f\u00fchren k\u00f6nnen, werden die Israelis keinen Frieden haben.\u2026","rel":"","context":"In &quot;Ausstellungen und Veranstaltungen&quot;","block_context":{"text":"Ausstellungen und Veranstaltungen","link":"https:\/\/blog.sub.uni-hamburg.de\/?cat=9"},"img":{"alt_text":"Roni Keidar. Urheber\/in: Pal\u00e4stina Initiative Region Hannover.","src":"https:\/\/i0.wp.com\/blog.sub.uni-hamburg.de\/wp-content\/uploads\/2018\/10\/Roni-Keidar.jpg?resize=350%2C200&ssl=1","width":350,"height":200},"classes":[]},{"id":7590,"url":"https:\/\/blog.sub.uni-hamburg.de\/?p=7590","url_meta":{"origin":41856,"position":4},"title":"Lesung Youssef Ziedan: &#8220;Azazel&#8221; (21.4.)","author":"Markus Trapp","date":"10-04-12","format":false,"excerpt":"Nach einem abenteuerlichen Leben schreibt der koptische M\u00f6nch Hypa seine Erinnerungen nieder, um Rechenschaft abzulegen: \u00fcber eigene Verfehlungen, aber auch die der fr\u00fchchristlichen Kirche und der Gl\u00e4ubigen. Als junger christlicher M\u00f6nch studiert er Medizin und begibt sich auf eine ereignisreiche Wanderschaft. Zwischen Alexandria, dem Toten Meer und Pal\u00e4stina ger\u00e4t Hypa\u2026","rel":"","context":"In &quot;Ausstellungen und Veranstaltungen&quot;","block_context":{"text":"Ausstellungen und Veranstaltungen","link":"https:\/\/blog.sub.uni-hamburg.de\/?cat=9"},"img":{"alt_text":"Youssef Ziedan","src":"https:\/\/i0.wp.com\/blog.sub.uni-hamburg.de\/wp-content\/uploads\/2012\/04\/Ziedan_Youssef.jpg?resize=350%2C200&ssl=1","width":350,"height":200,"srcset":"https:\/\/i0.wp.com\/blog.sub.uni-hamburg.de\/wp-content\/uploads\/2012\/04\/Ziedan_Youssef.jpg?resize=350%2C200&ssl=1 1x, https:\/\/i0.wp.com\/blog.sub.uni-hamburg.de\/wp-content\/uploads\/2012\/04\/Ziedan_Youssef.jpg?resize=525%2C300&ssl=1 1.5x"},"classes":[]},{"id":1095,"url":"https:\/\/blog.sub.uni-hamburg.de\/?p=1095","url_meta":{"origin":41856,"position":5},"title":"Neu: Volltextdatenbank zum Nationalsozialismus im Campus-Netz","author":"MM","date":"28-10-08","format":false,"excerpt":"Die Datenbank Nationalsozialismus, Holocaust, Widerstand und Exil 1933-1945\u00a0enth\u00e4lt etwa 40000 Quellen im Volltext. Darunter sind z.B. Akten aus der Parteikanzlei der NSDAP, die Tageb\u00fccher von Joseph Goebbels,\u00a0Stimmungs- und Lageberichte des Geheimen Staatspolizeiamts, Prozessakten des Volksgerichtshofs, Ausb\u00fcrgerungs- und Deportationslisten und vieles mehr. Weitere Datenbanken zur Geschichte finden Sie hier.","rel":"","context":"In &quot;E-Medien&quot;","block_context":{"text":"E-Medien","link":"https:\/\/blog.sub.uni-hamburg.de\/?cat=11"},"img":{"alt_text":"","src":"","width":0,"height":0},"classes":[]}],"jetpack_sharing_enabled":true,"_links":{"self":[{"href":"https:\/\/blog.sub.uni-hamburg.de\/index.php?rest_route=\/wp\/v2\/posts\/41856","targetHints":{"allow":["GET"]}}],"collection":[{"href":"https:\/\/blog.sub.uni-hamburg.de\/index.php?rest_route=\/wp\/v2\/posts"}],"about":[{"href":"https:\/\/blog.sub.uni-hamburg.de\/index.php?rest_route=\/wp\/v2\/types\/post"}],"author":[{"embeddable":true,"href":"https:\/\/blog.sub.uni-hamburg.de\/index.php?rest_route=\/wp\/v2\/users\/19"}],"replies":[{"embeddable":true,"href":"https:\/\/blog.sub.uni-hamburg.de\/index.php?rest_route=%2Fwp%2Fv2%2Fcomments&post=41856"}],"version-history":[{"count":1,"href":"https:\/\/blog.sub.uni-hamburg.de\/index.php?rest_route=\/wp\/v2\/posts\/41856\/revisions"}],"predecessor-version":[{"id":41859,"href":"https:\/\/blog.sub.uni-hamburg.de\/index.php?rest_route=\/wp\/v2\/posts\/41856\/revisions\/41859"}],"wp:attachment":[{"href":"https:\/\/blog.sub.uni-hamburg.de\/index.php?rest_route=%2Fwp%2Fv2%2Fmedia&parent=41856"}],"wp:term":[{"taxonomy":"category","embeddable":true,"href":"https:\/\/blog.sub.uni-hamburg.de\/index.php?rest_route=%2Fwp%2Fv2%2Fcategories&post=41856"},{"taxonomy":"post_tag","embeddable":true,"href":"https:\/\/blog.sub.uni-hamburg.de\/index.php?rest_route=%2Fwp%2Fv2%2Ftags&post=41856"}],"curies":[{"name":"wp","href":"https:\/\/api.w.org\/{rel}","templated":true}]}}