{"id":4169,"date":"2011-01-25T14:49:46","date_gmt":"2011-01-25T13:49:46","guid":{"rendered":"http:\/\/www.sub.uni-hamburg.de\/blog\/?p=4169"},"modified":"2011-03-28T15:20:47","modified_gmt":"2011-03-28T14:20:47","slug":"kunstlerbucher-aus-spanien-und-lateinamerika-la-vida-desatenta-9-2-27-03-2011","status":"publish","type":"post","link":"https:\/\/blog.sub.uni-hamburg.de\/?p=4169","title":{"rendered":"K\u00fcnstlerb\u00fccher aus Spanien und Lateinamerika: La vida desatenta (9.2. &#8211; 27.3.2011)"},"content":{"rendered":"<p><a href=\"https:\/\/blog.sub.uni-hamburg.de\/wp-content\/uploads\/2011\/01\/vidadesatenta.jpg\"><img loading=\"lazy\" decoding=\"async\" src=\"https:\/\/blog.sub.uni-hamburg.de\/wp-content\/uploads\/2011\/01\/vidadesatenta-kl.jpg\" alt=\"La vida desatenta\" title=\"La vida desatenta\" width=\"350\" height=\"494\" \/><\/a> 2010 wurde in Spanien der 100. Geburtstag von <a href=\"http:\/\/de.wikipedia.org\/wiki\/Miguel_Hern%C3%A1ndez\">Miguel Hern\u00e1ndez<\/a> begangen, einem der bedeutendsten spanischsprachigen Dichter des 20. Jahrhunderts. Seine Biografie steht exemplarisch f\u00fcr die tragischen Vorg\u00e4nge in und nach dem spanischen B\u00fcrgerkrieg. Hern\u00e1ndez, der auf Seiten der Republikaner gek\u00e4mpft hatte, wurde 1940 zum Tode verurteilt und starb 1942 mit nur 31 Jahren in einem franquistischen Gef\u00e4ngnis an Tuberkulose. W\u00e4hrend der Franco-Zeit in Spanien nur wenig beachtet, wurden seine Werke, besonders in der Vertonung des katalanischen Liedermachers Joan Manuel Serrat, zu einem Symbol f\u00fcr den demokratischen Wandel nach 1975.<\/p>\n<p><iframe loading=\"lazy\" title=\"YouTube video player\" class=\"youtube-player\" type=\"text\/html\" width=\"200\" height=\"180\" src=\"http:\/\/www.youtube.com\/embed\/RL_3R-QVLks\" frameborder=\"0\" allowFullScreen><\/iframe><\/p>\n<p>Vor diesem Hintergrund organisierte das Buchk\u00fcnstlernetzwerk <a href=\"http:\/\/librodeartista.ning.com\/group\/convocatoriainternacionalparalaexposicindelibrosde\">librodeartista<\/a> 2010 ein internationales Treffen im Internet zum Thema K\u00fcnstlerbuch, illustriertes Buch und Kunstedition, aus dem sich eine Buchkunstausstellung als Hommage an den Dichter entwickelte. Hierzu wurden 50 K\u00fcnstler nach Kriterien wie Wohnsitz, Alter und Kunstfertigkeit in ihrer jeweiligen Technik ausgew\u00e4hlt. Auf diese Weise entstand ein repr\u00e4sentatives Panorama der Buchkunst zu Beginn des 21. Jahrhunderts mit Werken von K\u00fcnstlern aus Spanien, Argentinien, Brasilien, Chile, Italien, Kolumbien, Mexiko und den USA. Parallel zu anderen Gedenkveranstaltungen f\u00fcr Miguel Hern\u00e1ndez wurde \u00abLa vida desatenta\u00bb in C\u00f3rdoba, Granada, Ja\u00e9n, Albacete und Altea ausgestellt.<\/p>\n<p>Die Ausstellung in der Stabi wird erg\u00e4nzt durch Informationen zu Leben, Schaffen und Rezeption des Dichters und durch zahlreiche Ausgaben seiner Werke aus unserem reichhaltigen Bestand zur spanischsprachigen Literatur sowie durch die Musik Serrats.<\/p>\n<p>Die <strong>Er\u00f6ffnung<\/strong> findet statt am <strong>8. Februar um 18 Uhr<\/strong> im Ausstellungsraum. Die Hamburger Buchk\u00fcnstlerin <a href=\"http:\/\/www.titadoregosilva.de\/\">Tita do R\u00eago Silva<\/a> wird librodeartista vertreten.<\/p>\n<p>[<strong>Update 8.2.2011: <\/strong>Anl\u00e4sslich der heutigen Ausstellungser\u00f6ffnung habe ich auch einen Artikel \u00fcber &#8220;La vida desatenta&#8221; im ciberaBlog ver\u00f6ffentlicht: <a href=\"http:\/\/blog.cibera.de\/2011\/02\/08\/buchkunst-ausstellung-zu-ehren-von-miguel-hernandez\/\">Buchkunst-Ausstellung zu Ehren von Miguel Hern\u00e1ndez<\/a>]<\/p>\n","protected":false},"excerpt":{"rendered":"<p>2010 wurde in Spanien der 100. Geburtstag von Miguel Hern\u00e1ndez begangen, einem der bedeutendsten spanischsprachigen Dichter des 20. Jahrhunderts. Seine Biografie steht exemplarisch f\u00fcr die tragischen Vorg\u00e4nge in und nach dem spanischen B\u00fcrgerkrieg. Hern\u00e1ndez, der auf Seiten der Republikaner gek\u00e4mpft hatte, wurde 1940 zum Tode verurteilt und starb 1942 mit nur 31 Jahren in einem [&hellip;]<\/p>\n","protected":false},"author":26,"featured_media":0,"comment_status":"open","ping_status":"open","sticky":false,"template":"","format":"standard","meta":{"jetpack_post_was_ever_published":false,"_jetpack_newsletter_access":"","_jetpack_dont_email_post_to_subs":false,"_jetpack_newsletter_tier_id":0,"_jetpack_memberships_contains_paywalled_content":false,"_jetpack_memberships_contains_paid_content":false,"footnotes":"","jetpack_publicize_message":"","jetpack_publicize_feature_enabled":true,"jetpack_social_post_already_shared":false,"jetpack_social_options":{"image_generator_settings":{"template":"highway","default_image_id":0,"font":"","enabled":false},"version":2}},"categories":[9],"tags":[],"class_list":["post-4169","post","type-post","status-publish","format-standard","hentry","category-ausstellungen"],"views":6521,"jetpack_publicize_connections":[],"jetpack_featured_media_url":"","jetpack_shortlink":"https:\/\/wp.me\/p7hfNR-15f","jetpack-related-posts":[{"id":22946,"url":"https:\/\/blog.sub.uni-hamburg.de\/?p=22946","url_meta":{"origin":4169,"position":0},"title":"Entf\u00e4llt: Kuba-Yukatan-Florida-Kuba 1517 (29.6.)","author":"Markus Trapp","date":"13-06-17","format":false,"excerpt":"Wie uns der Veranstalter mitgeteilt hat, muss die Veranstaltung leider aus organisatorischen Gr\u00fcnden entfallen. Sie wird nachgeholt und der Termin rechtzeitig bekannt gegeben. Christian Br\u00fcckner: Kuba-Yukatan-Florida-Kuba 1517 - eine folgenreiche Schiffsreise vor 500 Jahren. Am 8. Februar 1517 stach eine kleine Flotte unter Francisco Hern\u00e1ndez de C\u00f3rdoba, einem wohlhabenden spanischen\u2026","rel":"","context":"In &quot;Ausstellungen und Veranstaltungen&quot;","block_context":{"text":"Ausstellungen und Veranstaltungen","link":"https:\/\/blog.sub.uni-hamburg.de\/?cat=9"},"img":{"alt_text":"Francisco Hern\u00e1ndez de C\u00f3rdoba","src":"https:\/\/i0.wp.com\/blog.sub.uni-hamburg.de\/wp-content\/uploads\/2017\/06\/Mesos-FranciscoHerna%C2%81ndez_deCo%C2%81rdoba.jpg?resize=350%2C200&ssl=1","width":350,"height":200},"classes":[]},{"id":34193,"url":"https:\/\/blog.sub.uni-hamburg.de\/?p=34193","url_meta":{"origin":4169,"position":1},"title":"Spanien als Ehrengast der Frankfurter Buchmesse und als Dauergast in Hamburger Bibliotheken: Drei Institutionen pr\u00e4sentieren ihre Angebote (11.10.)","author":"Markus Trapp","date":"13-09-22","format":false,"excerpt":"Dienstag, 11. Oktober 2022, 18 Uhr, Vortragsraum. Eintritt frei. Spanien ist Ehrengast der Frankfurter Buchmesse 2022. Unter dem Motto \u201eSpr\u00fchende Kreativit\u00e4t\u201c wird die Literatur und Kultur Spaniens vom 19.-23. Oktober 2022 in Frankfurt vertreten sein. Doch auch in Hamburg k\u00f6nnen sich die interessierte \u00d6ffentlichkeit und Forschende umfassend \u00fcber Spaniens Literatur-\u2026","rel":"","context":"In &quot;Ausstellungen und Veranstaltungen&quot;","block_context":{"text":"Ausstellungen und Veranstaltungen","link":"https:\/\/blog.sub.uni-hamburg.de\/?cat=9"},"img":{"alt_text":"","src":"https:\/\/i0.wp.com\/blog.sub.uni-hamburg.de\/wp-content\/uploads\/2022\/09\/Spanien-Ehrengast-Bibliotheken-HH.jpg?resize=350%2C200&ssl=1","width":350,"height":200,"srcset":"https:\/\/i0.wp.com\/blog.sub.uni-hamburg.de\/wp-content\/uploads\/2022\/09\/Spanien-Ehrengast-Bibliotheken-HH.jpg?resize=350%2C200&ssl=1 1x, https:\/\/i0.wp.com\/blog.sub.uni-hamburg.de\/wp-content\/uploads\/2022\/09\/Spanien-Ehrengast-Bibliotheken-HH.jpg?resize=525%2C300&ssl=1 1.5x"},"classes":[]},{"id":250,"url":"https:\/\/blog.sub.uni-hamburg.de\/?p=250","url_meta":{"origin":4169,"position":2},"title":"Erfolg der Aufsatzdatenbank OLC","author":"SB","date":"25-08-06","format":false,"excerpt":"Die Online Contents Datenbank (OLC) ist die wichtigste Aufsatzdatenbank des GBV. Sie macht die Inhaltsverzeichnisse von \u00fcber 20.000 Zeitschriften durchsuchbar: insgesamt k\u00f6nnen so \u00fcber 24 Mio. Aufs\u00e4tze gefunden werden. Die Gesamtdatenbank ist in 39 fachbezogene Ausschnitte unterteilt. Die Stabi beteiligt sich mit ihren Sondersammelgebieten (SSG) Politikwissenschaft\/Friedensforschung sowie Spanien\/Portugal am Aufbau\u2026","rel":"","context":"In &quot;Aktuelles&quot;","block_context":{"text":"Aktuelles","link":"https:\/\/blog.sub.uni-hamburg.de\/?cat=1"},"img":{"alt_text":"","src":"","width":0,"height":0},"classes":[]},{"id":8466,"url":"https:\/\/blog.sub.uni-hamburg.de\/?p=8466","url_meta":{"origin":4169,"position":3},"title":"Las Cunetas \u2013 In den Stra\u00dfengr\u00e4ben Spaniens","author":"Markus Trapp","date":"09-07-12","format":false,"excerpt":"Am Mittwoch Abend, den 11. Juli um 18h, er\u00f6ffnen wir im Vortragsraum der Stabi die Ausstellung \u00ab\u00dcberlebensKunst \u2013 Konfliktbearbeitung durch textile Bilder\u00bb. Bis zum 26. August wird dann in unserem Ausstellungsraum die M\u00f6glichkeit bestehen, den Film \u00abLas Cunetas \u2013 In den Stra\u00dfengr\u00e4ben Spaniens\u00bb zu sehen. Passend zur in der Ausstellung\u2026","rel":"","context":"In &quot;Ausstellungen und Veranstaltungen&quot;","block_context":{"text":"Ausstellungen und Veranstaltungen","link":"https:\/\/blog.sub.uni-hamburg.de\/?cat=9"},"img":{"alt_text":"","src":"","width":0,"height":0},"classes":[]},{"id":892,"url":"https:\/\/blog.sub.uni-hamburg.de\/?p=892","url_meta":{"origin":4169,"position":4},"title":"ciberaBlog &#8211; Das Blog der Virtuellen Fachbibliothek cibera","author":"Markus Trapp","date":"05-03-08","format":false,"excerpt":"Wir haben eine gute Nachricht f\u00fcr alle an der Kultur und Wissenschaft der Regionen Lateinamerika, Spanien und Portugal Interessierten: Heute startet das ciberaBlog, das Blog der Virtuellen Fachbibliothek cibera. Die Stabi Hamburg arbeitet gemeinsam mit mehreren Kooperationspartnern am kontinuierlichen Ausbau der Inhalte in der Virtuellen Fachbibliothek cibera. Wir b\u00fcndeln dort\u2026","rel":"","context":"In &quot;E-Medien&quot;","block_context":{"text":"E-Medien","link":"https:\/\/blog.sub.uni-hamburg.de\/?cat=11"},"img":{"alt_text":"","src":"","width":0,"height":0},"classes":[]},{"id":13265,"url":"https:\/\/blog.sub.uni-hamburg.de\/?p=13265","url_meta":{"origin":4169,"position":5},"title":"Im Schatten der Malinche: Die spanische Eroberung Mexikos (19.12.)","author":"Markus Trapp","date":"06-12-13","format":false,"excerpt":"Dr. Claudine Hartau (Universit\u00e4t Hamburg): Im Schatten der Malinche: Die spanische Eroberung Mexikos Update \u2013 Vortrag zum Nachschauen auf Lecture2go: Die Eroberung des aztekischen Reiches 1519 durch den Spanier Hernando Cort\u00e9s gilt als eins der spektakul\u00e4rsten Ereignisse der Weltgeschichte. Wie konnte es Cort\u00e9s mit anf\u00e4nglich nur 500 spanischen Soldaten gelingen,\u2026","rel":"","context":"In &quot;Ausstellungen und Veranstaltungen&quot;","block_context":{"text":"Ausstellungen und Veranstaltungen","link":"https:\/\/blog.sub.uni-hamburg.de\/?cat=9"},"img":{"alt_text":"","src":"https:\/\/i0.wp.com\/blog.sub.uni-hamburg.de\/wp-content\/uploads\/2013\/11\/Mesoam-Eroberung_Azteken.jpg?resize=350%2C200&ssl=1","width":350,"height":200,"srcset":"https:\/\/i0.wp.com\/blog.sub.uni-hamburg.de\/wp-content\/uploads\/2013\/11\/Mesoam-Eroberung_Azteken.jpg?resize=350%2C200&ssl=1 1x, https:\/\/i0.wp.com\/blog.sub.uni-hamburg.de\/wp-content\/uploads\/2013\/11\/Mesoam-Eroberung_Azteken.jpg?resize=525%2C300&ssl=1 1.5x"},"classes":[]}],"jetpack_sharing_enabled":true,"_links":{"self":[{"href":"https:\/\/blog.sub.uni-hamburg.de\/index.php?rest_route=\/wp\/v2\/posts\/4169","targetHints":{"allow":["GET"]}}],"collection":[{"href":"https:\/\/blog.sub.uni-hamburg.de\/index.php?rest_route=\/wp\/v2\/posts"}],"about":[{"href":"https:\/\/blog.sub.uni-hamburg.de\/index.php?rest_route=\/wp\/v2\/types\/post"}],"author":[{"embeddable":true,"href":"https:\/\/blog.sub.uni-hamburg.de\/index.php?rest_route=\/wp\/v2\/users\/26"}],"replies":[{"embeddable":true,"href":"https:\/\/blog.sub.uni-hamburg.de\/index.php?rest_route=%2Fwp%2Fv2%2Fcomments&post=4169"}],"version-history":[{"count":20,"href":"https:\/\/blog.sub.uni-hamburg.de\/index.php?rest_route=\/wp\/v2\/posts\/4169\/revisions"}],"predecessor-version":[{"id":4525,"href":"https:\/\/blog.sub.uni-hamburg.de\/index.php?rest_route=\/wp\/v2\/posts\/4169\/revisions\/4525"}],"wp:attachment":[{"href":"https:\/\/blog.sub.uni-hamburg.de\/index.php?rest_route=%2Fwp%2Fv2%2Fmedia&parent=4169"}],"wp:term":[{"taxonomy":"category","embeddable":true,"href":"https:\/\/blog.sub.uni-hamburg.de\/index.php?rest_route=%2Fwp%2Fv2%2Fcategories&post=4169"},{"taxonomy":"post_tag","embeddable":true,"href":"https:\/\/blog.sub.uni-hamburg.de\/index.php?rest_route=%2Fwp%2Fv2%2Ftags&post=4169"}],"curies":[{"name":"wp","href":"https:\/\/api.w.org\/{rel}","templated":true}]}}