{"id":41679,"date":"2025-12-15T10:55:32","date_gmt":"2025-12-15T09:55:32","guid":{"rendered":"https:\/\/blog.sub.uni-hamburg.de\/?p=41679"},"modified":"2026-02-23T09:21:03","modified_gmt":"2026-02-23T08:21:03","slug":"ausstellung-das-andere-russland-memorial-35-jahre-kampf-um-historische-wahrheit-und-demokratie-14-1-22-2","status":"publish","type":"post","link":"https:\/\/blog.sub.uni-hamburg.de\/?p=41679","title":{"rendered":"Ausstellung: Das andere Russland &#8211; MEMORIAL: 35 Jahre Kampf um historische Wahrheit und Demokratie (14.1.-22.2.)"},"content":{"rendered":"<p><strong>14. Januar bis 22. Februar 2026, Ausstellungsraum.<\/strong><\/p>\n<p><a href=\"https:\/\/blog.sub.uni-hamburg.de\/wp-content\/uploads\/2025\/12\/Memorial-Plakat-gr.jpg\"><img loading=\"lazy\" decoding=\"async\" data-attachment-id=\"41685\" data-permalink=\"https:\/\/blog.sub.uni-hamburg.de\/?attachment_id=41685\" data-orig-file=\"https:\/\/blog.sub.uni-hamburg.de\/wp-content\/uploads\/2025\/12\/Memorial-Plakat.jpg\" data-orig-size=\"350,438\" data-comments-opened=\"1\" data-image-meta=\"{&quot;aperture&quot;:&quot;0&quot;,&quot;credit&quot;:&quot;&quot;,&quot;camera&quot;:&quot;&quot;,&quot;caption&quot;:&quot;&quot;,&quot;created_timestamp&quot;:&quot;0&quot;,&quot;copyright&quot;:&quot;&quot;,&quot;focal_length&quot;:&quot;0&quot;,&quot;iso&quot;:&quot;0&quot;,&quot;shutter_speed&quot;:&quot;0&quot;,&quot;title&quot;:&quot;&quot;,&quot;orientation&quot;:&quot;0&quot;}\" data-image-title=\"Memorial-Plakat\" data-image-description=\"\" data-image-caption=\"\" data-large-file=\"https:\/\/blog.sub.uni-hamburg.de\/wp-content\/uploads\/2025\/12\/Memorial-Plakat.jpg\" class=\"alignright size-full wp-image-41685\" title=\"Ausstellungsplakat: Das andere Russland - MEMORIAL: 35 Jahre Kampf um historische Wahrheit und Demokratie\" src=\"https:\/\/blog.sub.uni-hamburg.de\/wp-content\/uploads\/2025\/12\/Memorial-Plakat.jpg\" alt=\"Ausstellungsplakat: Das andere Russland - MEMORIAL: 35 Jahre Kampf um historische Wahrheit und Demokratie\" width=\"350\" height=\"438\" srcset=\"https:\/\/blog.sub.uni-hamburg.de\/wp-content\/uploads\/2025\/12\/Memorial-Plakat.jpg 350w, https:\/\/blog.sub.uni-hamburg.de\/wp-content\/uploads\/2025\/12\/Memorial-Plakat-240x300.jpg 240w, https:\/\/blog.sub.uni-hamburg.de\/wp-content\/uploads\/2025\/12\/Memorial-Plakat-120x150.jpg 120w\" sizes=\"auto, (max-width: 350px) 100vw, 350px\" \/><\/a> Ab Mitte der 1980er Jahre forderten in der Sowjetunion mehr und mehr Menschen die Aufarbeitung der Verbrechen des kommunistischen Regimes und die Anerkennung seiner Opfer. Die Aufkl\u00e4rung und Erinnerung der jahrzehntelangen Geschichte staatlicher Repression und des Terrors, der Massenerschie\u00dfungen und des Gulag-Systems galt als Voraussetzung f\u00fcr die angestrebte demokratische Verfassung von Staat und Gesellschaft.<\/p>\n<p>Nach der Gr\u00fcndung der Internationalen Gesellschaft f\u00fcr historische Aufkl\u00e4rung, Menschenrechte und soziale F\u00fcrsorge MEMORIAL 1989 begannen die \u00fcber die Sowjetunion verteilten Memorial-Organisationen, Zeugnisse und Erinnerungen \u00dcberlebender zu sammeln und die Geschichte der staatlichen Gewalt zu dokumentieren. Es entstand die weltweit gr\u00f6\u00dfte Sammlung zur Dokumentation der staatlichen Verbrechen in der Sowjetunion.<br \/>\n<!--more--><\/p>\n<p>MEMORIAL trat und tritt auch f\u00fcr den Schutz und die Rechte staatlich diskriminierter und bedrohter Gruppen ein und hat seit dem ersten Tschetschenienkrieg (1994 bis 1996) Informationen zu russischen Kriegsverbrechen gesammelt. Seit 2009 dokumentiert MEMORIAL politische Gefangene in Russland. Nach der gewaltsamen Annexion der Krim 2014 verst\u00e4rkte das Putin-Regime seine Attacken auf die demokratische Zivilgesellschaft und klassifizierte 2016 die Dachorganisation von MEMORIAL \u2013 Memorial International \u2013 als \u201eausl\u00e4ndischen Agenten\u201c. Die beh\u00f6rdliche Aufl\u00f6sung folgte im Dezember 2021.<\/p>\n<p><a href=\"https:\/\/blog.sub.uni-hamburg.de\/wp-content\/uploads\/2025\/12\/memorial-kleid-gr.jpg\"><img loading=\"lazy\" decoding=\"async\" data-attachment-id=\"41683\" data-permalink=\"https:\/\/blog.sub.uni-hamburg.de\/?attachment_id=41683\" data-orig-file=\"https:\/\/blog.sub.uni-hamburg.de\/wp-content\/uploads\/2025\/12\/memorial-kleid.jpg\" data-orig-size=\"300,292\" data-comments-opened=\"1\" data-image-meta=\"{&quot;aperture&quot;:&quot;0&quot;,&quot;credit&quot;:&quot;&quot;,&quot;camera&quot;:&quot;&quot;,&quot;caption&quot;:&quot;&quot;,&quot;created_timestamp&quot;:&quot;0&quot;,&quot;copyright&quot;:&quot;&quot;,&quot;focal_length&quot;:&quot;0&quot;,&quot;iso&quot;:&quot;0&quot;,&quot;shutter_speed&quot;:&quot;0&quot;,&quot;title&quot;:&quot;&quot;,&quot;orientation&quot;:&quot;0&quot;}\" data-image-title=\"memorial-kleid\" data-image-description=\"\" data-image-caption=\"\" data-large-file=\"https:\/\/blog.sub.uni-hamburg.de\/wp-content\/uploads\/2025\/12\/memorial-kleid.jpg\" class=\"alignleft size-full wp-image-41683\" title=\"Memorial: Dokument und Kleid\" src=\"https:\/\/blog.sub.uni-hamburg.de\/wp-content\/uploads\/2025\/12\/memorial-kleid.jpg\" alt=\"Memorial: Dokument und Kleid\" width=\"300\" height=\"292\" srcset=\"https:\/\/blog.sub.uni-hamburg.de\/wp-content\/uploads\/2025\/12\/memorial-kleid.jpg 300w, https:\/\/blog.sub.uni-hamburg.de\/wp-content\/uploads\/2025\/12\/memorial-kleid-150x146.jpg 150w\" sizes=\"auto, (max-width: 300px) 100vw, 300px\" \/><\/a>Trotz Repression und Verhaftungen setzt MEMORIAL die Arbeit f\u00fcr ein demokratisches Russland fort und tritt der staatlichen Desinformation und Propaganda entgegen. Im Dezember 2022 wurde MEMORIAL mit dem Friedensnobelpreis ausgezeichnet, gemeinsam mit dem ukrainischen Zentrum f\u00fcr b\u00fcrgerliche Freiheiten und dem belarussischen Menschenrechtsaktivisten Ales Bjaljazki.<\/p>\n<p>Die Ausstellung \u201eDas andere Russland\u201c pr\u00e4sentiert schlaglichtartig die Geschichte von MEMORIAL in zehn Kapiteln und gibt einen Einblick in die bedrohten und versteckten Sammlungen der Organisation.<\/p>\n<p>Im Ausstellungsraum im Erdgeschoss.<br \/>\n\u00d6ffnungszeiten: Mo. bis Fr., 9 bis 24 Uhr, Sa. bis So., 10 bis 24 Uhr.<br \/>\nDer Eintritt ist frei.<\/p>\n<h4 id=\"e\">Ausstellungser\u00f6ffnung<\/h4>\n<p>Er\u00f6ffnung am <strong>Dienstag, 13. Januar 2026, 18 Uhr<\/strong>, Vortragsraum<\/p>\n<ul>\n<li><strong>Prof. Robert Zepf<\/strong> (Direktor SUB): Gru\u00dfwort<\/li>\n<li><strong>Dr. Sabine Bamberger-Stemmann<\/strong> (Direktorin LpB): Gru\u00dfwort<\/li>\n<li><strong>Elena Zhemkova<\/strong> (Gesch\u00e4ftsf\u00fchrerin Zukunft Memorial e. V.) und <strong>Lutz Dittrich <\/strong>(Unterst\u00fctzer von Memorial): Einf\u00fchrung in die Ausstellung<\/li>\n<\/ul>\n<p>Im Anschluss: Besichtigung der Ausstellung<br \/>\nUm eine Anmeldung unter <a href=\"mailto:pr@sub.uni-hamburg.de\">pr@sub.uni-hamburg.de<\/a> wird gebeten.<\/p>\n<h4 id=\"b\">Begleitprogramm<\/h4>\n<ul>\n<li>28. Januar 2026, 19 Uhr, Lichthof: <a href=\"https:\/\/blog.sub.uni-hamburg.de\/?p=41752\">MEMORIAL. Erinnern ist Widerstand. Podiumsgespr\u00e4ch mit Irina Scherbakowa (MEMORIAL) und Alice Bota (DIE ZEIT)<\/a><\/li>\n<li>3. Februar 2026, 18 Uhr, Vortragsraum: <a href=\"https:\/\/blog.sub.uni-hamburg.de\/?p=41802\">MEMORIAL. Liquidation. Filmvorf\u00fchrung<\/a><\/li>\n<\/ul>\n<p>Um Anmeldung unter <a href=\"mailto:pr@sub.uni-hamburg.de\">pr@sub.uni-hamburg.de<\/a> wird gebeten.<\/p>\n<p>In Kooperation mit der Landeszentrale f\u00fcr politische Bildung.<\/p>\n","protected":false},"excerpt":{"rendered":"<p>14. Januar bis 22. Februar 2026, Ausstellungsraum. Ab Mitte der 1980er Jahre forderten in der Sowjetunion mehr und mehr Menschen die Aufarbeitung der Verbrechen des kommunistischen Regimes und die Anerkennung seiner Opfer. Die Aufkl\u00e4rung und Erinnerung der jahrzehntelangen Geschichte staatlicher Repression und des Terrors, der Massenerschie\u00dfungen und des Gulag-Systems galt als Voraussetzung f\u00fcr die angestrebte [&hellip;]<\/p>\n","protected":false},"author":19,"featured_media":0,"comment_status":"open","ping_status":"open","sticky":false,"template":"","format":"standard","meta":{"jetpack_post_was_ever_published":false,"_jetpack_newsletter_access":"","_jetpack_dont_email_post_to_subs":false,"_jetpack_newsletter_tier_id":0,"_jetpack_memberships_contains_paywalled_content":false,"_jetpack_memberships_contains_paid_content":false,"footnotes":"","jetpack_publicize_message":"","jetpack_publicize_feature_enabled":true,"jetpack_social_post_already_shared":true,"jetpack_social_options":{"image_generator_settings":{"template":"highway","default_image_id":0,"font":"","enabled":false},"version":2}},"categories":[9],"tags":[],"class_list":["post-41679","post","type-post","status-publish","format-standard","hentry","category-ausstellungen"],"views":2691,"jetpack_publicize_connections":[],"jetpack_featured_media_url":"","jetpack_shortlink":"https:\/\/wp.me\/p7hfNR-aQf","jetpack-related-posts":[{"id":10091,"url":"https:\/\/blog.sub.uni-hamburg.de\/?p=10091","url_meta":{"origin":41679,"position":0},"title":"Neuerscheinungen aus der Germanistik (13.12.)","author":"Markus Trapp","date":"04-12-12","format":false,"excerpt":"Wissenschaftsgeschichte: dreimal anders. Neuerscheinungen aus der Germanistik 1) Wege der Aufkl\u00e4rung: Nur vereinzelt wurden bislang in der Forschungsgeschichte der Philologien Fachvertreter zu ihren Aktivit\u00e4ten und Erfahrungen so befragt, dass ihre Aussagen in einem Netz von wiederkehrenden Annahmen und Perspektiven vergleichend ausgewertet werden konnten. Experteninterviews diese Art bestimmen den eben erschienenen\u2026","rel":"","context":"In &quot;Ausstellungen und Veranstaltungen&quot;","block_context":{"text":"Ausstellungen und Veranstaltungen","link":"https:\/\/blog.sub.uni-hamburg.de\/?cat=9"},"img":{"alt_text":"Wissenschaftsgeschichte: dreimal anders. Neuerscheinungen aus der Germanistik","src":"https:\/\/i0.wp.com\/blog.sub.uni-hamburg.de\/wp-content\/uploads\/2012\/12\/germanistik-3buecher.jpg?resize=350%2C200&ssl=1","width":350,"height":200,"srcset":"https:\/\/i0.wp.com\/blog.sub.uni-hamburg.de\/wp-content\/uploads\/2012\/12\/germanistik-3buecher.jpg?resize=350%2C200&ssl=1 1x, https:\/\/i0.wp.com\/blog.sub.uni-hamburg.de\/wp-content\/uploads\/2012\/12\/germanistik-3buecher.jpg?resize=525%2C300&ssl=1 1.5x"},"classes":[]},{"id":13807,"url":"https:\/\/blog.sub.uni-hamburg.de\/?p=13807","url_meta":{"origin":41679,"position":1},"title":"Franklin Kopitzsch: Teetisch und Salon: Aufgekl\u00e4rte Geselligkeit in Hamburg (26.2.)","author":"MG","date":"14-02-14","format":false,"excerpt":"Mittwoch, 26. Februar 2013, 18 Uhr Vortrag von Prof. Dr. Franklin Kopitzsch: Teetisch und Salon: Aufgekl\u00e4rte Geselligkeit in Hamburg Der Vortrag f\u00fchrt in wissenschaftliche und literarische Zirkel, in Logen und Lesegesellschaften, an Teetische, in Salons und Abendgesellschaften. Es begegnen uns die Dichter Barthold Heinrich Brockes, Friedrich von Hagedorn und Friedrich\u2026","rel":"","context":"In &quot;Ausstellungen und Veranstaltungen&quot;","block_context":{"text":"Ausstellungen und Veranstaltungen","link":"https:\/\/blog.sub.uni-hamburg.de\/?cat=9"},"img":{"alt_text":"vhg-blau","src":"https:\/\/i0.wp.com\/blog.sub.uni-hamburg.de\/wp-content\/uploads\/2012\/12\/vhg-blau.jpg?resize=350%2C200&ssl=1","width":350,"height":200},"classes":[]},{"id":21113,"url":"https:\/\/blog.sub.uni-hamburg.de\/?p=21113","url_meta":{"origin":41679,"position":2},"title":"Jahresveranstaltung der Stiftung Auschwitz-Komitee (13.10.)","author":"Markus Trapp","date":"29-09-16","format":false,"excerpt":"In Erinnerung an Hans Frankenthal. Die Stiftung Auschwitz-Komitee hat es sich zur Aufgabe gemacht, die Stimmen, die Mahnung und das Verm\u00e4chtnis derjenigen, welche die nationalsozialistischen Verbrechen noch selbst erlebt und \u00fcberlebt haben, an die nachfolgenden Generationen weiter zu geben und in Erinnerung zu halten. Dazu hat die Stiftung bereits mehrfach\u2026","rel":"","context":"In &quot;Ausstellungen und Veranstaltungen&quot;","block_context":{"text":"Ausstellungen und Veranstaltungen","link":"https:\/\/blog.sub.uni-hamburg.de\/?cat=9"},"img":{"alt_text":"","src":"https:\/\/i0.wp.com\/blog.sub.uni-hamburg.de\/wp-content\/uploads\/2016\/09\/mahnwachenflyerdttrkvorn468.jpg?resize=350%2C200&ssl=1","width":350,"height":200},"classes":[]},{"id":32986,"url":"https:\/\/blog.sub.uni-hamburg.de\/?p=32986","url_meta":{"origin":41679,"position":3},"title":"Vorank\u00fcndigung: Verfolgen und Aufkl\u00e4ren. Die erste Generation der Holocaustforschung","author":"Konstantin Ulmer","date":"04-04-22","format":false,"excerpt":"Aktuelle Informationen zur Ausstellung und zum Begleitprogramm finden Sie hier: Verfolgen und Aufkl\u00e4ren. Die erste Generation der Holocaustforschung Ausstellung vom 23. August \u2013 10. Oktober 2022 Lichthof der Staats- und Universit\u00e4tsbibliothek Hamburg Im Institut f\u00fcr Kriegsdokumentation in Amsterdam ordnet Louis de Jong Dokumente \u00fcber die deutsche Besatzung der Niederlande, 1950.\u2026","rel":"","context":"In &quot;Ausstellungen und Veranstaltungen&quot;","block_context":{"text":"Ausstellungen und Veranstaltungen","link":"https:\/\/blog.sub.uni-hamburg.de\/?cat=9"},"img":{"alt_text":"Louis de Jong","src":"https:\/\/i0.wp.com\/blog.sub.uni-hamburg.de\/wp-content\/uploads\/2022\/03\/Nationaal-Archief_Collection-Spaarnestad-Photo.jpg?resize=350%2C200&ssl=1","width":350,"height":200,"srcset":"https:\/\/i0.wp.com\/blog.sub.uni-hamburg.de\/wp-content\/uploads\/2022\/03\/Nationaal-Archief_Collection-Spaarnestad-Photo.jpg?resize=350%2C200&ssl=1 1x, https:\/\/i0.wp.com\/blog.sub.uni-hamburg.de\/wp-content\/uploads\/2022\/03\/Nationaal-Archief_Collection-Spaarnestad-Photo.jpg?resize=525%2C300&ssl=1 1.5x"},"classes":[]},{"id":19854,"url":"https:\/\/blog.sub.uni-hamburg.de\/?p=19854","url_meta":{"origin":41679,"position":4},"title":"Historische Landkonflikte in Guatemala im Spiegel der aktuellen Menschenrechtslage (13.4.)","author":"Markus Trapp","date":"01-04-16","format":false,"excerpt":"Vortrag von Felix Weiss im Rahmen der Romero-Tage 2016. Der Landkonflikt und die damit verbundene Vertreibung von indigener und l\u00e4ndlicher Bev\u00f6lkerung ziehen sich wie ein roter Faden durch die Geschichte Guatemalas. Heute geh\u00f6ren fast 70% des fruchtbaren Landes rund 3% der Grundeigent\u00fcmer. Anhand des Falles der Finca Primavera in Alta\u2026","rel":"","context":"In &quot;Ausstellungen und Veranstaltungen&quot;","block_context":{"text":"Ausstellungen und Veranstaltungen","link":"https:\/\/blog.sub.uni-hamburg.de\/?cat=9"},"img":{"alt_text":"","src":"https:\/\/i0.wp.com\/blog.sub.uni-hamburg.de\/wp-content\/uploads\/2016\/04\/romerotage.jpg?resize=350%2C200&ssl=1","width":350,"height":200},"classes":[]},{"id":36798,"url":"https:\/\/blog.sub.uni-hamburg.de\/?p=36798","url_meta":{"origin":41679,"position":5},"title":"Podiumsdiskussion: Aufkl\u00e4rung im Hamburger NSU-Komplex? (2.11.)","author":"Markus Trapp","date":"20-10-23","format":false,"excerpt":"Donnerstag, 2.11., 19 Uhr, Vortragsraum. Im Jahr 2000 begann das NSU-Netzwerk seine Mord- und Anschlagsserie, in deren Verlauf er neun migrantische Menschen und eine Polizistin ermordete und 24 Menschen teils lebensgef\u00e4hrlich verletzte. In Hamburg-Altona wurde am 27. Juni 2001 S\u00fcleyman Ta\u015fk\u00f6pr\u00fc in seinem Laden erschossen. Als einziges Tatortland hat Hamburg\u2026","rel":"","context":"In &quot;Ausstellungen und Veranstaltungen&quot;","block_context":{"text":"Ausstellungen und Veranstaltungen","link":"https:\/\/blog.sub.uni-hamburg.de\/?cat=9"},"img":{"alt_text":"","src":"https:\/\/i0.wp.com\/blog.sub.uni-hamburg.de\/wp-content\/uploads\/2023\/10\/HBgR-VA-2-11-Story.jpg?resize=350%2C200&ssl=1","width":350,"height":200},"classes":[]}],"jetpack_sharing_enabled":true,"_links":{"self":[{"href":"https:\/\/blog.sub.uni-hamburg.de\/index.php?rest_route=\/wp\/v2\/posts\/41679","targetHints":{"allow":["GET"]}}],"collection":[{"href":"https:\/\/blog.sub.uni-hamburg.de\/index.php?rest_route=\/wp\/v2\/posts"}],"about":[{"href":"https:\/\/blog.sub.uni-hamburg.de\/index.php?rest_route=\/wp\/v2\/types\/post"}],"author":[{"embeddable":true,"href":"https:\/\/blog.sub.uni-hamburg.de\/index.php?rest_route=\/wp\/v2\/users\/19"}],"replies":[{"embeddable":true,"href":"https:\/\/blog.sub.uni-hamburg.de\/index.php?rest_route=%2Fwp%2Fv2%2Fcomments&post=41679"}],"version-history":[{"count":11,"href":"https:\/\/blog.sub.uni-hamburg.de\/index.php?rest_route=\/wp\/v2\/posts\/41679\/revisions"}],"predecessor-version":[{"id":41806,"href":"https:\/\/blog.sub.uni-hamburg.de\/index.php?rest_route=\/wp\/v2\/posts\/41679\/revisions\/41806"}],"wp:attachment":[{"href":"https:\/\/blog.sub.uni-hamburg.de\/index.php?rest_route=%2Fwp%2Fv2%2Fmedia&parent=41679"}],"wp:term":[{"taxonomy":"category","embeddable":true,"href":"https:\/\/blog.sub.uni-hamburg.de\/index.php?rest_route=%2Fwp%2Fv2%2Fcategories&post=41679"},{"taxonomy":"post_tag","embeddable":true,"href":"https:\/\/blog.sub.uni-hamburg.de\/index.php?rest_route=%2Fwp%2Fv2%2Ftags&post=41679"}],"curies":[{"name":"wp","href":"https:\/\/api.w.org\/{rel}","templated":true}]}}