{"id":41544,"date":"2025-12-01T10:51:54","date_gmt":"2025-12-01T09:51:54","guid":{"rendered":"https:\/\/blog.sub.uni-hamburg.de\/?p=41544"},"modified":"2025-12-15T10:17:31","modified_gmt":"2025-12-15T09:17:31","slug":"konferenz-inscribing-domestic-spaces-11-12-12","status":"publish","type":"post","link":"https:\/\/blog.sub.uni-hamburg.de\/?p=41544","title":{"rendered":"Konferenz: Inscribing Domestic Space(s) (11.-12.12.)"},"content":{"rendered":"<p><strong>Donnerstag, 11.12., 9.30 Uhr bis Freitag, 12.12., 16.30 Uhr, Ossietzky-Forum.<\/strong><\/p>\n<p><a href=\"https:\/\/blog.sub.uni-hamburg.de\/wp-content\/uploads\/2025\/12\/domesticplaces-gr.jpg\"><img loading=\"lazy\" decoding=\"async\" data-attachment-id=\"41547\" data-permalink=\"https:\/\/blog.sub.uni-hamburg.de\/?attachment_id=41547\" data-orig-file=\"https:\/\/blog.sub.uni-hamburg.de\/wp-content\/uploads\/2025\/12\/domesticplaces.jpg\" data-orig-size=\"650,369\" data-comments-opened=\"1\" data-image-meta=\"{&quot;aperture&quot;:&quot;0&quot;,&quot;credit&quot;:&quot;&quot;,&quot;camera&quot;:&quot;&quot;,&quot;caption&quot;:&quot;&quot;,&quot;created_timestamp&quot;:&quot;0&quot;,&quot;copyright&quot;:&quot;&quot;,&quot;focal_length&quot;:&quot;0&quot;,&quot;iso&quot;:&quot;0&quot;,&quot;shutter_speed&quot;:&quot;0&quot;,&quot;title&quot;:&quot;&quot;,&quot;orientation&quot;:&quot;0&quot;}\" data-image-title=\"workshop Inscribing Domestic Space(s)\" data-image-description=\"&lt;p&gt;workshop&lt;br \/&gt;\nInscribing Domestic Space(s)&lt;\/p&gt;\n\" data-image-caption=\"\" data-large-file=\"https:\/\/blog.sub.uni-hamburg.de\/wp-content\/uploads\/2025\/12\/domesticplaces.jpg\" src=\"https:\/\/blog.sub.uni-hamburg.de\/wp-content\/uploads\/2025\/12\/domesticplaces.jpg\" alt=\"workshop Inscribing Domestic Space(s)\" title=\"workshop Inscribing Domestic Space(s)\" width=\"650\" height=\"369\" class=\"aligncenter size-full wp-image-41547\" srcset=\"https:\/\/blog.sub.uni-hamburg.de\/wp-content\/uploads\/2025\/12\/domesticplaces.jpg 650w, https:\/\/blog.sub.uni-hamburg.de\/wp-content\/uploads\/2025\/12\/domesticplaces-300x170.jpg 300w, https:\/\/blog.sub.uni-hamburg.de\/wp-content\/uploads\/2025\/12\/domesticplaces-150x85.jpg 150w\" sizes=\"auto, (max-width: 650px) 100vw, 650px\" \/><\/a><\/p>\n<p>Das Zuhause war schon immer ein Ort der Schrift: Schutzspr\u00fcche an T\u00fcren, Einkaufslisten, Namen oder Inschriften in Mosaiken erz\u00e4hlen viel \u00fcber die Bewohner eines Ortes und ihren Alltag. Diese internationale Konferenz betrachtet, wie welche Rolle Schriftartefakte in Wohnr\u00e4umen weltweit gespielt haben und immer noch spielen \u2013 ob als Botschaft an G\u00e4ste, als magischer Schutz oder Erinnerung. So er\u00f6ffnen sich faszinierende Einblicke in soziale Beziehungen, Rituale und private wie halb\u00f6ffentliche Lebensbereiche.<br \/>\n<!--more--><\/p>\n<p>Eine Veranstaltung des <em>Centre for the Study of Manuscript Cultures<\/em> der Universit\u00e4t Hamburg. Bitte beachten Sie, dass die Konferenz in englischer Sprache stattfindet.<br \/>\nEine Anmeldung ist n\u00f6tig unter: <a href=\"https:\/\/www.csmc.uni-hamburg.de\/register\/workshop76\">https:\/\/www.csmc.uni-hamburg.de\/register\/workshop76<\/a> <\/p>\n","protected":false},"excerpt":{"rendered":"<p>Donnerstag, 11.12., 9.30 Uhr bis Freitag, 12.12., 16.30 Uhr, Ossietzky-Forum. Das Zuhause war schon immer ein Ort der Schrift: Schutzspr\u00fcche an T\u00fcren, Einkaufslisten, Namen oder Inschriften in Mosaiken erz\u00e4hlen viel \u00fcber die Bewohner eines Ortes und ihren Alltag. Diese internationale Konferenz betrachtet, wie welche Rolle Schriftartefakte in Wohnr\u00e4umen weltweit gespielt haben und immer noch spielen [&hellip;]<\/p>\n","protected":false},"author":19,"featured_media":0,"comment_status":"open","ping_status":"open","sticky":false,"template":"","format":"standard","meta":{"jetpack_post_was_ever_published":false,"_jetpack_newsletter_access":"","_jetpack_dont_email_post_to_subs":false,"_jetpack_newsletter_tier_id":0,"_jetpack_memberships_contains_paywalled_content":false,"_jetpack_memberships_contains_paid_content":false,"footnotes":"","jetpack_publicize_message":"","jetpack_publicize_feature_enabled":true,"jetpack_social_post_already_shared":true,"jetpack_social_options":{"image_generator_settings":{"template":"highway","default_image_id":0,"font":"","enabled":false},"version":2}},"categories":[9],"tags":[],"class_list":["post-41544","post","type-post","status-publish","format-standard","hentry","category-ausstellungen"],"views":515,"jetpack_publicize_connections":[],"jetpack_featured_media_url":"","jetpack_shortlink":"https:\/\/wp.me\/p7hfNR-aO4","jetpack-related-posts":[{"id":34838,"url":"https:\/\/blog.sub.uni-hamburg.de\/?p=34838","url_meta":{"origin":41544,"position":0},"title":"Lesung: Literatur aus der Ukraine (12.12.)","author":"Markus Trapp","date":"30-11-22","format":false,"excerpt":"Montag, 12.12., 19 Uhr, Vortragsraum. Andrij Ljubka, Roman Malynowsky und Sofia Andruchowytsch in Lesung und Gespr\u00e4ch Moderation: Evgenia Lopata (Kulturtr\u00e4gerin, Czernowitz \/ Ukraine) Die 1982 in Iwano-Frankiwsk geborene Schriftstellerin Sofia Andruchowytsch wurde mit ihrem 2016 im Residenz Verlag ver\u00f6ffentlichten Roman \u201eDer Papierjunge\u201c bekannt. Ihre Roman-Trilogie \u201eAmadoka\u201c erschien 2020 in der\u2026","rel":"","context":"In &quot;Ausstellungen und Veranstaltungen&quot;","block_context":{"text":"Ausstellungen und Veranstaltungen","link":"https:\/\/blog.sub.uni-hamburg.de\/?cat=9"},"img":{"alt_text":"Lesung: Literatur aus der Ukraine","src":"https:\/\/i0.wp.com\/blog.sub.uni-hamburg.de\/wp-content\/uploads\/2022\/11\/literatur-ukraine.jpg?resize=350%2C200&ssl=1","width":350,"height":200},"classes":[]},{"id":26252,"url":"https:\/\/blog.sub.uni-hamburg.de\/?p=26252","url_meta":{"origin":41544,"position":1},"title":"\u201eEine wirkliche Freundschaft\u201c? Der Politiker Helmut Schmidt und der Unternehmer und Stifter Kurt A. K\u00f6rber (12.12.)","author":"Markus Trapp","date":"26-11-18","format":false,"excerpt":"Ein Vortrag von Dr. Josef Schmid. Helmut Schmidt und Kurt A. K\u00f6rber waren sich jahrzehntelang in Freundschaft verbunden. Wenngleich diese pers\u00f6nlichkeitsbedingte Grenzen aufwies, zeitigte sie doch vielf\u00e4ltigen Nutzen \u2013 f\u00fcr die beiden Protagonisten wie auch f\u00fcr die Allgemeinheit. K\u00f6rber bekam mit Schmidt vor allem einen wichtigen Ratgeber und ein \u201eZugpferd\u201c\u2026","rel":"","context":"In &quot;Ausstellungen und Veranstaltungen&quot;","block_context":{"text":"Ausstellungen und Veranstaltungen","link":"https:\/\/blog.sub.uni-hamburg.de\/?cat=9"},"img":{"alt_text":"","src":"https:\/\/i0.wp.com\/blog.sub.uni-hamburg.de\/wp-content\/uploads\/2018\/11\/VHG-Schmid.jpg?resize=350%2C200&ssl=1","width":350,"height":200},"classes":[]},{"id":28409,"url":"https:\/\/blog.sub.uni-hamburg.de\/?p=28409","url_meta":{"origin":41544,"position":2},"title":"Mesoamerika auf den internationalen Filmfestspielen \u201eBerlinale\u201c (12.12.)","author":"Markus Trapp","date":"02-12-19","format":false,"excerpt":"Beobachtungen aus der \u00c4ra Dieter Kosslick 2001-2019. Seit 1951 finden in Berlin allj\u00e4hrlich die Internationalen Filmfestspiele Berlin \u2013 die Berlinale \u2013 statt. Bereits seit den 1970ern bilden auch Produktionen aus Lateinamerika, insbesondere in den Sektionen \u201eForum\u201c und \u201ePanorama\u201c einen Schwerpunkt; in allen Sektionen waren Filme mit Themen spezifisch zu Mesaomerika,\u2026","rel":"","context":"In &quot;Ausstellungen und Veranstaltungen&quot;","block_context":{"text":"Ausstellungen und Veranstaltungen","link":"https:\/\/blog.sub.uni-hamburg.de\/?cat=9"},"img":{"alt_text":"","src":"https:\/\/i0.wp.com\/blog.sub.uni-hamburg.de\/wp-content\/uploads\/2019\/11\/roma-cuaron.jpg?resize=350%2C200&ssl=1","width":350,"height":200,"srcset":"https:\/\/i0.wp.com\/blog.sub.uni-hamburg.de\/wp-content\/uploads\/2019\/11\/roma-cuaron.jpg?resize=350%2C200&ssl=1 1x, https:\/\/i0.wp.com\/blog.sub.uni-hamburg.de\/wp-content\/uploads\/2019\/11\/roma-cuaron.jpg?resize=525%2C300&ssl=1 1.5x"},"classes":[]},{"id":10082,"url":"https:\/\/blog.sub.uni-hamburg.de\/?p=10082","url_meta":{"origin":41544,"position":3},"title":"J\u00fcrgen Bruhn: \u201eDie Herrschaft der Kinder\u201c (12.12.)","author":"Markus Trapp","date":"04-12-12","format":false,"excerpt":"J\u00fcrgen Bruhn: \u201eDie Herrschaft der Kinder\u201c Eine autobiografische Erz\u00e4hlung aus der Chaoszeit 1945-1947. Lesung und Buchvorstellung des 4. Bandes unserer Reihe \u201eKindheitserinnerungen\u201c \u00bbAls Horst Hansen seiner Mutter mitteilte, dass die Ausgebombten auf der Ahrensburger Stra\u00dfe nach Hamburg zur\u00fcckmarschierten, war es schon Mitte Juni 1945.\u00ab So beginnt die Erz\u00e4hlung J\u00fcrgen Bruhns,\u2026","rel":"","context":"In &quot;Ausstellungen und Veranstaltungen&quot;","block_context":{"text":"Ausstellungen und Veranstaltungen","link":"https:\/\/blog.sub.uni-hamburg.de\/?cat=9"},"img":{"alt_text":"J\u00fcrgen Bruhn: 'Die Herrschaft der Kinder'","src":"https:\/\/i0.wp.com\/blog.sub.uni-hamburg.de\/wp-content\/uploads\/2012\/12\/herrschaftderkinder.jpg?resize=350%2C200&ssl=1","width":350,"height":200},"classes":[]},{"id":34366,"url":"https:\/\/blog.sub.uni-hamburg.de\/?p=34366","url_meta":{"origin":41544,"position":4},"title":"Konferenz \u201eZugang gestalten!\u201c im Lichthof der Stabi (19.-21.10.)","author":"Markus Trapp","date":"05-10-22","format":false,"excerpt":"Die Staats- und Universit\u00e4tsbibliothek Hamburg ist in diesem Jahr der Veranstaltungsort der Konferenz \u201eZugang gestalten!\u201c. Im Lichthof der Stabi dreht sich am 20. und 21. Oktober alles um das diesj\u00e4hrige Motto \"Digitale Verf\u00fcgbarkeit \u2013 Globale Rezeption\", das auf der Tagungs-Website wie folgt beschrieben wird: Die Digitalisierung erleichtert den Zugang zum\u2026","rel":"","context":"In &quot;Ausstellungen und Veranstaltungen&quot;","block_context":{"text":"Ausstellungen und Veranstaltungen","link":"https:\/\/blog.sub.uni-hamburg.de\/?cat=9"},"img":{"alt_text":"","src":"https:\/\/i0.wp.com\/blog.sub.uni-hamburg.de\/wp-content\/uploads\/2022\/10\/header-zugang-gestalten2022.jpg?resize=350%2C200&ssl=1","width":350,"height":200,"srcset":"https:\/\/i0.wp.com\/blog.sub.uni-hamburg.de\/wp-content\/uploads\/2022\/10\/header-zugang-gestalten2022.jpg?resize=350%2C200&ssl=1 1x, https:\/\/i0.wp.com\/blog.sub.uni-hamburg.de\/wp-content\/uploads\/2022\/10\/header-zugang-gestalten2022.jpg?resize=525%2C300&ssl=1 1.5x"},"classes":[]},{"id":1745,"url":"https:\/\/blog.sub.uni-hamburg.de\/?p=1745","url_meta":{"origin":41544,"position":5},"title":"Handschriften- und Textforschung heute. Eine Konferenz zur \u00dcberlieferung der griechischen Literatur (21.4.-22.4.)","author":"BP","date":"08-04-10","format":false,"excerpt":"Die dreit\u00e4gige Konferenz, deren erste beide Tagessitzungen in den R\u00e4umen der Staats- und Universit\u00e4tsbibliothek stattfinden, besch\u00e4ftigt sich mit fachwissenschaftlichen Fragen aus dem Kontext der handschriftlichen \u00dcberlieferung griechischer Literatur. Neben Schwerpunkten auf antiken Texten und der Buchproduktion in Byzanz reicht das Spektrum bis zur Rezeption in und nach der Renaissance. Der\u2026","rel":"","context":"In &quot;Ausstellungen und Veranstaltungen&quot;","block_context":{"text":"Ausstellungen und Veranstaltungen","link":"https:\/\/blog.sub.uni-hamburg.de\/?cat=9"},"img":{"alt_text":"","src":"https:\/\/i0.wp.com\/blog.sub.uni-hamburg.de\/wp-content\/uploads\/2010\/04\/teuchos_logo.png?resize=350%2C200&ssl=1","width":350,"height":200},"classes":[]}],"jetpack_sharing_enabled":true,"_links":{"self":[{"href":"https:\/\/blog.sub.uni-hamburg.de\/index.php?rest_route=\/wp\/v2\/posts\/41544","targetHints":{"allow":["GET"]}}],"collection":[{"href":"https:\/\/blog.sub.uni-hamburg.de\/index.php?rest_route=\/wp\/v2\/posts"}],"about":[{"href":"https:\/\/blog.sub.uni-hamburg.de\/index.php?rest_route=\/wp\/v2\/types\/post"}],"author":[{"embeddable":true,"href":"https:\/\/blog.sub.uni-hamburg.de\/index.php?rest_route=\/wp\/v2\/users\/19"}],"replies":[{"embeddable":true,"href":"https:\/\/blog.sub.uni-hamburg.de\/index.php?rest_route=%2Fwp%2Fv2%2Fcomments&post=41544"}],"version-history":[{"count":3,"href":"https:\/\/blog.sub.uni-hamburg.de\/index.php?rest_route=\/wp\/v2\/posts\/41544\/revisions"}],"predecessor-version":[{"id":41549,"href":"https:\/\/blog.sub.uni-hamburg.de\/index.php?rest_route=\/wp\/v2\/posts\/41544\/revisions\/41549"}],"wp:attachment":[{"href":"https:\/\/blog.sub.uni-hamburg.de\/index.php?rest_route=%2Fwp%2Fv2%2Fmedia&parent=41544"}],"wp:term":[{"taxonomy":"category","embeddable":true,"href":"https:\/\/blog.sub.uni-hamburg.de\/index.php?rest_route=%2Fwp%2Fv2%2Fcategories&post=41544"},{"taxonomy":"post_tag","embeddable":true,"href":"https:\/\/blog.sub.uni-hamburg.de\/index.php?rest_route=%2Fwp%2Fv2%2Ftags&post=41544"}],"curies":[{"name":"wp","href":"https:\/\/api.w.org\/{rel}","templated":true}]}}