{"id":414,"date":"2007-01-19T08:59:38","date_gmt":"2007-01-19T07:59:38","guid":{"rendered":"http:\/\/www.sub.uni-hamburg.de\/blog\/?p=414"},"modified":"2007-01-26T10:54:55","modified_gmt":"2007-01-26T09:54:55","slug":"soundvision-interaktive-installation-in-der-informatik-bibliothek-18-26012007","status":"publish","type":"post","link":"https:\/\/blog.sub.uni-hamburg.de\/?p=414","title":{"rendered":"SoundVision : Interaktive Installation in der Informatik-Bibliothek, jetzt verl\u00e4ngert bis zum 2.2.2007"},"content":{"rendered":"<p><img decoding=\"async\" align=\"left\" alt=\"SoundVision in der Fachbibliothek Informatik\" id=\"image413\" title=\"SoundVision in der Fachbibliothek Informatik\" src=\"https:\/\/blog.sub.uni-hamburg.de\/wp-content\/uploads\/2007\/01\/soundvision.jpg\" \/>SoundVision ist eine interaktive und kooperative audiovisuelle Installation, bestehend aus verteilten Eingabestationen und einem &#8220;GesamtTonBild&#8221;, von Steffi Beckhaus, Tanja D\u00f6ring, Thorsten Juckel und Roland Schr\u00f6der-Kroll. Die Installation ist vom 18.-2.2.2007 in der <a href=\"http:\/\/www.informatik.uni-hamburg.de\/bib\/\">Fachbibliothek Informatik<\/a> zu sehen.<\/p>\n<p>Das &#8220;GesamtTonBild&#8221;, und damit der Raumklang, entsteht durch viele  einzelne TonBilder, die an den einzelnen Stationen mit Hilfe von  Tablet, Webcam ode MIDI-Keyboard gestaltet worden sind &#8211; ein eigenes, kooperativ erstelltes, gemeinsames &#8220;Klangbild&#8221; entsteht, das sich stets ver\u00e4ndert und weiterentwickelt, ganz im Sinne einer vernetzten &#8220;Konversation&#8221;. Neben zwei Stationen in der Bibliothek k\u00f6nnen weitere \u00fcber das Internet teilnehmen. SoundVision wurde bereits auf der Mensch &#038; Computer\/ars electronica 2005 und in der Kunsthalle Bremen 2006\/2007 ausgestellt.<\/p>\n","protected":false},"excerpt":{"rendered":"<p>SoundVision ist eine interaktive und kooperative audiovisuelle Installation, bestehend aus verteilten Eingabestationen und einem &#8220;GesamtTonBild&#8221;, von Steffi Beckhaus, Tanja D\u00f6ring, Thorsten Juckel und Roland Schr\u00f6der-Kroll. Die Installation ist vom 18.-2.2.2007 in der Fachbibliothek Informatik zu sehen. Das &#8220;GesamtTonBild&#8221;, und damit der Raumklang, entsteht durch viele einzelne TonBilder, die an den einzelnen Stationen mit Hilfe von [&hellip;]<\/p>\n","protected":false},"author":3,"featured_media":0,"comment_status":"open","ping_status":"open","sticky":false,"template":"","format":"standard","meta":{"jetpack_post_was_ever_published":false,"_jetpack_newsletter_access":"","_jetpack_dont_email_post_to_subs":false,"_jetpack_newsletter_tier_id":0,"_jetpack_memberships_contains_paywalled_content":false,"_jetpack_memberships_contains_paid_content":false,"footnotes":"","jetpack_publicize_message":"","jetpack_publicize_feature_enabled":true,"jetpack_social_post_already_shared":false,"jetpack_social_options":{"image_generator_settings":{"template":"highway","default_image_id":0,"font":"","enabled":false},"version":2}},"categories":[9,15],"tags":[],"class_list":["post-414","post","type-post","status-publish","format-standard","hentry","category-ausstellungen","category-fachbibliotheken"],"views":6076,"jetpack_publicize_connections":[],"jetpack_featured_media_url":"","jetpack_shortlink":"https:\/\/wp.me\/p7hfNR-6G","jetpack-related-posts":[{"id":2829,"url":"https:\/\/blog.sub.uni-hamburg.de\/?p=2829","url_meta":{"origin":414,"position":0},"title":"Stellenausschreibung Angestellte\/-r in der Datenverarbeitung (EGr. 10)","author":"Markus Trapp","date":"11-08-10","format":false,"excerpt":"Wir entwickeln bibliothekarische IT-Fachanwendungen und betreiben zahlreiche Webangebote. Um das Dienstleistungsangebot f\u00fcr die Nutzerinnen und Nutzer st\u00e4ndig weiter zu verbessern, suchen wir f\u00fcr die Abteilung IuK-Technik, Digitale Bibliothek eine Person f\u00fcr folgende Aufgabenbereiche: Elektronisches Publizieren \/ Hamburg University Press Betriebsverantwortung f\u00fcr die Web-Dienste im Bereich \u201eElektronisches Publizieren \/ Hamburg UP\u201c\u2026","rel":"","context":"In &quot;Aktuelles&quot;","block_context":{"text":"Aktuelles","link":"https:\/\/blog.sub.uni-hamburg.de\/?cat=1"},"img":{"alt_text":"","src":"","width":0,"height":0},"classes":[]},{"id":601,"url":"https:\/\/blog.sub.uni-hamburg.de\/?p=601","url_meta":{"origin":414,"position":1},"title":"MIN-Bibliotheken: Auswertung der Nutzerumfrage","author":"AC","date":"03-07-07","format":false,"excerpt":"Die Auswertung der Umfrageaktion der MIN-Bibliotheken ist nun abgeschlossen. Die Resonanz war beeindruckend: Insgesamt haben 2328 Personen teilgenommen. Das sind ca. 22% der Studierenden und WissenschaftlerInnen in der MIN-Fakult\u00e4t. 501 Frageb\u00f6gen wurden von WissenschaftlerInnen ausgef\u00fcllt (ca. 42%), 1807 Frageb\u00f6gen von MIN-Studierenden (ca. 20%). An dieser Stelle m\u00f6chten wir uns nochmals\u2026","rel":"","context":"In &quot;Aktuelles&quot;","block_context":{"text":"Aktuelles","link":"https:\/\/blog.sub.uni-hamburg.de\/?cat=1"},"img":{"alt_text":"","src":"","width":0,"height":0},"classes":[]},{"id":3648,"url":"https:\/\/blog.sub.uni-hamburg.de\/?p=3648","url_meta":{"origin":414,"position":2},"title":"Autorenlesung in der Informatik-Bibliothek: Gewissensbisse: Ethische Probleme der Informatik (18.11.)","author":"Markus Trapp","date":"10-11-10","format":false,"excerpt":"Selbstverst\u00e4ndlich ist ein Fachgebiet wie die Informatik auch mit Fragen der Ethik konfrontiert. Ein Autorenkollektiv, bestehend aus Debora Weber-Wulff, Christina Class, Wolfgang Coy, Constanze Kurz, David Zellh\u00f6fer, ist angetreten, ein Lehrwerk zu verfassen, das Dozenten aus der Informatik Fallbeispiele an die Hand gibt, um diese wichtige gesellschaftspolitische Frage mit in\u2026","rel":"","context":"In &quot;Ausstellungen und Veranstaltungen&quot;","block_context":{"text":"Ausstellungen und Veranstaltungen","link":"https:\/\/blog.sub.uni-hamburg.de\/?cat=9"},"img":{"alt_text":"Gewissensbisse : ethische Probleme der Informatik","src":"https:\/\/i0.wp.com\/blog.sub.uni-hamburg.de\/wp-content\/uploads\/2010\/11\/ts1221g.jpg?resize=350%2C200&ssl=1","width":350,"height":200},"classes":[]},{"id":19183,"url":"https:\/\/blog.sub.uni-hamburg.de\/?p=19183","url_meta":{"origin":414,"position":3},"title":"Bibliotheksstatistik 2014","author":"TB","date":"10-12-15","format":false,"excerpt":"Die Bibliotheksstatistik 2014 ist erschienen. Wie in den vergangenen Jahren finden Sie darin nicht nur das reine Zahlenwerk, sondern auch zahlreiche Diagramme und Hintergrundinformationen \u00fcber die Arbeit der Bibliotheken des Bibliothekssystems Universit\u00e4t Hamburg. Aus dem Vorwort: \"Eine gute Bibliothek ist heute viel mehr als ihre R\u00e4ume. In Bibliotheken findet professionelle\u2026","rel":"","context":"In &quot;Aktuelles&quot;","block_context":{"text":"Aktuelles","link":"https:\/\/blog.sub.uni-hamburg.de\/?cat=1"},"img":{"alt_text":"bibliotheksstatistik2014-Deckblatt","src":"https:\/\/i0.wp.com\/blog.sub.uni-hamburg.de\/wp-content\/uploads\/2015\/12\/bibliotheksstatistik2014-Deckblatt.jpg?resize=350%2C200&ssl=1","width":350,"height":200},"classes":[]},{"id":2768,"url":"https:\/\/blog.sub.uni-hamburg.de\/?p=2768","url_meta":{"origin":414,"position":4},"title":"cibera-Quellen in Academic LinkShare","author":"Markus Trapp","date":"13-07-10","format":false,"excerpt":"Seit dieser Woche ist die Virtuelle Fachbibliothek cibera mit einer eigenen Kollektion im Verbund Academic LinkShare vertreten. Academic LinkShare betreibt eine Infrastruktur f\u00fcr die kooperative Erschlie\u00dfung und Pflege von Internetquellen. Seit 2001 haben mittlerweile 17 Virtuelle Fachbibliotheken und Fachportale einen Pool von \u00fcber 100.000 bibliothekarisch erschlossenen Quellen aufgebaut. Auf 87.000\u2026","rel":"","context":"In &quot;E-Medien&quot;","block_context":{"text":"E-Medien","link":"https:\/\/blog.sub.uni-hamburg.de\/?cat=11"},"img":{"alt_text":"cibera-Quellen in Academic LinkShare","src":"https:\/\/i0.wp.com\/blog.sub.uni-hamburg.de\/wp-content\/uploads\/2010\/07\/als-datenpool.jpg?resize=350%2C200&ssl=1","width":350,"height":200},"classes":[]},{"id":36560,"url":"https:\/\/blog.sub.uni-hamburg.de\/?p=36560","url_meta":{"origin":414,"position":5},"title":"Leitung Fakult\u00e4tsbibliothek Mathematik, Informatik und Naturwissenschaften","author":"Markus Trapp","date":"15-09-23","format":false,"excerpt":"Die die Fakult\u00e4t f\u00fcr Mathematik, Informatik und Naturwissenschaften der Universit\u00e4t Hamburg hat folgende Stelle ausgeschrieben, auf die wir gerne hinweisen: Leitung Fakult\u00e4tsbibliothek Mathematik, Informatik und Naturwissenschaften Einrichtung: Fakult\u00e4t f\u00fcr Mathematik, Informatik und Naturwissenschaften Wertigkeit: EGR. 14 TV-L Arbeitsbeginn: schnellstm\u00f6glich, unbefristet Bewerbungsschluss: 13.10.2023 Arbeitsumfang: teilzeitgeeignete Vollzeitstelle Aufgabengebiet Im Zuge der Zusammenf\u00fchrung\u2026","rel":"","context":"In &quot;Aktuelles&quot;","block_context":{"text":"Aktuelles","link":"https:\/\/blog.sub.uni-hamburg.de\/?cat=1"},"img":{"alt_text":"Hauptgeb\u00e4ude der Universit\u00e4t Hamburg","src":"https:\/\/i0.wp.com\/blog.sub.uni-hamburg.de\/wp-content\/uploads\/2022\/06\/unihh-hauptgebaeude.jpg?resize=350%2C200&ssl=1","width":350,"height":200},"classes":[]}],"jetpack_sharing_enabled":true,"_links":{"self":[{"href":"https:\/\/blog.sub.uni-hamburg.de\/index.php?rest_route=\/wp\/v2\/posts\/414","targetHints":{"allow":["GET"]}}],"collection":[{"href":"https:\/\/blog.sub.uni-hamburg.de\/index.php?rest_route=\/wp\/v2\/posts"}],"about":[{"href":"https:\/\/blog.sub.uni-hamburg.de\/index.php?rest_route=\/wp\/v2\/types\/post"}],"author":[{"embeddable":true,"href":"https:\/\/blog.sub.uni-hamburg.de\/index.php?rest_route=\/wp\/v2\/users\/3"}],"replies":[{"embeddable":true,"href":"https:\/\/blog.sub.uni-hamburg.de\/index.php?rest_route=%2Fwp%2Fv2%2Fcomments&post=414"}],"version-history":[{"count":0,"href":"https:\/\/blog.sub.uni-hamburg.de\/index.php?rest_route=\/wp\/v2\/posts\/414\/revisions"}],"wp:attachment":[{"href":"https:\/\/blog.sub.uni-hamburg.de\/index.php?rest_route=%2Fwp%2Fv2%2Fmedia&parent=414"}],"wp:term":[{"taxonomy":"category","embeddable":true,"href":"https:\/\/blog.sub.uni-hamburg.de\/index.php?rest_route=%2Fwp%2Fv2%2Fcategories&post=414"},{"taxonomy":"post_tag","embeddable":true,"href":"https:\/\/blog.sub.uni-hamburg.de\/index.php?rest_route=%2Fwp%2Fv2%2Ftags&post=414"}],"curies":[{"name":"wp","href":"https:\/\/api.w.org\/{rel}","templated":true}]}}