{"id":41382,"date":"2025-11-25T09:25:50","date_gmt":"2025-11-25T08:25:50","guid":{"rendered":"https:\/\/blog.sub.uni-hamburg.de\/?p=41382"},"modified":"2025-12-08T17:12:27","modified_gmt":"2025-12-08T16:12:27","slug":"buchmarkt-der-unabhaengigen-verlage-buecherfest-in-der-hamburger-stabi-5-6-12","status":"publish","type":"post","link":"https:\/\/blog.sub.uni-hamburg.de\/?p=41382","title":{"rendered":"Buchmarkt der unabh\u00e4ngigen Verlage: B\u00fccherfest in der Hamburger Stabi (5.+6.12.)"},"content":{"rendered":"<p><strong>Freitag, 5.12., 17 bis 21 Uhr, Samstag, 6.12., 11 bis 18 Uhr Lichthof.<\/strong><\/p>\n<p><a href=\"https:\/\/blog.sub.uni-hamburg.de\/wp-content\/uploads\/2025\/11\/Buchmesse-2025-scaled.jpg\"><img loading=\"lazy\" decoding=\"async\" data-attachment-id=\"41384\" data-permalink=\"https:\/\/blog.sub.uni-hamburg.de\/?attachment_id=41384\" data-orig-file=\"https:\/\/blog.sub.uni-hamburg.de\/wp-content\/uploads\/2025\/11\/Buchmesse-2025-scaled.jpg\" data-orig-size=\"1831,2560\" data-comments-opened=\"1\" data-image-meta=\"{&quot;aperture&quot;:&quot;0&quot;,&quot;credit&quot;:&quot;&quot;,&quot;camera&quot;:&quot;&quot;,&quot;caption&quot;:&quot;&quot;,&quot;created_timestamp&quot;:&quot;0&quot;,&quot;copyright&quot;:&quot;&quot;,&quot;focal_length&quot;:&quot;0&quot;,&quot;iso&quot;:&quot;0&quot;,&quot;shutter_speed&quot;:&quot;0&quot;,&quot;title&quot;:&quot;&quot;,&quot;orientation&quot;:&quot;0&quot;}\" data-image-title=\"Buchmesse-2025\" data-image-description=\"\" data-image-caption=\"\" data-large-file=\"https:\/\/blog.sub.uni-hamburg.de\/wp-content\/uploads\/2025\/11\/Buchmesse-2025-732x1024.jpg\" src=\"https:\/\/blog.sub.uni-hamburg.de\/wp-content\/uploads\/2025\/11\/Buchmesse-2025-215x300.jpg\" alt=\"\" width=\"215\" height=\"300\" class=\"alignright size-medium wp-image-41384\" srcset=\"https:\/\/blog.sub.uni-hamburg.de\/wp-content\/uploads\/2025\/11\/Buchmesse-2025-215x300.jpg 215w, https:\/\/blog.sub.uni-hamburg.de\/wp-content\/uploads\/2025\/11\/Buchmesse-2025-732x1024.jpg 732w, https:\/\/blog.sub.uni-hamburg.de\/wp-content\/uploads\/2025\/11\/Buchmesse-2025-107x150.jpg 107w, https:\/\/blog.sub.uni-hamburg.de\/wp-content\/uploads\/2025\/11\/Buchmesse-2025-768x1074.jpg 768w, https:\/\/blog.sub.uni-hamburg.de\/wp-content\/uploads\/2025\/11\/Buchmesse-2025-1099x1536.jpg 1099w, https:\/\/blog.sub.uni-hamburg.de\/wp-content\/uploads\/2025\/11\/Buchmesse-2025-1465x2048.jpg 1465w, https:\/\/blog.sub.uni-hamburg.de\/wp-content\/uploads\/2025\/11\/Buchmesse-2025-scaled.jpg 1831w\" sizes=\"auto, (max-width: 215px) 100vw, 215px\" \/><\/a> Am 5. und 6. Dezember verwandelt sich der Lichthof der Staats- und Universit\u00e4tsbibliothek Hamburg zum dritten Mal in einen lebendigen Marktplatz f\u00fcr unabh\u00e4ngige Literatur. Rund 30 Hamburger Verlage und ausgew\u00e4hlte Gastverlage aus dem deutschsprachigen Raum pr\u00e4sentieren ihre Programme, laden ein zum Austausch \u00fcber B\u00fccher, zum St\u00f6bern und Kaufen. Begleitet wird der Buchmarkt von Lesungen, Pr\u00e4sentationen und zwei besonderen Highlights: einem Speed-Dating mit der Hamburger Literaturszene (Freitag, 19 Uhr) und dem Poetomaten, der individuelle Live-Gedichte auf Wunsch verfasst (Samstag, ab 11.30 Uhr).<\/p>\n<p>Von Prosa bis Poesie, von Belletristik bis Sachbuch, von Graphic Novel bis Kinderbuch \u2013 zu entdecken ist die ganze Bandbreite an guten, klugen, bunten B\u00fcchern aus unabh\u00e4ngigen Verlagen.<br \/>\n<!--more--><\/p>\n<p>Unterst\u00fctzt von der Beh\u00f6rde f\u00fcr Kultur und Medien Hamburg, dem B\u00f6rsenverein Nord, der Staats- und Universit\u00e4tsbibliothek sowie Szene Hamburg. Der Buchmarkt der unabh\u00e4ngigen Verlage ist Kulturpartner von<a href=\"https:\/\/www.ndr.de\/kultur\/buch\/buchmarkt-der-unabhaengigen-verlage,buchmarktderunabhaengigenverlage-100.html\"> NDR Kultur<\/a>.<\/p>\n<p><a href=\"https:\/\/blog.sub.uni-hamburg.de\/wp-content\/uploads\/2025\/11\/Buchmesse-Verlage.jpg\"><img loading=\"lazy\" decoding=\"async\" data-attachment-id=\"41386\" data-permalink=\"https:\/\/blog.sub.uni-hamburg.de\/?attachment_id=41386\" data-orig-file=\"https:\/\/blog.sub.uni-hamburg.de\/wp-content\/uploads\/2025\/11\/Buchmesse-Verlage.jpg\" data-orig-size=\"1440,1800\" data-comments-opened=\"1\" data-image-meta=\"{&quot;aperture&quot;:&quot;0&quot;,&quot;credit&quot;:&quot;&quot;,&quot;camera&quot;:&quot;&quot;,&quot;caption&quot;:&quot;&quot;,&quot;created_timestamp&quot;:&quot;0&quot;,&quot;copyright&quot;:&quot;&quot;,&quot;focal_length&quot;:&quot;0&quot;,&quot;iso&quot;:&quot;0&quot;,&quot;shutter_speed&quot;:&quot;0&quot;,&quot;title&quot;:&quot;&quot;,&quot;orientation&quot;:&quot;0&quot;}\" data-image-title=\"Buchmesse-Verlage\" data-image-description=\"\" data-image-caption=\"\" data-large-file=\"https:\/\/blog.sub.uni-hamburg.de\/wp-content\/uploads\/2025\/11\/Buchmesse-Verlage-819x1024.jpg\" src=\"https:\/\/blog.sub.uni-hamburg.de\/wp-content\/uploads\/2025\/11\/Buchmesse-Verlage-240x300.jpg\" alt=\"\" width=\"240\" height=\"300\" class=\"alignleft size-medium wp-image-41386\" srcset=\"https:\/\/blog.sub.uni-hamburg.de\/wp-content\/uploads\/2025\/11\/Buchmesse-Verlage-240x300.jpg 240w, https:\/\/blog.sub.uni-hamburg.de\/wp-content\/uploads\/2025\/11\/Buchmesse-Verlage-819x1024.jpg 819w, https:\/\/blog.sub.uni-hamburg.de\/wp-content\/uploads\/2025\/11\/Buchmesse-Verlage-120x150.jpg 120w, https:\/\/blog.sub.uni-hamburg.de\/wp-content\/uploads\/2025\/11\/Buchmesse-Verlage-768x960.jpg 768w, https:\/\/blog.sub.uni-hamburg.de\/wp-content\/uploads\/2025\/11\/Buchmesse-Verlage-1229x1536.jpg 1229w, https:\/\/blog.sub.uni-hamburg.de\/wp-content\/uploads\/2025\/11\/Buchmesse-Verlage.jpg 1440w\" sizes=\"auto, (max-width: 240px) 100vw, 240px\" \/><\/a> <strong>Die ausstellenden Verlage:<\/strong><\/p>\n<p>AvivA \/ adocs Verlag \/ Amiguitos \/ Ankerwechsel Verlag \/ Argument Verlag mit Ariadne \/ bahoe books \/ CulturBooks Verlag \/ Edition Contra-Bass \/ Edition Nautilus \/ Edition Michael Kellner \/ EECLECTIC \/ Ellert &#038; Richter \/ Frenz Verlag \/ Galerie der abseitigen K\u00fcnste \/ Hain &#038; Kladow \/ Peter Hammer Verlag \/ Input Verlag \/ Kibitz Verlag \/ Konkret Literatur Verlag \/ Literatur Quickie Verlag \/ mairisch Verlag \/ Maro Verlag \/ Merlin Verlag \/ Osburg Verlag \/ Pendragon \/ Reprodukt \/ Schaff-Verlag \/ SchauHoer Verlag \/ SofortBooks \/ TERAZ Verlag \/ Textem \/ Verbrecher Verlag \/ VSA Verlag<\/p>\n","protected":false},"excerpt":{"rendered":"<p>Freitag, 5.12., 17 bis 21 Uhr, Samstag, 6.12., 11 bis 18 Uhr Lichthof. Am 5. und 6. Dezember verwandelt sich der Lichthof der Staats- und Universit\u00e4tsbibliothek Hamburg zum dritten Mal in einen lebendigen Marktplatz f\u00fcr unabh\u00e4ngige Literatur. Rund 30 Hamburger Verlage und ausgew\u00e4hlte Gastverlage aus dem deutschsprachigen Raum pr\u00e4sentieren ihre Programme, laden ein zum Austausch [&hellip;]<\/p>\n","protected":false},"author":19,"featured_media":0,"comment_status":"open","ping_status":"open","sticky":false,"template":"","format":"standard","meta":{"jetpack_post_was_ever_published":false,"_jetpack_newsletter_access":"","_jetpack_dont_email_post_to_subs":false,"_jetpack_newsletter_tier_id":0,"_jetpack_memberships_contains_paywalled_content":false,"_jetpack_memberships_contains_paid_content":false,"footnotes":"","jetpack_publicize_message":"","jetpack_publicize_feature_enabled":true,"jetpack_social_post_already_shared":true,"jetpack_social_options":{"image_generator_settings":{"template":"highway","default_image_id":0,"font":"","enabled":false},"version":2}},"categories":[9],"tags":[],"class_list":["post-41382","post","type-post","status-publish","format-standard","hentry","category-ausstellungen"],"views":2668,"jetpack_publicize_connections":[],"jetpack_featured_media_url":"","jetpack_shortlink":"https:\/\/wp.me\/p7hfNR-aLs","jetpack-related-posts":[{"id":39300,"url":"https:\/\/blog.sub.uni-hamburg.de\/?p=39300","url_meta":{"origin":41382,"position":0},"title":"Unabh\u00e4ngige Buchmesse Hamburg: Fish &#038; Scripts (6.\/7.12.)","author":"Markus Trapp","date":"25-11-24","format":false,"excerpt":"Freitag, 6.12., Er\u00f6ffnungsveranstaltung ab 17 Uhr, Samstag, 7.12., 11 bis 19 Uhr, Lichthof. Unabh\u00e4ngige Verlage haben viel zu bieten, doch sie brauchen Sichtbarkeit. Nach dem vollen Erfolg der ersten unabh\u00e4ngigen Buchmesse Hamburgs, 2023 noch unter dem Namen HamBuch, geht diese nun unter neuem Namen in die zweite Runde. Am ersten\u2026","rel":"","context":"In &quot;Ausstellungen und Veranstaltungen&quot;","block_context":{"text":"Ausstellungen und Veranstaltungen","link":"https:\/\/blog.sub.uni-hamburg.de\/?cat=9"},"img":{"alt_text":"","src":"https:\/\/i0.wp.com\/blog.sub.uni-hamburg.de\/wp-content\/uploads\/2024\/11\/ffish_and_scripts.jpg?resize=350%2C200&ssl=1","width":350,"height":200},"classes":[]},{"id":37149,"url":"https:\/\/blog.sub.uni-hamburg.de\/?p=37149","url_meta":{"origin":41382,"position":1},"title":"Weihnachts-Buchmesse der Liste unabh\u00e4ngiger Verlage (LuV) (9.12.)","author":"Markus Trapp","date":"24-11-23","format":false,"excerpt":"Samstag, 9.12., 13 bis 21 Uhr, Lichthof. Am 9. Dezember 2023 findet im Lichthof der Staats- und Universit\u00e4tsbibliothek zum ersten Mal die HamBuch statt, Hamburgs Buchmesse der unabh\u00e4ngigen Verlage. Alle G\u00e4ste sind eingeladen, die Vielfalt der Hamburger Indie-Verlage kennenzulernen und sich nach Herzenslust mit Lekt\u00fcre und Weihnachtsgeschenken einzudecken. Indie-Verlage, die\u2026","rel":"","context":"In &quot;Ausstellungen und Veranstaltungen&quot;","block_context":{"text":"Ausstellungen und Veranstaltungen","link":"https:\/\/blog.sub.uni-hamburg.de\/?cat=9"},"img":{"alt_text":"","src":"https:\/\/i0.wp.com\/blog.sub.uni-hamburg.de\/wp-content\/uploads\/2023\/11\/Hambuch-Lichthof.jpg?resize=350%2C200&ssl=1","width":350,"height":200,"srcset":"https:\/\/i0.wp.com\/blog.sub.uni-hamburg.de\/wp-content\/uploads\/2023\/11\/Hambuch-Lichthof.jpg?resize=350%2C200&ssl=1 1x, https:\/\/i0.wp.com\/blog.sub.uni-hamburg.de\/wp-content\/uploads\/2023\/11\/Hambuch-Lichthof.jpg?resize=525%2C300&ssl=1 1.5x"},"classes":[]},{"id":39311,"url":"https:\/\/blog.sub.uni-hamburg.de\/?p=39311","url_meta":{"origin":41382,"position":2},"title":"Ausstellung: Tausend Augen. Die Geschichte des Rowohlt Verlags (15.1.-2.3.)","author":"Markus Trapp","date":"18-12-24","format":false,"excerpt":"Im Sommer 1908 bringt der Bremer Kaufmannssohn Ernst Rowohlt ein Buch heraus: \u201eLieder der Sommern\u00e4chte\u201c von Gustav Edzard, als Privatdruck mit wenigen hundert Exemplaren. Dies gilt als die Geburtsstunde des Rowohlt Verlags. Seither sind mit dem Namen Rowohlt viele wichtige Etappen der deutschen Literaturgeschichte verbunden, \u00fcber Jahrzehnte hinweg. Bis heute\u2026","rel":"","context":"In &quot;Ausstellungen und Veranstaltungen&quot;","block_context":{"text":"Ausstellungen und Veranstaltungen","link":"https:\/\/blog.sub.uni-hamburg.de\/?cat=9"},"img":{"alt_text":"Plakat der Ausstellung: Tausend Augen. Die Geschichte des Rowohlt Verlags (15.1.-2.3.)","src":"https:\/\/i0.wp.com\/blog.sub.uni-hamburg.de\/wp-content\/uploads\/2024\/12\/Rowohlt_Plakat_594x840_neu_IMPR-2_final-213x300.jpg?resize=350%2C200&ssl=1","width":350,"height":200},"classes":[]},{"id":23878,"url":"https:\/\/blog.sub.uni-hamburg.de\/?p=23878","url_meta":{"origin":41382,"position":3},"title":"B\u00fccherflohmarkt (6.12.)","author":"Markus Trapp","date":"14-11-17","format":false,"excerpt":"P\u00fcnktlich zum Nikolaustag l\u00e4dt die Staatsbibliothek ein zum j\u00e4hrlichen B\u00fccherflohmarkt im pr\u00e4chtigen Lichthof. F\u00fcr wenig Geld k\u00f6nnen Dubletten aus Geschenkzug\u00e4ngen des vergangenen Jahres erworben werden. Ann\u00e4hernd 4000 B\u00fccher aus allen Fachgebieten stehen zum Verkauf bereit, der Schwerpunkt des Angebots liegt auf geisteswissenschaftlichen Werken. Neben Fachliteratur gibt es auch Belletristik in\u2026","rel":"","context":"In &quot;Ausstellungen und Veranstaltungen&quot;","block_context":{"text":"Ausstellungen und Veranstaltungen","link":"https:\/\/blog.sub.uni-hamburg.de\/?cat=9"},"img":{"alt_text":"","src":"https:\/\/i0.wp.com\/blog.sub.uni-hamburg.de\/wp-content\/uploads\/2017\/11\/buecherflohmarkt2017.jpg?resize=350%2C200&ssl=1","width":350,"height":200,"srcset":"https:\/\/i0.wp.com\/blog.sub.uni-hamburg.de\/wp-content\/uploads\/2017\/11\/buecherflohmarkt2017.jpg?resize=350%2C200&ssl=1 1x, https:\/\/i0.wp.com\/blog.sub.uni-hamburg.de\/wp-content\/uploads\/2017\/11\/buecherflohmarkt2017.jpg?resize=525%2C300&ssl=1 1.5x"},"classes":[]},{"id":40541,"url":"https:\/\/blog.sub.uni-hamburg.de\/?p=40541","url_meta":{"origin":41382,"position":4},"title":"IndieStabi: Ein Abend mit dem Input-Verlag (16.7.)","author":"Markus Trapp","date":"03-07-25","format":false,"excerpt":"Mittwoch, 16.7., 19 Uhr, Vortragsraum. Der Verleger Ralf Plenz war Druckerei-Inhaber, Unternehmensberater und Lehrer f\u00fcr Gestaltung. In seiner Buchreihe \u201ePerlen der Literatur\u201c bietet er europ\u00e4ische Highlights und Klassiker mit besonderer Ausstattung: Hardcover, Leineneinband, Banderole und Silberpr\u00e4gung. Wie kam er zu C\u00e9cile de Jong (Emanzipationsroman, 1897), Erich M\u00fchsam (1929), aber auch\u2026","rel":"","context":"In &quot;Ausstellungen und Veranstaltungen&quot;","block_context":{"text":"Ausstellungen und Veranstaltungen","link":"https:\/\/blog.sub.uni-hamburg.de\/?cat=9"},"img":{"alt_text":"","src":"https:\/\/i0.wp.com\/blog.sub.uni-hamburg.de\/wp-content\/uploads\/2025\/07\/2025-07-16-IndieStabi_II.jpg?resize=350%2C200&ssl=1","width":350,"height":200,"srcset":"https:\/\/i0.wp.com\/blog.sub.uni-hamburg.de\/wp-content\/uploads\/2025\/07\/2025-07-16-IndieStabi_II.jpg?resize=350%2C200&ssl=1 1x, https:\/\/i0.wp.com\/blog.sub.uni-hamburg.de\/wp-content\/uploads\/2025\/07\/2025-07-16-IndieStabi_II.jpg?resize=525%2C300&ssl=1 1.5x"},"classes":[]},{"id":10104,"url":"https:\/\/blog.sub.uni-hamburg.de\/?p=10104","url_meta":{"origin":41382,"position":5},"title":"Buchmarkt digital: Wie das Netz Produktion und Ver\u00f6ffentlichung ver\u00e4ndert","author":"Markus Trapp","date":"05-12-12","format":false,"excerpt":"In dem nachh\u00f6renswerten Radiofeature \u00abBuchmarkt digital\u00bb ging gestern Abend Brigitte Neumann auf Deutschlandradio Kultur der Frage nach, wie das Netz Produktion und Ver\u00f6ffentlichung von Literatur ver\u00e4ndert: Literatur besteht nicht aus B\u00fcchern. Literatur besteht aus Romanen, St\u00fccken, Erz\u00e4hlungen, Gedichten. Literatur ist Inhalt und Form. Ob auf dem Papier oder auf einem\u2026","rel":"","context":"In &quot;Aufgelesen&quot;","block_context":{"text":"Aufgelesen","link":"https:\/\/blog.sub.uni-hamburg.de\/?cat=18"},"img":{"alt_text":"Book","src":"https:\/\/i0.wp.com\/blog.sub.uni-hamburg.de\/wp-content\/uploads\/2012\/12\/book.jpg?resize=350%2C200&ssl=1","width":350,"height":200},"classes":[]}],"jetpack_sharing_enabled":true,"_links":{"self":[{"href":"https:\/\/blog.sub.uni-hamburg.de\/index.php?rest_route=\/wp\/v2\/posts\/41382","targetHints":{"allow":["GET"]}}],"collection":[{"href":"https:\/\/blog.sub.uni-hamburg.de\/index.php?rest_route=\/wp\/v2\/posts"}],"about":[{"href":"https:\/\/blog.sub.uni-hamburg.de\/index.php?rest_route=\/wp\/v2\/types\/post"}],"author":[{"embeddable":true,"href":"https:\/\/blog.sub.uni-hamburg.de\/index.php?rest_route=\/wp\/v2\/users\/19"}],"replies":[{"embeddable":true,"href":"https:\/\/blog.sub.uni-hamburg.de\/index.php?rest_route=%2Fwp%2Fv2%2Fcomments&post=41382"}],"version-history":[{"count":4,"href":"https:\/\/blog.sub.uni-hamburg.de\/index.php?rest_route=\/wp\/v2\/posts\/41382\/revisions"}],"predecessor-version":[{"id":41388,"href":"https:\/\/blog.sub.uni-hamburg.de\/index.php?rest_route=\/wp\/v2\/posts\/41382\/revisions\/41388"}],"wp:attachment":[{"href":"https:\/\/blog.sub.uni-hamburg.de\/index.php?rest_route=%2Fwp%2Fv2%2Fmedia&parent=41382"}],"wp:term":[{"taxonomy":"category","embeddable":true,"href":"https:\/\/blog.sub.uni-hamburg.de\/index.php?rest_route=%2Fwp%2Fv2%2Fcategories&post=41382"},{"taxonomy":"post_tag","embeddable":true,"href":"https:\/\/blog.sub.uni-hamburg.de\/index.php?rest_route=%2Fwp%2Fv2%2Ftags&post=41382"}],"curies":[{"name":"wp","href":"https:\/\/api.w.org\/{rel}","templated":true}]}}