{"id":41378,"date":"2025-11-24T19:53:49","date_gmt":"2025-11-24T18:53:49","guid":{"rendered":"https:\/\/blog.sub.uni-hamburg.de\/?p=41378"},"modified":"2025-12-08T17:12:37","modified_gmt":"2025-12-08T16:12:37","slug":"vorlesungsreihe-das-dgs-korpus-projekt-4-12","status":"publish","type":"post","link":"https:\/\/blog.sub.uni-hamburg.de\/?p=41378","title":{"rendered":"Vorlesungsreihe: Das DGS-Korpus-Projekt (4.12.)"},"content":{"rendered":"<p><strong>Donnerstag, 4.12., 19 Uhr, Vortragsraum.<\/strong><\/p>\n<p><a href=\"https:\/\/www.idgs.uni-hamburg.de\/forschung\/forschungsprojekte\/dgs-korpus.html\"><img loading=\"lazy\" decoding=\"async\" data-attachment-id=\"41379\" data-permalink=\"https:\/\/blog.sub.uni-hamburg.de\/?attachment_id=41379\" data-orig-file=\"https:\/\/blog.sub.uni-hamburg.de\/wp-content\/uploads\/2025\/11\/IMG_0405.jpeg\" data-orig-size=\"278,73\" data-comments-opened=\"1\" data-image-meta=\"{&quot;aperture&quot;:&quot;0&quot;,&quot;credit&quot;:&quot;&quot;,&quot;camera&quot;:&quot;&quot;,&quot;caption&quot;:&quot;&quot;,&quot;created_timestamp&quot;:&quot;0&quot;,&quot;copyright&quot;:&quot;&quot;,&quot;focal_length&quot;:&quot;0&quot;,&quot;iso&quot;:&quot;0&quot;,&quot;shutter_speed&quot;:&quot;0&quot;,&quot;title&quot;:&quot;&quot;,&quot;orientation&quot;:&quot;0&quot;}\" data-image-title=\"IMG_0405\" data-image-description=\"\" data-image-caption=\"\" data-large-file=\"https:\/\/blog.sub.uni-hamburg.de\/wp-content\/uploads\/2025\/11\/IMG_0405.jpeg\" src=\"https:\/\/blog.sub.uni-hamburg.de\/wp-content\/uploads\/2025\/11\/IMG_0405.jpeg\" alt=\"Logo DGS-Korpus\" title=\"Logo DGS-Korpus\" width=\"278\" height=\"73\" class=\"alignright size-full wp-image-41379\" srcset=\"https:\/\/blog.sub.uni-hamburg.de\/wp-content\/uploads\/2025\/11\/IMG_0405.jpeg 278w, https:\/\/blog.sub.uni-hamburg.de\/wp-content\/uploads\/2025\/11\/IMG_0405-150x39.jpeg 150w\" sizes=\"auto, (max-width: 278px) 100vw, 278px\" \/><\/a>Begleitend zur aktuellen Ausstellung \u201e<a href=\"https:\/\/blog.sub.uni-hamburg.de\/?p=40893\">Notwendig, n\u00fctzlich, neu \u2013 Langzeitforschung in Hamburg<\/a>\u201c im Ausstellungsraum der SUB veranstaltet die Akademie der Wissenschaften in Hamburg eine Vorlesungsreihe, bei der sich die sieben Hamburger Langzeitforschungsprojekte der Akademie vorstellen.<\/p>\n<p>Der Vortrag f\u00fchrt kurz in das <a href=\"https:\/\/www.idgs.uni-hamburg.de\/forschung\/forschungsprojekte\/dgs-korpus.html\">Langzeitforschungsprojekt DGS-Korpus<\/a> ein und berichtet von den aktuellen Videoaufnahmen der jungen Generation tauber Menschen in Deutschland. Die Arbeit des Projekts sammelt so nie dagewesene Geschichten einer kulturellen Minderheit und erstellt ein Digitales W\u00f6rterbuch der Deutschen Geb\u00e4rdensprache, das alle online nutzen k\u00f6nnen.<br \/>\n<!--more--><\/p>\n<p>Im Anschluss f\u00fchren Martina Bergmann und Julian Bleicken in DGS durch die Ausstellung der sieben Akademieprojekte und bieten gesellschaftsrelevante Einblicke, die in Erinnerung bleiben. Die Veranstaltung ist auch f\u00fcr h\u00f6rende Menschen zug\u00e4nglich.<\/p>\n<p>Vortragende in DGS: <strong>Martina Bergmann, Julian Bleicken, Anike Fiedler, Annika Herrmann<\/strong> (DGS-Korpus).<\/p>\n<p>Der Eintritt ist frei. Anmeldung unter: <a href=\"mailto:veranstaltungen@awhamburg.de\">veranstaltungen@awhamburg.de<\/a>.<\/p>\n<p>Weitere Termine in der Reihe sind der 11. Dezember und 15. Januar 2026.<\/p>\n","protected":false},"excerpt":{"rendered":"<p>Donnerstag, 4.12., 19 Uhr, Vortragsraum. Begleitend zur aktuellen Ausstellung \u201eNotwendig, n\u00fctzlich, neu \u2013 Langzeitforschung in Hamburg\u201c im Ausstellungsraum der SUB veranstaltet die Akademie der Wissenschaften in Hamburg eine Vorlesungsreihe, bei der sich die sieben Hamburger Langzeitforschungsprojekte der Akademie vorstellen. Der Vortrag f\u00fchrt kurz in das Langzeitforschungsprojekt DGS-Korpus ein und berichtet von den aktuellen Videoaufnahmen der [&hellip;]<\/p>\n","protected":false},"author":19,"featured_media":0,"comment_status":"open","ping_status":"open","sticky":false,"template":"","format":"standard","meta":{"jetpack_post_was_ever_published":false,"_jetpack_newsletter_access":"","_jetpack_dont_email_post_to_subs":false,"_jetpack_newsletter_tier_id":0,"_jetpack_memberships_contains_paywalled_content":false,"_jetpack_memberships_contains_paid_content":false,"footnotes":"","jetpack_publicize_message":"","jetpack_publicize_feature_enabled":true,"jetpack_social_post_already_shared":true,"jetpack_social_options":{"image_generator_settings":{"template":"highway","default_image_id":0,"font":"","enabled":false},"version":2}},"categories":[9],"tags":[],"class_list":["post-41378","post","type-post","status-publish","format-standard","hentry","category-ausstellungen"],"views":766,"jetpack_publicize_connections":[],"jetpack_featured_media_url":"","jetpack_shortlink":"https:\/\/wp.me\/p7hfNR-aLo","jetpack-related-posts":[{"id":40893,"url":"https:\/\/blog.sub.uni-hamburg.de\/?p=40893","url_meta":{"origin":41378,"position":0},"title":"Ausstellung: Notwendig, n\u00fctzlich, neu \u2013 Langzeitforschung in Hamburg (17.10.-15.12.)","author":"Markus Trapp","date":"02-10-25","format":false,"excerpt":"17. Oktober bis 15. Dezember, Ausstellungsraum. Wer sind wir? Woher kommen wir? Antworten auf diese Fragen liefert das kulturelle Erbe der Menschheit. Im Akademienprogramm widmen sich Forschende \u00fcber einen Zeitraum von 12 bis 25 Jahren besonderen Texten, Sprachen und anderen Quellen. Diese machen sie auch digital zug\u00e4nglich. Die Akademie der\u2026","rel":"","context":"In &quot;Ausstellungen und Veranstaltungen&quot;","block_context":{"text":"Ausstellungen und Veranstaltungen","link":"https:\/\/blog.sub.uni-hamburg.de\/?cat=9"},"img":{"alt_text":"","src":"https:\/\/i0.wp.com\/blog.sub.uni-hamburg.de\/wp-content\/uploads\/2025\/10\/virt-ausst-adw.jpg?resize=350%2C200&ssl=1","width":350,"height":200,"srcset":"https:\/\/i0.wp.com\/blog.sub.uni-hamburg.de\/wp-content\/uploads\/2025\/10\/virt-ausst-adw.jpg?resize=350%2C200&ssl=1 1x, https:\/\/i0.wp.com\/blog.sub.uni-hamburg.de\/wp-content\/uploads\/2025\/10\/virt-ausst-adw.jpg?resize=525%2C300&ssl=1 1.5x"},"classes":[]},{"id":41550,"url":"https:\/\/blog.sub.uni-hamburg.de\/?p=41550","url_meta":{"origin":41378,"position":1},"title":"Entf\u00e4llt! Vorlesungsreihe: Seele, Tabu, Sprache \u2013 Eine Spurensuche zwischen Etymologie und Feldforschung (11.12.)","author":"Markus Trapp","date":"01-12-25","format":false,"excerpt":"Donnerstag, 11.12., 19 Uhr, Vortragsraum. Leider muss die Veranstaltung entfallen! Begleitend zur aktuellen Ausstellung \u201eNotwendig, n\u00fctzlich, neu \u2013 Langzeitforschung in Hamburg\u201c im Ausstellungsraum der SUB veranstaltet die Akademie der Wissenschaften in Hamburg eine Vorlesungsreihe, bei der sich die sieben Hamburger Langzeitforschungsprojekte der Akademie vorstellen. An diesem Abend stellen sich die\u2026","rel":"","context":"In &quot;Ausstellungen und Veranstaltungen&quot;","block_context":{"text":"Ausstellungen und Veranstaltungen","link":"https:\/\/blog.sub.uni-hamburg.de\/?cat=9"},"img":{"alt_text":"Etymologika","src":"https:\/\/i0.wp.com\/blog.sub.uni-hamburg.de\/wp-content\/uploads\/2025\/12\/etym-logo-640x361-blanc-300x169.png?resize=350%2C200&ssl=1","width":350,"height":200},"classes":[]},{"id":41746,"url":"https:\/\/blog.sub.uni-hamburg.de\/?p=41746","url_meta":{"origin":41378,"position":2},"title":"Abgesagt: Vortrag: Seele, Tabu, Sprache \u2013 Eine Spurensuche zwischen Etymologie und Feldforschung (22.1.)","author":"Markus Trapp","date":"07-01-26","format":false,"excerpt":"Donnerstag, 22.1., 19 Uhr, Vortragsraum. Die Veranstaltung wurde leider abgesagt! Begleitend zur aktuellen Ausstellung \u201eNotwendig, n\u00fctzlich, neu \u2013 Langzeitforschung in Hamburg\u201c im Ausstellungsraum der SUB veranstaltet die Akademie der Wissenschaften in Hamburg eine Vorlesungsreihe, bei der sich die sieben Hamburger Langzeitforschungsprojekte der Akademie vorstellen. An diesem Abend stellen sich die\u2026","rel":"","context":"In &quot;Ausstellungen und Veranstaltungen&quot;","block_context":{"text":"Ausstellungen und Veranstaltungen","link":"https:\/\/blog.sub.uni-hamburg.de\/?cat=9"},"img":{"alt_text":"Etymologika","src":"https:\/\/i0.wp.com\/blog.sub.uni-hamburg.de\/wp-content\/uploads\/2025\/12\/etym-logo-640x361-blanc-300x169.png?resize=350%2C200&ssl=1","width":350,"height":200},"classes":[]},{"id":41218,"url":"https:\/\/blog.sub.uni-hamburg.de\/?p=41218","url_meta":{"origin":41378,"position":3},"title":"Spielraum im vorgegebenen Format: Das Schaffen fr\u00fchmittelalterlicher Urkundenschreiber (27.11.)","author":"Markus Trapp","date":"12-11-25","format":false,"excerpt":"Donnerstag, 27.11., 19 Uhr, Vortragsraum. Begleitend zur aktuellen Ausstellung \u201eNotwendig, n\u00fctzlich, neu \u2013 Langzeitforschung in Hamburg\u201c im Ausstellungsraum der SUB veranstaltet die Akademie der Wissenschaften in Hamburg eine Vorlesungsreihe, bei der sich die sieben Hamburger Langzeitforschungsprojekte der Akademie vorstellen. An diesem Abend wird das Langzeitforschungsprojekt \u201eFormulae \u2013 Litterae- Chartae\u201c von\u2026","rel":"","context":"In &quot;Ausstellungen und Veranstaltungen&quot;","block_context":{"text":"Ausstellungen und Veranstaltungen","link":"https:\/\/blog.sub.uni-hamburg.de\/?cat=9"},"img":{"alt_text":"","src":"https:\/\/i0.wp.com\/blog.sub.uni-hamburg.de\/wp-content\/uploads\/2025\/11\/formulae-logo.jpg?resize=350%2C200&ssl=1","width":350,"height":200},"classes":[]},{"id":40925,"url":"https:\/\/blog.sub.uni-hamburg.de\/?p=40925","url_meta":{"origin":41378,"position":4},"title":"Vorlesungsreihe: Aktuelle geisteswissenschaftliche Forschung in Hamburg (23.10.)","author":"Markus Trapp","date":"08-10-25","format":false,"excerpt":"Donnerstag, 23.10., 19 Uhr, Vortragsraum. Begleitend zur aktuellen Ausstellung \u201eNotwendig, n\u00fctzlich, neu \u2013 Langzeitforschung in Hamburg\u201c im Ausstellungsraum der Stabi veranstaltet die Akademie der Wissenschaften in Hamburg eine Vorlesungsreihe, bei der sich die sieben Hamburger Langzeitforschungsprojekte der Akademie vorstellen. An diesem Abend pr\u00e4sentieren sich die ersten beiden Projekte zu den\u2026","rel":"","context":"In &quot;Ausstellungen und Veranstaltungen&quot;","block_context":{"text":"Ausstellungen und Veranstaltungen","link":"https:\/\/blog.sub.uni-hamburg.de\/?cat=9"},"img":{"alt_text":"Beta ma\u1e63\u0101\u1e25\u01ddft","src":"https:\/\/i0.wp.com\/blog.sub.uni-hamburg.de\/wp-content\/uploads\/2025\/10\/csm_BetaMasaheft_BuchHanede_L1009049_JannWilken_4e3407ab35-300x169.jpg?resize=350%2C200&ssl=1","width":350,"height":200},"classes":[]},{"id":41692,"url":"https:\/\/blog.sub.uni-hamburg.de\/?p=41692","url_meta":{"origin":41378,"position":5},"title":"Vortrag: Zerst\u00f6rung und Diaspora. Globale Konsequenzen der NS-Verfolgung f\u00fcr die Musikgeschichte (15.1.)","author":"Markus Trapp","date":"16-12-25","format":false,"excerpt":"Donnerstag, 15.1., 19 Uhr, Vortragsraum. Anl\u00e4sslich der Ausstellung \u201eNotwendig, n\u00fctzlich, neu \u2013 Langzeitforschung in Hamburg\u201c, die bis zum 15. Dezember 2025 im Ausstellungsraum der SUB zu sehen war, veranstaltet die Akademie der Wissenschaften in Hamburg eine Vorlesungsreihe, bei der sich die sieben Hamburger Langzeitforschungsprojekte der Akademie vorstellen. Mit der Verfolgung\u2026","rel":"","context":"In &quot;Ausstellungen und Veranstaltungen&quot;","block_context":{"text":"Ausstellungen und Veranstaltungen","link":"https:\/\/blog.sub.uni-hamburg.de\/?cat=9"},"img":{"alt_text":"NS-Verfolgung und Musikgeschichte","src":"https:\/\/i0.wp.com\/blog.sub.uni-hamburg.de\/wp-content\/uploads\/2025\/12\/nsverf-musikgeschichte0.jpg?resize=350%2C200&ssl=1","width":350,"height":200,"srcset":"https:\/\/i0.wp.com\/blog.sub.uni-hamburg.de\/wp-content\/uploads\/2025\/12\/nsverf-musikgeschichte0.jpg?resize=350%2C200&ssl=1 1x, https:\/\/i0.wp.com\/blog.sub.uni-hamburg.de\/wp-content\/uploads\/2025\/12\/nsverf-musikgeschichte0.jpg?resize=525%2C300&ssl=1 1.5x"},"classes":[]}],"jetpack_sharing_enabled":true,"_links":{"self":[{"href":"https:\/\/blog.sub.uni-hamburg.de\/index.php?rest_route=\/wp\/v2\/posts\/41378","targetHints":{"allow":["GET"]}}],"collection":[{"href":"https:\/\/blog.sub.uni-hamburg.de\/index.php?rest_route=\/wp\/v2\/posts"}],"about":[{"href":"https:\/\/blog.sub.uni-hamburg.de\/index.php?rest_route=\/wp\/v2\/types\/post"}],"author":[{"embeddable":true,"href":"https:\/\/blog.sub.uni-hamburg.de\/index.php?rest_route=\/wp\/v2\/users\/19"}],"replies":[{"embeddable":true,"href":"https:\/\/blog.sub.uni-hamburg.de\/index.php?rest_route=%2Fwp%2Fv2%2Fcomments&post=41378"}],"version-history":[{"count":1,"href":"https:\/\/blog.sub.uni-hamburg.de\/index.php?rest_route=\/wp\/v2\/posts\/41378\/revisions"}],"predecessor-version":[{"id":41380,"href":"https:\/\/blog.sub.uni-hamburg.de\/index.php?rest_route=\/wp\/v2\/posts\/41378\/revisions\/41380"}],"wp:attachment":[{"href":"https:\/\/blog.sub.uni-hamburg.de\/index.php?rest_route=%2Fwp%2Fv2%2Fmedia&parent=41378"}],"wp:term":[{"taxonomy":"category","embeddable":true,"href":"https:\/\/blog.sub.uni-hamburg.de\/index.php?rest_route=%2Fwp%2Fv2%2Fcategories&post=41378"},{"taxonomy":"post_tag","embeddable":true,"href":"https:\/\/blog.sub.uni-hamburg.de\/index.php?rest_route=%2Fwp%2Fv2%2Ftags&post=41378"}],"curies":[{"name":"wp","href":"https:\/\/api.w.org\/{rel}","templated":true}]}}