{"id":41064,"date":"2025-10-23T15:47:59","date_gmt":"2025-10-23T13:47:59","guid":{"rendered":"https:\/\/blog.sub.uni-hamburg.de\/?p=41064"},"modified":"2025-11-12T17:16:13","modified_gmt":"2025-11-12T16:16:13","slug":"vortrag-bernhard-nocht-der-organisator-der-deutschen-kolonialmedizin-11-11","status":"publish","type":"post","link":"https:\/\/blog.sub.uni-hamburg.de\/?p=41064","title":{"rendered":"Vortrag: Bernhard Nocht, der Organisator der deutschen Kolonialmedizin (11.11.)"},"content":{"rendered":"<p><img loading=\"lazy\" decoding=\"async\" data-attachment-id=\"41066\" data-permalink=\"https:\/\/blog.sub.uni-hamburg.de\/?attachment_id=41066\" data-orig-file=\"https:\/\/blog.sub.uni-hamburg.de\/wp-content\/uploads\/2025\/10\/Nocht-bernhard-1912-06-01-deutsche-kolonialzeitung-jg29-nr22-sonderbeilage.jpg\" data-orig-size=\"390,607\" data-comments-opened=\"1\" data-image-meta=\"{&quot;aperture&quot;:&quot;0&quot;,&quot;credit&quot;:&quot;&quot;,&quot;camera&quot;:&quot;&quot;,&quot;caption&quot;:&quot;&quot;,&quot;created_timestamp&quot;:&quot;0&quot;,&quot;copyright&quot;:&quot;&quot;,&quot;focal_length&quot;:&quot;0&quot;,&quot;iso&quot;:&quot;0&quot;,&quot;shutter_speed&quot;:&quot;0&quot;,&quot;title&quot;:&quot;&quot;,&quot;orientation&quot;:&quot;1&quot;}\" data-image-title=\"Bernhard Nocht, um 1912-01-deutsche-kolonialzeitung-jg29-nr22-sonderbeilage\" data-image-description=\"&lt;p&gt;Bernhard Nocht, um 1912&lt;\/p&gt;\n\" data-image-caption=\"\" data-large-file=\"https:\/\/blog.sub.uni-hamburg.de\/wp-content\/uploads\/2025\/10\/Nocht-bernhard-1912-06-01-deutsche-kolonialzeitung-jg29-nr22-sonderbeilage.jpg\" src=\"https:\/\/blog.sub.uni-hamburg.de\/wp-content\/uploads\/2025\/10\/Nocht-bernhard-1912-06-01-deutsche-kolonialzeitung-jg29-nr22-sonderbeilage-193x300.jpg\" alt=\"Bernhard Nocht, um 1912\" title=\"Bernhard Nocht, um 1912\" width=\"193\" height=\"300\" class=\"alignright size-medium wp-image-41066\" srcset=\"https:\/\/blog.sub.uni-hamburg.de\/wp-content\/uploads\/2025\/10\/Nocht-bernhard-1912-06-01-deutsche-kolonialzeitung-jg29-nr22-sonderbeilage-193x300.jpg 193w, https:\/\/blog.sub.uni-hamburg.de\/wp-content\/uploads\/2025\/10\/Nocht-bernhard-1912-06-01-deutsche-kolonialzeitung-jg29-nr22-sonderbeilage-96x150.jpg 96w, https:\/\/blog.sub.uni-hamburg.de\/wp-content\/uploads\/2025\/10\/Nocht-bernhard-1912-06-01-deutsche-kolonialzeitung-jg29-nr22-sonderbeilage.jpg 390w\" sizes=\"auto, (max-width: 193px) 100vw, 193px\" \/> <strong>Dienstag, 11.11., 18 Uhr, Vortragsraum.<\/strong><\/p>\n<p>In diesem Vortrag von <strong><a href=\"https:\/\/www.geschichte.uni-hamburg.de\/arbeitsbereiche\/globalgeschichte\/personen\/hedrich.html\">Dr. Markus Hedrich<\/a><\/strong> (Fachbereich Geschichte: Globalgeschichte, Universit\u00e4t Hamburg) sollen Bernhard Nochts Rollen als Arzt, Gesundheitsmanager und Teilhaber einer kolonialen Generation aufgezeigt werden.<\/p>\n<p>Eine Veranstaltung des <a href=\"https:\/\/www.vfhg.de\/\">Vereins f\u00fcr Hamburgische Geschichte<\/a> in Kooperation mit dem Forschungsverbund zur Kulturgeschichte Hamburgs (FKGHH) und der Staats- und Universit\u00e4tsbibliothek Hamburg. Der Eintritt ist frei.<\/p>\n","protected":false},"excerpt":{"rendered":"<p>Dienstag, 11.11., 18 Uhr, Vortragsraum. In diesem Vortrag von Dr. Markus Hedrich (Fachbereich Geschichte: Globalgeschichte, Universit\u00e4t Hamburg) sollen Bernhard Nochts Rollen als Arzt, Gesundheitsmanager und Teilhaber einer kolonialen Generation aufgezeigt werden. Eine Veranstaltung des Vereins f\u00fcr Hamburgische Geschichte in Kooperation mit dem Forschungsverbund zur Kulturgeschichte Hamburgs (FKGHH) und der Staats- und Universit\u00e4tsbibliothek Hamburg. Der Eintritt [&hellip;]<\/p>\n","protected":false},"author":19,"featured_media":0,"comment_status":"open","ping_status":"open","sticky":false,"template":"","format":"standard","meta":{"jetpack_post_was_ever_published":false,"_jetpack_newsletter_access":"","_jetpack_dont_email_post_to_subs":false,"_jetpack_newsletter_tier_id":0,"_jetpack_memberships_contains_paywalled_content":false,"_jetpack_memberships_contains_paid_content":false,"footnotes":"","jetpack_publicize_message":"","jetpack_publicize_feature_enabled":true,"jetpack_social_post_already_shared":true,"jetpack_social_options":{"image_generator_settings":{"template":"highway","default_image_id":0,"font":"","enabled":false},"version":2}},"categories":[9],"tags":[],"class_list":["post-41064","post","type-post","status-publish","format-standard","hentry","category-ausstellungen"],"views":536,"jetpack_publicize_connections":[],"jetpack_featured_media_url":"","jetpack_shortlink":"https:\/\/wp.me\/p7hfNR-aGk","jetpack-related-posts":[{"id":40605,"url":"https:\/\/blog.sub.uni-hamburg.de\/?p=40605","url_meta":{"origin":41064,"position":0},"title":"Shortlist HamburgLesen 2025","author":"Markus Trapp","date":"22-07-25","format":false,"excerpt":"Im Herbst ist es wieder soweit: Zum nunmehr dreizehnten Mal vergibt die Staats- und Universit\u00e4tsbibliothek ihren Buchpreis HamburgLesen an ein Buch der aktuellen \"Jahresproduktion\", das sich in herausragender Weise mit dem Thema Hamburg befasst. Der Buchpreis HamburgLesen steht wieder unter der Schirmherrschaft der Senatorin f\u00fcr Wissenschaft, Forschung und Gleichstellung, Maryam\u2026","rel":"","context":"In &quot;Aktuelles&quot;","block_context":{"text":"Aktuelles","link":"https:\/\/blog.sub.uni-hamburg.de\/?cat=1"},"img":{"alt_text":"","src":"https:\/\/i0.wp.com\/blog.sub.uni-hamburg.de\/wp-content\/uploads\/2025\/07\/shortlist2025mitlogo.jpg?resize=350%2C200&ssl=1","width":350,"height":200,"srcset":"https:\/\/i0.wp.com\/blog.sub.uni-hamburg.de\/wp-content\/uploads\/2025\/07\/shortlist2025mitlogo.jpg?resize=350%2C200&ssl=1 1x, https:\/\/i0.wp.com\/blog.sub.uni-hamburg.de\/wp-content\/uploads\/2025\/07\/shortlist2025mitlogo.jpg?resize=525%2C300&ssl=1 1.5x"},"classes":[]},{"id":19077,"url":"https:\/\/blog.sub.uni-hamburg.de\/?p=19077","url_meta":{"origin":41064,"position":1},"title":"Hamburgs (post-)koloniales Erbe und seine historische Aufarbeitung (2.12.)","author":"Markus Trapp","date":"16-11-15","format":false,"excerpt":"Prof. Dr. J\u00fcrgen Zimmerer und Prof. Dr. Rainer Nicolaysen: Hamburgs (post-)koloniales Erbe und seine historische Aufarbeitung. Ein Gespr\u00e4ch Hamburg ist die Stadt in Deutschland, die am st\u00e4rksten vom Kolonialismus profitierte und am st\u00e4rksten in den europ\u00e4ischen Kolonialismus involviert war. Noch immer aber steht eine kritische Besch\u00e4ftigung mit diesem Teil der\u2026","rel":"","context":"In &quot;Ausstellungen und Veranstaltungen&quot;","block_context":{"text":"Ausstellungen und Veranstaltungen","link":"https:\/\/blog.sub.uni-hamburg.de\/?cat=9"},"img":{"alt_text":"","src":"https:\/\/i0.wp.com\/blog.sub.uni-hamburg.de\/wp-content\/uploads\/2015\/11\/VHG-Askari-Relief.jpg?resize=350%2C200&ssl=1","width":350,"height":200,"srcset":"https:\/\/i0.wp.com\/blog.sub.uni-hamburg.de\/wp-content\/uploads\/2015\/11\/VHG-Askari-Relief.jpg?resize=350%2C200&ssl=1 1x, https:\/\/i0.wp.com\/blog.sub.uni-hamburg.de\/wp-content\/uploads\/2015\/11\/VHG-Askari-Relief.jpg?resize=525%2C300&ssl=1 1.5x"},"classes":[]},{"id":38044,"url":"https:\/\/blog.sub.uni-hamburg.de\/?p=38044","url_meta":{"origin":41064,"position":2},"title":"Vortrag: Handel, Herrschaft und Hafen: Der Woermann-Konzern und Hamburgs koloniale Wirtschaftsgeschichte (8.5.)","author":"Markus Trapp","date":"29-04-24","format":false,"excerpt":"Mittwoch, 8.5., 18 Uhr, Vortragsraum. Was haben deutscher Kolonialismus, globaler Kapitalismus und hanseatisches Unternehmertun miteinander zu tun? Dieser Frage geht Dr. Kim Todzi in seinem Vortrag am Beispiel des Hamburger Woermann-Konzerns (1837\u20131916) nach. Todzi zeigt die engen Beziehungen des Unternehmenskomplexes zum deutschen Kolonialismus auf, besonders in Kamerun und Deutsch-S\u00fcdwestafrika, dem\u2026","rel":"","context":"In &quot;Ausstellungen und Veranstaltungen&quot;","block_context":{"text":"Ausstellungen und Veranstaltungen","link":"https:\/\/blog.sub.uni-hamburg.de\/?cat=9"},"img":{"alt_text":"Unternehmen Weltaneignung. Der Woermann-Konzern und der deutsche Kolonialismus, 1837-1916","src":"https:\/\/i0.wp.com\/blog.sub.uni-hamburg.de\/wp-content\/uploads\/2024\/04\/woermann-konzern-todzi-gr-203x300.jpg?resize=350%2C200&ssl=1","width":350,"height":200},"classes":[]},{"id":16805,"url":"https:\/\/blog.sub.uni-hamburg.de\/?p=16805","url_meta":{"origin":41064,"position":3},"title":"Koloniale Dokumente aus Guatemala (15.1.)","author":"Markus Trapp","date":"17-12-14","format":false,"excerpt":"jun. Prof. Dr. Frauke Sachse: Anspruch und Erbe: Kontinuit\u00e4ten von Territorialit\u00e4t und Legitimit\u00e4t in kolonialen Dokumenten des Hochlands von Guatemala Im Hochland von Guatemala \u00fcbernahmen indigene Eliten in der Kolonialzeit europ\u00e4ische Textgenres und appropriierten sie f\u00fcr eigene Zwecke. Landtitel und Petitionen dienten dazu, legitime Rechte an Territorium und Tribut geltend\u2026","rel":"","context":"In &quot;Ausstellungen und Veranstaltungen&quot;","block_context":{"text":"Ausstellungen und Veranstaltungen","link":"https:\/\/blog.sub.uni-hamburg.de\/?cat=9"},"img":{"alt_text":"","src":"https:\/\/i0.wp.com\/blog.sub.uni-hamburg.de\/wp-content\/uploads\/2014\/12\/guatemala1.jpg?resize=350%2C200&ssl=1","width":350,"height":200,"srcset":"https:\/\/i0.wp.com\/blog.sub.uni-hamburg.de\/wp-content\/uploads\/2014\/12\/guatemala1.jpg?resize=350%2C200&ssl=1 1x, https:\/\/i0.wp.com\/blog.sub.uni-hamburg.de\/wp-content\/uploads\/2014\/12\/guatemala1.jpg?resize=525%2C300&ssl=1 1.5x"},"classes":[]},{"id":3684,"url":"https:\/\/blog.sub.uni-hamburg.de\/?p=3684","url_meta":{"origin":41064,"position":4},"title":"100 Jahre Geschichtswissenschaft und Germanistik in Hamburg \u2013 eine doppelte Buchvorstellung (8.12.10)","author":"BP","date":"17-11-10","format":false,"excerpt":"Noch bevor die Universit\u00e4t Hamburg 2019 ihren hundertsten Geburtstag feiern wird, k\u00f6nnen etliche Seminare ein entsprechendes Jubil\u00e4um begehen, sind sie doch, gegr\u00fcndet im Rahmen des Allgemeinen Vorlesungswesens und des Kolonialinstituts, \u00e4lter als die Universit\u00e4t selbst. Das Historische Seminar feierte 2007,\u00a0 die Germanistik mit ihren beiden Instituten 2010 das 100-j\u00e4hrige Bestehen.\u2026","rel":"","context":"In &quot;Ausstellungen und Veranstaltungen&quot;","block_context":{"text":"Ausstellungen und Veranstaltungen","link":"https:\/\/blog.sub.uni-hamburg.de\/?cat=9"},"img":{"alt_text":"","src":"https:\/\/i0.wp.com\/blog.sub.uni-hamburg.de\/wp-content\/uploads\/2010\/11\/Cover-Richter-Nottscheid_thumb.jpg?resize=350%2C200&ssl=1","width":350,"height":200},"classes":[]},{"id":21405,"url":"https:\/\/blog.sub.uni-hamburg.de\/?p=21405","url_meta":{"origin":41064,"position":5},"title":"Die wissenschaftlichen Sammlungen der Universit\u00e4t Hamburg (11.11.-8.1.)","author":"Markus Trapp","date":"26-10-16","format":false,"excerpt":"Von Algen und Kristallen, von Plejaden und Schmetterlingen. Die wissenschaftlichen Sammlungen der Universit\u00e4t Hamburg. Rund 40 wissenschaftliche Sammlungen gibt es an der Universit\u00e4t Hamburg \u2013 von A wie Anatomie bis Z wie Zoologie. Zum Teil sind die Objekte schon Hunderte oder gar Tausende Jahre alt, etwa in der Arbeitsstelle f\u00fcr\u2026","rel":"","context":"In &quot;Ausstellungen und Veranstaltungen&quot;","block_context":{"text":"Ausstellungen und Veranstaltungen","link":"https:\/\/blog.sub.uni-hamburg.de\/?cat=9"},"img":{"alt_text":"","src":"https:\/\/i0.wp.com\/blog.sub.uni-hamburg.de\/wp-content\/uploads\/2016\/10\/plakat-unisammlgn-2016.jpg?resize=350%2C200&ssl=1","width":350,"height":200},"classes":[]}],"jetpack_sharing_enabled":true,"_links":{"self":[{"href":"https:\/\/blog.sub.uni-hamburg.de\/index.php?rest_route=\/wp\/v2\/posts\/41064","targetHints":{"allow":["GET"]}}],"collection":[{"href":"https:\/\/blog.sub.uni-hamburg.de\/index.php?rest_route=\/wp\/v2\/posts"}],"about":[{"href":"https:\/\/blog.sub.uni-hamburg.de\/index.php?rest_route=\/wp\/v2\/types\/post"}],"author":[{"embeddable":true,"href":"https:\/\/blog.sub.uni-hamburg.de\/index.php?rest_route=\/wp\/v2\/users\/19"}],"replies":[{"embeddable":true,"href":"https:\/\/blog.sub.uni-hamburg.de\/index.php?rest_route=%2Fwp%2Fv2%2Fcomments&post=41064"}],"version-history":[{"count":3,"href":"https:\/\/blog.sub.uni-hamburg.de\/index.php?rest_route=\/wp\/v2\/posts\/41064\/revisions"}],"predecessor-version":[{"id":41071,"href":"https:\/\/blog.sub.uni-hamburg.de\/index.php?rest_route=\/wp\/v2\/posts\/41064\/revisions\/41071"}],"wp:attachment":[{"href":"https:\/\/blog.sub.uni-hamburg.de\/index.php?rest_route=%2Fwp%2Fv2%2Fmedia&parent=41064"}],"wp:term":[{"taxonomy":"category","embeddable":true,"href":"https:\/\/blog.sub.uni-hamburg.de\/index.php?rest_route=%2Fwp%2Fv2%2Fcategories&post=41064"},{"taxonomy":"post_tag","embeddable":true,"href":"https:\/\/blog.sub.uni-hamburg.de\/index.php?rest_route=%2Fwp%2Fv2%2Ftags&post=41064"}],"curies":[{"name":"wp","href":"https:\/\/api.w.org\/{rel}","templated":true}]}}