{"id":410,"date":"2007-01-18T16:45:26","date_gmt":"2007-01-18T15:45:26","guid":{"rendered":"http:\/\/www.sub.uni-hamburg.de\/blog\/?p=410"},"modified":"2007-01-22T21:08:22","modified_gmt":"2007-01-22T20:08:22","slug":"unwetter-uber-hamburg-stabi-bleibt-geoffnet","status":"publish","type":"post","link":"https:\/\/blog.sub.uni-hamburg.de\/?p=410","title":{"rendered":"Unwetter \u00fcber Hamburg &#8211; Stabi bleibt ge\u00f6ffnet"},"content":{"rendered":"<p>Die <a href=\"http:\/\/www.dwd.de\/de\/WundK\/Warnungen\/index.htm?Land=SG00&#038;Art=A\">Unwetterwarnung<\/a> des Deutschen Wetterdienstes hat nun auch die Stabi und die Fachbibliotheken der Universit\u00e4t erreicht. &#8220;Es besteht die Gefahr eines extremen Unwetters mit zu erwartenden Windgeschwindigkeiten von mehr als 140 km\/h. Die Bev\u00f6lkerung wird aufgerufen, bis 16 Uhr sichere H\u00e4user aufzusuchen und diese w\u00e4hrend des Sturms nicht zu verlassen.&#8221;<\/p>\n<p>W\u00e4hrend f\u00fcr die gesamte Universit\u00e4t, einschlie\u00dflich der Fachbibliotheken, eine Schlie\u00dfung angeordnet wurde, wird die Stabi bis 21 Uhr ge\u00f6ffnet bleiben. So k\u00f6nnen Leser und Mitarbeiter, die sich noch in der Bibliothek befinden, den Sturm in gesch\u00fctzter Umgebung vor\u00fcber ziehen lassen.<\/p>\n<p>Einzige Ausnahme: der Selbstausleihbereich wurde vorzeitig um 16 Uhr geschlossen.<\/p>\n","protected":false},"excerpt":{"rendered":"<p>Die Unwetterwarnung des Deutschen Wetterdienstes hat nun auch die Stabi und die Fachbibliotheken der Universit\u00e4t erreicht. &#8220;Es besteht die Gefahr eines extremen Unwetters mit zu erwartenden Windgeschwindigkeiten von mehr als 140 km\/h. Die Bev\u00f6lkerung wird aufgerufen, bis 16 Uhr sichere H\u00e4user aufzusuchen und diese w\u00e4hrend des Sturms nicht zu verlassen.&#8221; W\u00e4hrend f\u00fcr die gesamte Universit\u00e4t, [&hellip;]<\/p>\n","protected":false},"author":6,"featured_media":0,"comment_status":"open","ping_status":"open","sticky":false,"template":"","format":"standard","meta":{"jetpack_post_was_ever_published":false,"_jetpack_newsletter_access":"","_jetpack_dont_email_post_to_subs":false,"_jetpack_newsletter_tier_id":0,"_jetpack_memberships_contains_paywalled_content":false,"_jetpack_memberships_contains_paid_content":false,"footnotes":"","jetpack_publicize_message":"","jetpack_publicize_feature_enabled":true,"jetpack_social_post_already_shared":false,"jetpack_social_options":{"image_generator_settings":{"template":"highway","default_image_id":0,"font":"","enabled":false},"version":2}},"categories":[1],"tags":[],"class_list":["post-410","post","type-post","status-publish","format-standard","hentry","category-1"],"views":6471,"jetpack_publicize_connections":[],"jetpack_featured_media_url":"","jetpack_shortlink":"https:\/\/wp.me\/p7hfNR-6C","jetpack-related-posts":[{"id":30231,"url":"https:\/\/blog.sub.uni-hamburg.de\/?p=30231","url_meta":{"origin":410,"position":0},"title":"Ab 2.11.:  Stabi bleibt ge\u00f6ffnet!","author":"ST","date":"30-10-20","format":false,"excerpt":"Die Stabi bleibt f\u00fcr die Ausleihe und das Lernen vor Ort auch im November ge\u00f6ffnet. Um den Betrieb zu entzerren und die Abholung auch in Randzeiten m\u00f6glich zu machen, bieten wir ab Montag f\u00fcr die Nutzung der 200 Arbeitspl\u00e4tze die \u00d6ffnungszeiten von Mo-Fr 9-24 und Sa-So 10-24 Uhr (mit einer\u2026","rel":"","context":"In &quot;Aktuelles&quot;","block_context":{"text":"Aktuelles","link":"https:\/\/blog.sub.uni-hamburg.de\/?cat=1"},"img":{"alt_text":"","src":"https:\/\/i0.wp.com\/blog.sub.uni-hamburg.de\/wp-content\/uploads\/2020\/10\/StayHome.png?resize=350%2C200&ssl=1","width":350,"height":200,"srcset":"https:\/\/i0.wp.com\/blog.sub.uni-hamburg.de\/wp-content\/uploads\/2020\/10\/StayHome.png?resize=350%2C200&ssl=1 1x, https:\/\/i0.wp.com\/blog.sub.uni-hamburg.de\/wp-content\/uploads\/2020\/10\/StayHome.png?resize=525%2C300&ssl=1 1.5x"},"classes":[]},{"id":32396,"url":"https:\/\/blog.sub.uni-hamburg.de\/?p=32396","url_meta":{"origin":410,"position":1},"title":"\u00d6ffnungszeiten und Serviceangebote zum Jahreswechsel","author":"ST","date":"17-12-21","format":false,"excerpt":"Die Stabi bleibt von Fr, 24.12. bis So, 26.12.2021 und Fr, 31.12.2021 bis So, 2.1.2022 geschlossen. Die virtuelle Stabi bleibt durchgehend ge\u00f6ffnet. Bitte beachten Sie: Zugang zur Ausleihe ab 20.12.21 generell nur noch mit 3G-Nachweis Der Senat hat eine weitere Anpassung der Eind\u00e4mmungsverordnung an die epidemische Lage beschlossen. Ab Mo.\u2026","rel":"","context":"In &quot;Aktuelles&quot;","block_context":{"text":"Aktuelles","link":"https:\/\/blog.sub.uni-hamburg.de\/?cat=1"},"img":{"alt_text":"","src":"https:\/\/i0.wp.com\/blog.sub.uni-hamburg.de\/wp-content\/uploads\/2021\/12\/Bambi2021-300x300.jpeg?resize=350%2C200&ssl=1","width":350,"height":200},"classes":[]},{"id":23037,"url":"https:\/\/blog.sub.uni-hamburg.de\/?p=23037","url_meta":{"origin":410,"position":2},"title":"Unsere \u00d6ffnungs- und Servicezeiten w\u00e4hrend des G20-Gipfels","author":"Markus Trapp","date":"05-07-17","format":false,"excerpt":"Aufgrund des anstehenden G20-Gipfels am 07. und 08.07.2017 und der im Umfeld stattfindenden Demonstrationen werden nicht alle Mitarbeiterinnen und Mitarbeiter der Stabi ihren Dienst antreten k\u00f6nnen. Daher wird es zu zeitweisen Einschr\u00e4nkungen des Service kommen. Die \u00d6ffnungszeiten bleiben unver\u00e4ndert: Freitag, 07.07.: 09:00-24:00 Uhr Samstag, 08.07. 10:00-24:00 Uhr In folgenden Bereichen\u2026","rel":"","context":"In &quot;Aktuelles&quot;","block_context":{"text":"Aktuelles","link":"https:\/\/blog.sub.uni-hamburg.de\/?cat=1"},"img":{"alt_text":"Stabi Hamburg","src":"https:\/\/i0.wp.com\/blog.sub.uni-hamburg.de\/wp-content\/uploads\/2017\/07\/Stabi-Fassade-web-300x186.jpg?resize=350%2C200&ssl=1","width":350,"height":200},"classes":[]},{"id":8504,"url":"https:\/\/blog.sub.uni-hamburg.de\/?p=8504","url_meta":{"origin":410,"position":3},"title":"Aktualisierung Ausleihsystem: 3. &#8211; 6.8. Ausleihzentrum geschlossen, Benutzungseinschr\u00e4nkungen, keine Bestellungen und Ausleihen","author":"Markus Trapp","date":"12-07-12","format":false,"excerpt":"Sie kennen das: so wie ab und an das Betriebssystem des eigenen Computers auf den neuesten Stand gebracht werden muss, bedarf auch die Software unseres Ausleihsystems einer dringend notwendigen Aktualisierung. Die Stabi wird das von Freitag, 3. August, bis Dienstag, 7. August 2012 in Angriff nehmen und spielt eine neue\u2026","rel":"","context":"In &quot;Baustelle Stabi&quot;","block_context":{"text":"Baustelle Stabi","link":"https:\/\/blog.sub.uni-hamburg.de\/?cat=10"},"img":{"alt_text":"Bitte beachten Sie!","src":"https:\/\/i0.wp.com\/blog.sub.uni-hamburg.de\/wp-content\/uploads\/2010\/06\/ausrufezeichen.jpg?resize=350%2C200&ssl=1","width":350,"height":200},"classes":[]},{"id":4558,"url":"https:\/\/blog.sub.uni-hamburg.de\/?p=4558","url_meta":{"origin":410,"position":4},"title":"Stabi: Karfreitag bis Ostermontag geschlossen","author":"ST","date":"06-04-11","format":false,"excerpt":"Von Karfreitag, den 22.4. bis Ostermontag, den 25.4.2011, bleibt die Stabi geschlossen. Die Bestellm\u00f6glichkeit \u00fcber den Campus-Katalog bleibt w\u00e4hrend der gesamten Zeit erhalten. Allerdings kann es anschlie\u00dfend in Einzelf\u00e4llen zu verz\u00f6gerten Bereitstellungsfristen kommen. F\u00fcr Bestellungen aus der Speicherbibliothek Bergedorf gilt: ab Donnerstag, den 21.4., nach 9 Uhr bestellt, liegen die\u2026","rel":"","context":"In &quot;Aktuelles&quot;","block_context":{"text":"Aktuelles","link":"https:\/\/blog.sub.uni-hamburg.de\/?cat=1"},"img":{"alt_text":"","src":"https:\/\/i0.wp.com\/blog.sub.uni-hamburg.de\/wp-content\/uploads\/2011\/04\/ostergruss2011.jpg?resize=350%2C200&ssl=1","width":350,"height":200},"classes":[]},{"id":7442,"url":"https:\/\/blog.sub.uni-hamburg.de\/?p=7442","url_meta":{"origin":410,"position":5},"title":"Stabi: Karfreitag bis Ostermontag geschlossen","author":"ST","date":"23-03-12","format":false,"excerpt":"Von Karfreitag, den 6.4. bis Ostermontag, den 9.4.2012, bleibt die Stabi geschlossen. Die Bestellm\u00f6glichkeit \u00fcber den Campus-Katalog bleibt w\u00e4hrend der gesamten Zeit erhalten. Allerdings kann es anschlie\u00dfend in Einzelf\u00e4llen zu verz\u00f6gerten Bereitstellungsfristen kommen. F\u00fcr Bestellungen aus der Speicherbibliothek Hamburg gilt: ab Donnerstag, den 5.4., nach 9 Uhr bestellt, liegen die\u2026","rel":"","context":"In &quot;Aktuelles&quot;","block_context":{"text":"Aktuelles","link":"https:\/\/blog.sub.uni-hamburg.de\/?cat=1"},"img":{"alt_text":"","src":"https:\/\/i0.wp.com\/blog.sub.uni-hamburg.de\/wp-content\/uploads\/2012\/03\/stabiblog-ostern-2012.jpg?resize=350%2C200&ssl=1","width":350,"height":200},"classes":[]}],"jetpack_sharing_enabled":true,"_links":{"self":[{"href":"https:\/\/blog.sub.uni-hamburg.de\/index.php?rest_route=\/wp\/v2\/posts\/410","targetHints":{"allow":["GET"]}}],"collection":[{"href":"https:\/\/blog.sub.uni-hamburg.de\/index.php?rest_route=\/wp\/v2\/posts"}],"about":[{"href":"https:\/\/blog.sub.uni-hamburg.de\/index.php?rest_route=\/wp\/v2\/types\/post"}],"author":[{"embeddable":true,"href":"https:\/\/blog.sub.uni-hamburg.de\/index.php?rest_route=\/wp\/v2\/users\/6"}],"replies":[{"embeddable":true,"href":"https:\/\/blog.sub.uni-hamburg.de\/index.php?rest_route=%2Fwp%2Fv2%2Fcomments&post=410"}],"version-history":[{"count":0,"href":"https:\/\/blog.sub.uni-hamburg.de\/index.php?rest_route=\/wp\/v2\/posts\/410\/revisions"}],"wp:attachment":[{"href":"https:\/\/blog.sub.uni-hamburg.de\/index.php?rest_route=%2Fwp%2Fv2%2Fmedia&parent=410"}],"wp:term":[{"taxonomy":"category","embeddable":true,"href":"https:\/\/blog.sub.uni-hamburg.de\/index.php?rest_route=%2Fwp%2Fv2%2Fcategories&post=410"},{"taxonomy":"post_tag","embeddable":true,"href":"https:\/\/blog.sub.uni-hamburg.de\/index.php?rest_route=%2Fwp%2Fv2%2Ftags&post=410"}],"curies":[{"name":"wp","href":"https:\/\/api.w.org\/{rel}","templated":true}]}}