{"id":40819,"date":"2025-09-23T08:00:36","date_gmt":"2025-09-23T06:00:36","guid":{"rendered":"https:\/\/blog.sub.uni-hamburg.de\/?p=40819"},"modified":"2025-10-09T20:35:38","modified_gmt":"2025-10-09T18:35:38","slug":"vortrag-wilfried-weinke-der-fotograf-max-halberstadt-9-10","status":"publish","type":"post","link":"https:\/\/blog.sub.uni-hamburg.de\/?p=40819","title":{"rendered":"Vortrag Wilfried Weinke: Der Fotograf Max Halberstadt (9.10.)"},"content":{"rendered":"<p><strong>Donnerstag, 9.10., 18 Uhr, Vortragsraum.<\/strong><\/p>\n<p><a href=\"https:\/\/blog.sub.uni-hamburg.de\/wp-content\/uploads\/2025\/09\/Max-Halberstadt-gr-scaled.jpg\"><img loading=\"lazy\" decoding=\"async\" data-attachment-id=\"40820\" data-permalink=\"https:\/\/blog.sub.uni-hamburg.de\/?attachment_id=40820\" data-orig-file=\"https:\/\/blog.sub.uni-hamburg.de\/wp-content\/uploads\/2025\/09\/Max-Halberstadt-gr-scaled.jpg\" data-orig-size=\"1871,2560\" data-comments-opened=\"1\" data-image-meta=\"{&quot;aperture&quot;:&quot;0&quot;,&quot;credit&quot;:&quot;&quot;,&quot;camera&quot;:&quot;&quot;,&quot;caption&quot;:&quot;&quot;,&quot;created_timestamp&quot;:&quot;0&quot;,&quot;copyright&quot;:&quot;&quot;,&quot;focal_length&quot;:&quot;0&quot;,&quot;iso&quot;:&quot;0&quot;,&quot;shutter_speed&quot;:&quot;0&quot;,&quot;title&quot;:&quot;&quot;,&quot;orientation&quot;:&quot;0&quot;}\" data-image-title=\"Max-Halberstadt-gr\" data-image-description=\"\" data-image-caption=\"\" data-large-file=\"https:\/\/blog.sub.uni-hamburg.de\/wp-content\/uploads\/2025\/09\/Max-Halberstadt-gr-748x1024.jpg\" src=\"https:\/\/blog.sub.uni-hamburg.de\/wp-content\/uploads\/2025\/09\/Max-Halberstadt-gr-219x300.jpg\" alt=\"Der Fotograf Max Halberstadt\" title=\"Der Fotograf Max Halberstadt\" width=\"219\" height=\"300\" class=\"alignright size-medium wp-image-40820\" srcset=\"https:\/\/blog.sub.uni-hamburg.de\/wp-content\/uploads\/2025\/09\/Max-Halberstadt-gr-219x300.jpg 219w, https:\/\/blog.sub.uni-hamburg.de\/wp-content\/uploads\/2025\/09\/Max-Halberstadt-gr-748x1024.jpg 748w, https:\/\/blog.sub.uni-hamburg.de\/wp-content\/uploads\/2025\/09\/Max-Halberstadt-gr-110x150.jpg 110w, https:\/\/blog.sub.uni-hamburg.de\/wp-content\/uploads\/2025\/09\/Max-Halberstadt-gr-768x1051.jpg 768w, https:\/\/blog.sub.uni-hamburg.de\/wp-content\/uploads\/2025\/09\/Max-Halberstadt-gr-1123x1536.jpg 1123w, https:\/\/blog.sub.uni-hamburg.de\/wp-content\/uploads\/2025\/09\/Max-Halberstadt-gr-1497x2048.jpg 1497w, https:\/\/blog.sub.uni-hamburg.de\/wp-content\/uploads\/2025\/09\/Max-Halberstadt-gr-scaled.jpg 1871w\" sizes=\"auto, (max-width: 219px) 100vw, 219px\" \/><\/a> Er war nicht nur der Schwiegersohn von Sigmund Freud, sondern auch dessen auserw\u00e4hlter Portr\u00e4tist. Max Halberstadt, der geb\u00fcrtige Hamburger j\u00fcdischer Herkunft, musste nach der Macht\u00fcbertragung an die Nationalsozialisten sein Atelier am Neuen Wall verkaufen. 1936 gelang ihm die Emigration nach S\u00fcdafrika. Nach seinem fr\u00fchen Tod 1940 geriet er in Vergessenheit. Seine Fotos allerdings werden bis heute genutzt, allzu oft ohne den Urheber zu benennen. <\/p>\n<p>Nach seiner vielbeachteten Ausstellung im Museum f\u00fcr Hamburgische Geschichte 2021\/22 ver\u00f6ffentlichte <strong>Wilfried Weinke<\/strong> nun eine reich illustrierte <a href=\"https:\/\/www.hirmerverlag.de\/de\/titel-1-1\/max_halberstadt-2689\/\">Monografie<\/a>, in der das Leben des Fotografen und die unterschiedlichen Facetten seines Oeuvres gew\u00fcrdigt werden. In Wort und Bild stellt der Autor seine Recherchen zu Max Halberstadt vor und ordnet ihn in die Hamburger Fotogeschichte ein.<\/p>\n<p>Eine Veranstaltung des <a href=\"https:\/\/www.vfhg.de\/\">Vereins f\u00fcr Hamburgische Geschichte<\/a> in Kooperation mit der Staats- und Universit\u00e4tsbibliothek Hamburg. Der Eintritt ist frei.<\/p>\n","protected":false},"excerpt":{"rendered":"<p>Donnerstag, 9.10., 18 Uhr, Vortragsraum. Er war nicht nur der Schwiegersohn von Sigmund Freud, sondern auch dessen auserw\u00e4hlter Portr\u00e4tist. Max Halberstadt, der geb\u00fcrtige Hamburger j\u00fcdischer Herkunft, musste nach der Macht\u00fcbertragung an die Nationalsozialisten sein Atelier am Neuen Wall verkaufen. 1936 gelang ihm die Emigration nach S\u00fcdafrika. Nach seinem fr\u00fchen Tod 1940 geriet er in Vergessenheit. [&hellip;]<\/p>\n","protected":false},"author":19,"featured_media":0,"comment_status":"open","ping_status":"open","sticky":false,"template":"","format":"standard","meta":{"jetpack_post_was_ever_published":false,"_jetpack_newsletter_access":"","_jetpack_dont_email_post_to_subs":false,"_jetpack_newsletter_tier_id":0,"_jetpack_memberships_contains_paywalled_content":false,"_jetpack_memberships_contains_paid_content":false,"footnotes":"","jetpack_publicize_message":"","jetpack_publicize_feature_enabled":true,"jetpack_social_post_already_shared":true,"jetpack_social_options":{"image_generator_settings":{"template":"highway","default_image_id":0,"font":"","enabled":false},"version":2}},"categories":[9],"tags":[],"class_list":["post-40819","post","type-post","status-publish","format-standard","hentry","category-ausstellungen"],"views":650,"jetpack_publicize_connections":[],"jetpack_featured_media_url":"","jetpack_shortlink":"https:\/\/wp.me\/p7hfNR-aCn","jetpack-related-posts":[{"id":40279,"url":"https:\/\/blog.sub.uni-hamburg.de\/?p=40279","url_meta":{"origin":40819,"position":0},"title":"Vortrag: Leben und Werk des Fotografen Max Halberstadt (26.5.)","author":"Markus Trapp","date":"14-05-25","format":false,"excerpt":"Montag, 26.5., 19 Uhr, Vortragsraum. Die ausdrucksstarken Fotografien von seinem Schwiegervater Sigmund Freud haben ikonischen Charakter, sind weltbekannt und werden bis heute genutzt. Der Name des Fotografen wird jedoch allzu oft unterschlagen: Max Halberstadt, einer der bekanntesten Portr\u00e4tfotografen Hamburgs. Als Jude floh er 1936 nach S\u00fcdafrika. In einer abwechslungsreichen Text-Bild-Collage\u2026","rel":"","context":"In &quot;Ausstellungen und Veranstaltungen&quot;","block_context":{"text":"Ausstellungen und Veranstaltungen","link":"https:\/\/blog.sub.uni-hamburg.de\/?cat=9"},"img":{"alt_text":"Der Fotograf Max Halberstadt","src":"https:\/\/i0.wp.com\/blog.sub.uni-hamburg.de\/wp-content\/uploads\/2025\/05\/Max_Halberstadt.jpg?resize=350%2C200&ssl=1","width":350,"height":200},"classes":[]},{"id":19146,"url":"https:\/\/blog.sub.uni-hamburg.de\/?p=19146","url_meta":{"origin":40819,"position":1},"title":"Buchstiftung an das Leo Baeck Institut","author":"Redaktion","date":"07-12-15","format":false,"excerpt":"Von Anna v. Villiez Am 27.11. konnten wir ein Buch an das Berlin Archiv des traditionsreichen Leo Baeck Institutes mit Hauptsitz in New York \u00fcbergeben. Es handelte sich um \u201eDie f\u00fcnf B\u00fccher Moses\u201c, den so genannten Pentateuch, in einer Ausgabe von 1914. Das religi\u00f6se Standardwerk war als Gestapozugang 1943 in\u2026","rel":"","context":"In &quot;Aktuelles&quot;","block_context":{"text":"Aktuelles","link":"https:\/\/blog.sub.uni-hamburg.de\/?cat=1"},"img":{"alt_text":"","src":"https:\/\/i0.wp.com\/blog.sub.uni-hamburg.de\/wp-content\/uploads\/2015\/12\/1_Villiez_Kesting_Pomm-kl.jpg?resize=350%2C200&ssl=1","width":350,"height":200,"srcset":"https:\/\/i0.wp.com\/blog.sub.uni-hamburg.de\/wp-content\/uploads\/2015\/12\/1_Villiez_Kesting_Pomm-kl.jpg?resize=350%2C200&ssl=1 1x, https:\/\/i0.wp.com\/blog.sub.uni-hamburg.de\/wp-content\/uploads\/2015\/12\/1_Villiez_Kesting_Pomm-kl.jpg?resize=525%2C300&ssl=1 1.5x"},"classes":[]},{"id":35887,"url":"https:\/\/blog.sub.uni-hamburg.de\/?p=35887","url_meta":{"origin":40819,"position":2},"title":"Vortrag und Lesung: Ein Mann liest Zeitung. Der Grindel-Autor Justin Steinfeld (31.5.)","author":"Markus Trapp","date":"17-05-23","format":false,"excerpt":"Mittwoch, 31.5., 19 Uhr, Vortragsraum. F\u00fcr Justin Steinfeld war Hamburg sein Zuhause und der Grindel sein Kiez. Bis zu seiner erzwungenen Emigration lebte der Journalist in der Hallerstra\u00dfe. Heute ist Steinfeld in Vergessenheit geraten. 2020 gab der Literaturwissenschaftler Wilfried Weinke Steinfelds im Exil verfassten Roman \u201eEin Mann liest Zeitung\u201c in\u2026","rel":"","context":"In &quot;Ausstellungen und Veranstaltungen&quot;","block_context":{"text":"Ausstellungen und Veranstaltungen","link":"https:\/\/blog.sub.uni-hamburg.de\/?cat=9"},"img":{"alt_text":"Justin Steinfeld","src":"https:\/\/i0.wp.com\/blog.sub.uni-hamburg.de\/wp-content\/uploads\/2023\/05\/Justin-Steinfeld.jpg?resize=350%2C200&ssl=1","width":350,"height":200},"classes":[]},{"id":12054,"url":"https:\/\/blog.sub.uni-hamburg.de\/?p=12054","url_meta":{"origin":40819,"position":3},"title":"Vortragsabende zur Ausstellung B\u00fccherverbrennung (28.6.)","author":"Markus Trapp","date":"06-06-13","format":false,"excerpt":"Zur Ausstellung \u201eWo man B\u00fccher verbrennt\u2026\u201c (Verbrannte B\u00fccher, verbannte und ermordete Autoren Hamburgs), die bis zum 28.Juni (Mo bis Fr, 10-18 Uhr) im Lichthof zu sehen ist, gibt es auch eine begleitende Reihe von Vortragsabenden. Im Monat Juni 2013 findet jeden Freitag um 19 Uhr eine die Ausstellung begleitende Veranstaltung\u2026","rel":"","context":"In &quot;Ausstellungen und Veranstaltungen&quot;","block_context":{"text":"Ausstellungen und Veranstaltungen","link":"https:\/\/blog.sub.uni-hamburg.de\/?cat=9"},"img":{"alt_text":"Rahmenprogramm der Ausstellung B\u00fccherverbrennung","src":"https:\/\/i0.wp.com\/blog.sub.uni-hamburg.de\/wp-content\/uploads\/2013\/04\/buecherverbr-det.gif?resize=350%2C200&ssl=1","width":350,"height":200},"classes":[]},{"id":11741,"url":"https:\/\/blog.sub.uni-hamburg.de\/?p=11741","url_meta":{"origin":40819,"position":4},"title":"\u201eWo man B\u00fccher verbrennt\u2026\u201c Verbrannte B\u00fccher, verbannte und ermordete Autoren Hamburgs (15.5.-28.6.)","author":"Markus Trapp","date":"29-04-13","format":false,"excerpt":"Am 10. Mai j\u00e4hrt sich zum achtzigsten Mal die B\u00fccherverbrennung der Nationalsozialisten. Die von der \u201eDeutschen Studentenschaft\u201c reichsweit organisierte Aktion \u201eWider den undeutschen Geist\u201c gipfelte in der \u00f6ffentlich inszenierten Verbrennung von B\u00fcchern missliebiger Autoren. Die Scheiterhaufen waren Fanale, die die vollkommene Beseitigung jeder demokratischen und freiheitlichen Kultur in Deutschland zum\u2026","rel":"","context":"In &quot;Ausstellungen und Veranstaltungen&quot;","block_context":{"text":"Ausstellungen und Veranstaltungen","link":"https:\/\/blog.sub.uni-hamburg.de\/?cat=9"},"img":{"alt_text":"Wo man B\u00fccher verbrennt\u2026","src":"https:\/\/i0.wp.com\/blog.sub.uni-hamburg.de\/wp-content\/uploads\/2013\/04\/buecherverbrennung.jpg?resize=350%2C200&ssl=1","width":350,"height":200,"srcset":"https:\/\/i0.wp.com\/blog.sub.uni-hamburg.de\/wp-content\/uploads\/2013\/04\/buecherverbrennung.jpg?resize=350%2C200&ssl=1 1x, https:\/\/i0.wp.com\/blog.sub.uni-hamburg.de\/wp-content\/uploads\/2013\/04\/buecherverbrennung.jpg?resize=525%2C300&ssl=1 1.5x"},"classes":[]},{"id":20928,"url":"https:\/\/blog.sub.uni-hamburg.de\/?p=20928","url_meta":{"origin":40819,"position":5},"title":"Der Schriftsteller und Journalist Heinz Liepman (5.10.)","author":"Markus Trapp","date":"12-09-16","format":false,"excerpt":"Wilfried Weinke: \u201eIch werde vielleicht sp\u00e4ter einmal Einflu\u00df zu gewinnen suchen\u2026\u201c \u2013 Der Schriftsteller und Journalist Heinz Liepman (1905-1966) Mittwoch, 5. Oktober 2016, 18 Uhr Ort: Vortragsraum, 1. Etage. Eintritt frei. Heinz Liepman, der bis 1933 in Hamburg lebte, ist heute ein fast vergessener Autor, obwohl er sich schon vor\u2026","rel":"","context":"In &quot;Ausstellungen und Veranstaltungen&quot;","block_context":{"text":"Ausstellungen und Veranstaltungen","link":"https:\/\/blog.sub.uni-hamburg.de\/?cat=9"},"img":{"alt_text":"","src":"https:\/\/i0.wp.com\/blog.sub.uni-hamburg.de\/wp-content\/uploads\/2016\/09\/Liepman-Remarque.jpg?resize=350%2C200&ssl=1","width":350,"height":200,"srcset":"https:\/\/i0.wp.com\/blog.sub.uni-hamburg.de\/wp-content\/uploads\/2016\/09\/Liepman-Remarque.jpg?resize=350%2C200&ssl=1 1x, https:\/\/i0.wp.com\/blog.sub.uni-hamburg.de\/wp-content\/uploads\/2016\/09\/Liepman-Remarque.jpg?resize=525%2C300&ssl=1 1.5x"},"classes":[]}],"jetpack_sharing_enabled":true,"_links":{"self":[{"href":"https:\/\/blog.sub.uni-hamburg.de\/index.php?rest_route=\/wp\/v2\/posts\/40819","targetHints":{"allow":["GET"]}}],"collection":[{"href":"https:\/\/blog.sub.uni-hamburg.de\/index.php?rest_route=\/wp\/v2\/posts"}],"about":[{"href":"https:\/\/blog.sub.uni-hamburg.de\/index.php?rest_route=\/wp\/v2\/types\/post"}],"author":[{"embeddable":true,"href":"https:\/\/blog.sub.uni-hamburg.de\/index.php?rest_route=\/wp\/v2\/users\/19"}],"replies":[{"embeddable":true,"href":"https:\/\/blog.sub.uni-hamburg.de\/index.php?rest_route=%2Fwp%2Fv2%2Fcomments&post=40819"}],"version-history":[{"count":3,"href":"https:\/\/blog.sub.uni-hamburg.de\/index.php?rest_route=\/wp\/v2\/posts\/40819\/revisions"}],"predecessor-version":[{"id":40823,"href":"https:\/\/blog.sub.uni-hamburg.de\/index.php?rest_route=\/wp\/v2\/posts\/40819\/revisions\/40823"}],"wp:attachment":[{"href":"https:\/\/blog.sub.uni-hamburg.de\/index.php?rest_route=%2Fwp%2Fv2%2Fmedia&parent=40819"}],"wp:term":[{"taxonomy":"category","embeddable":true,"href":"https:\/\/blog.sub.uni-hamburg.de\/index.php?rest_route=%2Fwp%2Fv2%2Fcategories&post=40819"},{"taxonomy":"post_tag","embeddable":true,"href":"https:\/\/blog.sub.uni-hamburg.de\/index.php?rest_route=%2Fwp%2Fv2%2Ftags&post=40819"}],"curies":[{"name":"wp","href":"https:\/\/api.w.org\/{rel}","templated":true}]}}